{"id":372421,"date":"2018-04-17T00:01:37","date_gmt":"2018-04-17T05:01:37","guid":{"rendered":"http:\/\/www.diarioimagen.net\/?p=372421"},"modified":"2018-04-17T01:36:40","modified_gmt":"2018-04-17T06:36:40","slug":"tras-el-voto-taxista","status":"publish","type":"post","link":"https:\/\/www.diarioimagen.net\/?p=372421","title":{"rendered":"Tras el voto taxista"},"content":{"rendered":"<h2>Derecho de r\u00e9plica<\/h2>\n<h5>Yolanda Montalvo<\/h5>\n<p>&nbsp;<\/p>\n<p>El asunto de la consulta p\u00fablica sobre las aplicaciones de servicio de transporte, propuesta para realizarse el 1 de julio, d\u00eda de las elecciones en M\u00e9xico, ya se convirti\u00f3 en un verdadero merequetengue, s\u00ed, como dec\u00eda <em>Clavillazo<\/em> \u201cla cosa es calmada\u201d, pues los ciudadanos tienen derecho a externar su opini\u00f3n sobre el asunto; empero, a\u00fan faltar\u00eda afinar la legislaci\u00f3n estatal al respecto.<\/p>\n<p>Por una parte, est\u00e1 el gremio taxista, quien amenaza con desestabilizar al estado si la consulta se realiza, y pusieron a la venta su voto al candidato que les ofrezca apoyo para impedirla.<\/p>\n<p>Por otro lado, la consulta solicitada por el gobierno estatal tiene que ser acompa\u00f1ada por la aprobaci\u00f3n de la Ley de Movilidad de Quintana Roo, asunto que, por cierto, dej\u00f3 tirado en el Congreso local el diputado con licencia y candidato de la alianza \u201cPor Quintana Roo al Frente\u201d a la presidencia municipal de Oth\u00f3n P. Blanco, Fernando Zelaya, quien ahora anda muy ocupado en campa\u00f1a y, dice el runr\u00fan entre los taxistas, pese a eso de promover la entrada de aplicaciones para el transporte de pasajeros por particulares, ya se gan\u00f3 (\u00bf$$$?) el apoyo del l\u00edder del SUCHAA, Sergio Cetina Valle, de quien dicen las lenguas viperinas en el gremio taxista, no conf\u00edan. \u00a1Sopas perico judas!<\/p>\n<p>Para calmar los \u00e1nimos, ayer, el secretario de Gobierno del estado, Francisco L\u00f3pez Mena, se reuni\u00f3 con cada uno de los l\u00edderes taxistas, para pedirles cordura; sin embargo, m\u00e1s tarde, los martillos realizaron una reuni\u00f3n donde se mantienen en lo dicho; empero, se les olvida que los taxistas comen gracias a la industria tur\u00edstica y que cualquier afectaci\u00f3n a la movilidad del estado, da\u00f1ar\u00e1 la imagen del destino m\u00e1s importante del pa\u00eds.<\/p>\n<p style=\"text-align: center;\"><strong>La abusada<\/strong><\/p>\n<p>La que, se nota anda queriendo quedar bien con los taxistas y aprovechar la oferta de los agremiados a ese sindicato de \u201cdar el apoyo electoral al candidato que los respalde en contra de la consulta p\u00fablica\u201d, es la candidata a senadora por Morena (partido que, ya no se sabe, si van o no van, en coalici\u00f3n con el PT y el PES), Marybel Villegas Canch\u00e9,\u00a0quien se opone a que incluya en la fecha de elecci\u00f3n una consulta p\u00fablica. \u00a1Que fuerte! Seguro todo se dar\u00e1 marcha atr\u00e1s para darle gusto a la candidata. \u00a1Que no Mouse Mickey!<\/p>\n<p>Empero, la posici\u00f3n de Marybel Villegas es contraria a lo que su nuevo amo, el <em>Peje<\/em> pregona, pues, Andr\u00e9s Manuel L\u00f3pez Obrador est\u00e1 a favor de que se consulte a los ciudadanos para todo, pero bueno, la oferta de recibir el apoyo de los taxistas es tentadora y los \u201cprincipios\u201d partidarios pueden esperar. \u00a1Abuelita tus chanclitas!<\/p>\n<p style=\"text-align: center;\"><strong>Los asustados<\/strong><\/p>\n<p>Todo parece indicar que a los de Morena les preocupa lo que opina el moreno Ra\u00fal Arjona Burgos, quien asegur\u00f3 que har\u00e1 campa\u00f1a, pero, en contra de la candidata de Movimiento de Regeneraci\u00f3n Nacional a la presidencia municipal de Benito Ju\u00e1rez Canc\u00fan, Mara Lezama, por considerar que su designaci\u00f3n no fue legal, pues se desviven en aclaraciones y lanzan diatribas contra los morenos rijosos e inconformes y de una bola de ardidos no los bajan, jijijijiji.<\/p>\n<p>Contra la abanderada a la alcald\u00eda de Canc\u00fan por Morena, tambi\u00e9n existen otros que le quieren hacer sombra, pues en el PES, supuestos aliados del partido del <em>Peje<\/em>, tambi\u00e9n les dieron la espalda y les jugar\u00e1n las contras, pues Gregorio S\u00e1nchez Mart\u00ednez, a producto de gallina, inscribi\u00f3 a su esposa, la cubana Niurka S\u00e1liva, como aspirante a la presidencia municipal de Benito Ju\u00e1rez y aunque el IEQROO y el TEQROO les dieron una negativa, no es de esperar que los <em>PESes<\/em> enrollen la cola y se pongan a hacer campa\u00f1a en favor de Mara Lezama.<\/p>\n<p style=\"text-align: center;\"><strong>Las mentiras y las encuestas<\/strong><\/p>\n<p>Bien dice el dicho que existen las mentiras, las malditas mentiras y las encuestas, empero, a\u00fan as\u00ed, los candidatos y sus partidos pretenden sorprender a los ciudadanos y difunden encuestas, donde, dependiendo de qui\u00e9n las pague, ese es el que va a la cabeza.<\/p>\n<p>A\u00fan no inician las campa\u00f1as pol\u00edticas y ya circulan datos \u201cestad\u00edsticos\u201d, sacados de una muestra de 500 personas, cifra rid\u00edcula, si se toma en cuenta que la poblaci\u00f3n, tan s\u00f3lo en Canc\u00fan, es de casi un mill\u00f3n de habitantes, donde ponen a los abanderados de Morena al frente, pero, si bien el efecto <em>Peje<\/em> les dar\u00e1 un buen empuj\u00f3n, la carrera a\u00fan no inicia y todo puede pasar.<\/p>\n<p>En el 2016, qued\u00f3 demostrado que las encuestas #apantallaingenuos, no son el reflejo de la realidad y que est\u00e1n m\u00e1s manoseadas que una prima que tengo en Michoac\u00e1n, jijiji. \u00a0Pero, los equipos de campa\u00f1a de los candidatos, que como dice Meave \u201cno\u2019mbre, son unos genios\u201d, creen que con circular n\u00fameros a su favor, lograr\u00e1n atraer el voto \u00fatil, pero se\u00f1ores, ese anzuelo ya no lo muerde el votante.<\/p>\n<p style=\"text-align: center;\"><strong>Se suspende Presidente por un D\u00eda<\/strong><\/p>\n<p>Por una mala planeaci\u00f3n e improvisaci\u00f3n de funcionarios en puestos p\u00fablicos, que no responden a las expectativas ciudadanas, as\u00ed como la falta de recursos, propici\u00f3 que se cancelara el evento Presidente por un D\u00eda, mismo que estaba programado para celebrarse la pr\u00f3xima semana; empero, se cancel\u00f3 por supuesta veda electoral, lo cual es mentira, la culpa fue de quien lo program\u00f3 en esas fechas. Como dice Meave, \u201cNo\u2019mbre, son unos genios\u201d, jijiji.<\/p>\n<p style=\"text-align: center;\"><strong>PES va con Valencia Card\u00edn<\/strong><\/p>\n<p>El polifac\u00e9tico pol\u00edtico, ex diputado Manuel Valencia Card\u00edn, ser\u00e1 el candidato del Partido Encuentro Social a la alcald\u00eda de Oth\u00f3n P. Blanco, seg\u00fan, por traer una \u201climpia\u201d trayectoria pol\u00edtica, sumada a la rentabilidad electoral, fueron determinantes para postularle, seg\u00fan inform\u00f3 el representante del PES ante el Consejo General del Instituto Electoral de Quintana Roo, Octavio Gonz\u00e1lez Ramos, quien indic\u00f3 que el potencial candidato es garant\u00eda de triunfo, ya que adem\u00e1s goza del supuesto respaldo de los diversos grupos pol\u00edticos del sur de Quintana Roo. \u00bfser\u00e1?, Naaaaa.<\/p>\n<p style=\"text-align: center;\"><strong>\u00bfQu\u00e9 es un senador?<\/strong><\/p>\n<p>Que alguien le conteste esa inc\u00f3gnita al candidato en la segunda f\u00f3rmula de la coalici\u00f3n \u201cPor Quintana Roo al Frente\u201d, Juli\u00e1n Ricalde Maga\u00f1a, pues el pobre anda regando el tepache en campa\u00f1a, no tiene ni &#8230;tantita \u2026idea de qu\u00e9 es ser senador.<\/p>\n<p>Con el argumento de que el estado ha perdido representaci\u00f3n\u00a0y protagonismo pol\u00edtico en el Senado de la Rep\u00fablica, se present\u00f3 ante los medios de comunicaci\u00f3n de Chetumal Ricalde Maga\u00f1a y asegur\u00f3, de manera equivocada, que, tanto en el Congreso de la Uni\u00f3n, como en el Senado, en ninguna ocasi\u00f3n se ha ganado por la v\u00eda de mayor\u00eda relativa.<\/p>\n<p>Ignora el ex alcalde que el Senado es parte del Congreso de la Uni\u00f3n, integrado por la C\u00e1mara alta (128 senadores) y la C\u00e1mara baja (500 diputados federales) y que son tres senadores que ganan por el voto directo, es decir, dos que integran la primera f\u00f3rmula y el primero de la f\u00f3rmula que, por votaci\u00f3n, queda en segundo lugar y un tercero plurinominal.<\/p>\n<p>Ricalde asegura que el electorado desconoce qui\u00e9nes son sus representantes en el Senado y, mucho menos, como llegaron ah\u00ed\u2026 bueno, \u00e9l tampoco sabe. Tant\u00e1n.<\/p>\n<p>&nbsp;<\/p>\n<blockquote><p>Recibo informaci\u00f3n, comentarios, denuncias, r\u00e9plicas y balconeadas, etc. al mail: <em><a href=\"mailto:yolandamontalvoh@gmail.com\" target=\"_blank\" rel=\"noopener noreferrer\">yolandamontalvoh@gmail.com<\/a><\/em><\/p><\/blockquote>\n","protected":false},"excerpt":{"rendered":"<p><span style=\"color: #005497;\"><strong>Yolanda Montalvo<\/strong><\/span><\/p>\n","protected":false},"author":3,"featured_media":0,"comment_status":"open","ping_status":"open","sticky":false,"template":"","format":"standard","meta":{"_monsterinsights_skip_tracking":false,"_monsterinsights_sitenote_active":false,"_monsterinsights_sitenote_note":"","_monsterinsights_sitenote_category":0,"footnotes":""},"categories":[55237],"tags":[47840,43674,47841],"class_list":["post-372421","post","type-post","status-publish","format-standard","hentry","category-yolanda-montalvo","tag-derecho-de-replica","tag-opinion","tag-yolanda-montalvo"],"_links":{"self":[{"href":"https:\/\/www.diarioimagen.net\/index.php?rest_route=\/wp\/v2\/posts\/372421","targetHints":{"allow":["GET"]}}],"collection":[{"href":"https:\/\/www.diarioimagen.net\/index.php?rest_route=\/wp\/v2\/posts"}],"about":[{"href":"https:\/\/www.diarioimagen.net\/index.php?rest_route=\/wp\/v2\/types\/post"}],"author":[{"embeddable":true,"href":"https:\/\/www.diarioimagen.net\/index.php?rest_route=\/wp\/v2\/users\/3"}],"replies":[{"embeddable":true,"href":"https:\/\/www.diarioimagen.net\/index.php?rest_route=%2Fwp%2Fv2%2Fcomments&post=372421"}],"version-history":[{"count":0,"href":"https:\/\/www.diarioimagen.net\/index.php?rest_route=\/wp\/v2\/posts\/372421\/revisions"}],"wp:attachment":[{"href":"https:\/\/www.diarioimagen.net\/index.php?rest_route=%2Fwp%2Fv2%2Fmedia&parent=372421"}],"wp:term":[{"taxonomy":"category","embeddable":true,"href":"https:\/\/www.diarioimagen.net\/index.php?rest_route=%2Fwp%2Fv2%2Fcategories&post=372421"},{"taxonomy":"post_tag","embeddable":true,"href":"https:\/\/www.diarioimagen.net\/index.php?rest_route=%2Fwp%2Fv2%2Ftags&post=372421"}],"curies":[{"name":"wp","href":"https:\/\/api.w.org\/{rel}","templated":true}]}}