{"id":372428,"date":"2018-04-17T00:04:44","date_gmt":"2018-04-17T05:04:44","guid":{"rendered":"http:\/\/www.diarioimagen.net\/?p=372428"},"modified":"2018-04-17T02:04:15","modified_gmt":"2018-04-17T07:04:15","slug":"senales-de-alarma-en-la-economia","status":"publish","type":"post","link":"https:\/\/www.diarioimagen.net\/?p=372428","title":{"rendered":"Se\u00f1ales de alarma en la econom\u00eda"},"content":{"rendered":"<h2>Poder y dinero<\/h2>\n<h5>V\u00edctor S\u00e1nchez Ba\u00f1os<\/h5>\n<p><em>\u00a0<\/em><\/p>\n<p style=\"text-align: right;\"><strong><em>Un ser no est\u00e1 completo <\/em><\/strong><em><strong>hasta que se educa<\/strong><br \/>\nHorace Mann, 1796-1859, <\/em><em>educador estadounidense<\/em><\/p>\n<p>&nbsp;<\/p>\n<p>#Econom\u00edaEnRiesgo #Dif\u00edcilCumplir #RiesgosPorCampa\u00f1as #Meade #AMLO #Slim #Desfassiaux #AbandonanSeguridad #YasushiTakase #Sinaloa #K\u00e4rcher #Starbuks<\/p>\n<p>&nbsp;<\/p>\n<p>La administraci\u00f3n de Enrique Pe\u00f1a Nieto se ver\u00e1 sudando la gota gorda para lograr las metas de crecimiento econ\u00f3micas fijadas precisamente por el que fue secretario de Hacienda, actual candidato presidencial, Jos\u00e9 Antonio Meade.<\/p>\n<p>No son metas inalcanzables. Simplemente es la continuidad de las pol\u00edticas del final de la actual administraci\u00f3n. El cumplimiento de la meta de 0.8% del PIB para el super\u00e1vit primario en 2018 requiere mantener una firme disciplina sobre el gasto p\u00fablico.<\/p>\n<p>La misma Secretar\u00eda de Hacienda, prev\u00e9 que los ingresos presupuestarios aprobados para 2018 mostrar\u00e1n una ca\u00edda anual real de 7.8% con respecto a los ingresos presupuestarios observados en 2017.<\/p>\n<p>Pero eso no es todo. Los ingresos tributarios para 2018, seguramente tendr\u00e1n una contracci\u00f3n anual real de 1.1%.<\/p>\n<p>Si bien se estima un incremento anual real de 1.5% para los ingresos petroleros y de 17.2% para los ingresos de los organismos y empresas p\u00fablicas, para los ingresos no tributarios se pronostica una disminuci\u00f3n de 90.1% en t\u00e9rminos anuales reales.<\/p>\n<p>Todas estas previsiones son con respecto a los ingresos observados correspondientes de 2017. Incluso analistas del sector econ\u00f3mico de BBVA Bancomer, estiman que la significativa contracci\u00f3n en los ingresos no tributarios se debe principalmente a que el gobierno federal no contar\u00e1 en 2018 con un Remanente de Operaci\u00f3n del Banco de M\u00e9xico tan importante como el del a\u00f1o pasado.<\/p>\n<p>Entre las se\u00f1ales de alarma esta el gasto neto total, podr\u00e1 caer de 3.3% a tasa anual real con respecto al gasto ejercido en 2017. Sin embargo, ser\u00eda deseable que la consolidaci\u00f3n fiscal se hubiera concentrado m\u00e1s en recortes al gasto corriente y mucho menos en reducciones al gasto de inversi\u00f3n, ya que se estima que el gasto corriente presentar\u00e1 una contracci\u00f3n anual real de 1.5% mientras que el gasto de inversi\u00f3n disminuir\u00e1 en 22.5% en t\u00e9rminos anuales reales, seg\u00fan an\u00e1lisis de BBVA Bancomer. Los tiempos electorales ponen contra la pared el bienestar de los mexicanos. No basta con ver la cara de los candidatos hasta en la sopa, sino con los efectos negativos en nuestros bolsillos.<\/p>\n<p><strong>PODEROSOS CABALLEROS<\/strong>: Muy cierto lo que dice Caros Slim, al defender el Nuevo Aeropuerto de la Ciudad de M\u00e9xico. Necesitamos un aeropuerto de clase mundial, que refleje pujanza de crecimiento. Quien ha viajado al mundo, se da cuenta que las grandes ciudades con infraestructura tur\u00edstica y de negocios, ofrecen confianza. Si encuentran un aeropuerto en ruinas o un cochinero como el actual, simplemente ven a un pa\u00eds derrotado. \u00bfQu\u00e9 elegiremos? \u00bfDesarrollo o mediocridad?<\/p>\n<p>*** Alejandro Desfassiaux, presidente fundador del Consejo Nacional de Seguridad Privada, plante\u00f3 ante la C\u00e1mara de Senadores, 5 propuestas para la tranquilidad de la ciudadan\u00eda, basadas en un an\u00e1lisis de la situaci\u00f3n econ\u00f3mica, pol\u00edtica, social y geogr\u00e1fica de nuestro pa\u00eds.<\/p>\n<p>Desfassiaux destac\u00f3 que no hay un inter\u00e9s pol\u00edtico o comercial en torno a esta publicaci\u00f3n. Mi \u00fanico inter\u00e9s es ayudar a mi pa\u00eds a salir delante de este problema en el que nos hemos metido.<\/p>\n<p>*** El Embajador de Jap\u00f3n en M\u00e9xico, Yasushi Takase, se reuni\u00f3 con el gobernador Quirino Ordaz Coppel y empresarios sinaloenses, para buscar las oportunidades de inversi\u00f3n que tiene la entidad. Asistieron los empresarios sinaloenses encabezados por Jos\u00e9 Mario Cadena B\u00f3rquez, los hermanos Enrique y Agust\u00edn Coppel Luken, Esperanza Kasuga, Fernando Inukai Sashida, Jorge Kondo L\u00f3pez, Sergio Esquer Peiro, Alejandro S\u00e1nchez, entre otros.<\/p>\n<p>*** Polic\u00edas en Guanajuato viven en zozobra ante los recurrentes ataques del crimen organizado y la falta de garant\u00edas para su seguridad. Incluso en P\u00e9njamo, ante la perplejidad del alcalde Jos\u00e9 Garc\u00eda L\u00f3pez, los polic\u00edas municipales se atrincheraron para presionarlo. El gobernador Miguel M\u00e1rquez, busca soluciones pero con pol\u00edticos como el panista Garc\u00eda L\u00f3pez, que solo est\u00e1 interesado en buscar la reelecci\u00f3n no hay avance.<\/p>\n<p><strong>FE DE ERRATAS<\/strong>: Hace unos d\u00edas comentamos en este espacio una informaci\u00f3n sobre K\u00e4rcher donde mencionamos que H\u00e9ctor Namihira era el CEO de K\u00e4rcher en M\u00e9xico.\u00a0 El nuevo CEO es Aar\u00f3n Escobar. Hecha la correcci\u00f3n y una disculpa para nuestros lectores.<\/p>\n<p><strong>RESPONSABILIDAD SOCIAL CORPORATIVA<\/strong>: El \u201cMes Mundial del Servicio Comunitario\u201d (Global Month of Service) dejar\u00e1 de ser una actividad que s\u00f3lo ocurre en abril, y se extender\u00e1 durante todo el a\u00f1o con el nombre de \u201cVoluntariado Starbucks\u201d. Esta empresa que en M\u00e9xico preside Christian Gurria.<\/p>\n<p>Con el prop\u00f3sito de fomentar el servicio comunitario, Starbucks crecer\u00e1 su programa \u201cMes Mundial del Servicio Comunitario\u201d, que anteriormente se celebraba s\u00f3lo en abril, para convertirlo en una actividad constante durante todo el a\u00f1o bajo el nombre de \u201cVoluntariado Starbucks\u201d.<\/p>\n<p><a href=\"http:\/\/poderydinero.mx\" target=\"_blank\" rel=\"noopener\"><em>poderydinero.mx<\/em><\/a><b><br \/>\n<\/b><em><a href=\"mailto:vsb@poderydinero.mx\" target=\"_blank\" rel=\"noopener\">vsb@poderydinero.mx<\/a><br \/>\n<\/em><em><strong>Twitter:<\/strong><a href=\"https:\/\/twitter.com\/vsanchezbanos\" target=\"_blank\" rel=\"noopener\">@vsanchezbano<br \/>\n<\/a><\/em><em><strong>Facebook:\u00a0<\/strong><a href=\"https:\/\/www.facebook.com\/vsanchezbanos?fref=ts\" target=\"_blank\" rel=\"noopener\">vsanchezbano<\/a><\/em><\/p>\n","protected":false},"excerpt":{"rendered":"<p><span style=\"color: #005497;\"><strong>V\u00edctor S\u00e1nchez Ba\u00f1os<\/strong><\/span><\/p>\n","protected":false},"author":3,"featured_media":0,"comment_status":"open","ping_status":"open","sticky":false,"template":"","format":"standard","meta":{"_monsterinsights_skip_tracking":false,"_monsterinsights_sitenote_active":false,"_monsterinsights_sitenote_note":"","_monsterinsights_sitenote_category":0,"footnotes":""},"categories":[38844],"tags":[43674,38847,38848],"class_list":["post-372428","post","type-post","status-publish","format-standard","hentry","category-victor-sanchez-banos","tag-opinion","tag-poder-y-dinero","tag-victor-sanchez-banos"],"_links":{"self":[{"href":"https:\/\/www.diarioimagen.net\/index.php?rest_route=\/wp\/v2\/posts\/372428","targetHints":{"allow":["GET"]}}],"collection":[{"href":"https:\/\/www.diarioimagen.net\/index.php?rest_route=\/wp\/v2\/posts"}],"about":[{"href":"https:\/\/www.diarioimagen.net\/index.php?rest_route=\/wp\/v2\/types\/post"}],"author":[{"embeddable":true,"href":"https:\/\/www.diarioimagen.net\/index.php?rest_route=\/wp\/v2\/users\/3"}],"replies":[{"embeddable":true,"href":"https:\/\/www.diarioimagen.net\/index.php?rest_route=%2Fwp%2Fv2%2Fcomments&post=372428"}],"version-history":[{"count":0,"href":"https:\/\/www.diarioimagen.net\/index.php?rest_route=\/wp\/v2\/posts\/372428\/revisions"}],"wp:attachment":[{"href":"https:\/\/www.diarioimagen.net\/index.php?rest_route=%2Fwp%2Fv2%2Fmedia&parent=372428"}],"wp:term":[{"taxonomy":"category","embeddable":true,"href":"https:\/\/www.diarioimagen.net\/index.php?rest_route=%2Fwp%2Fv2%2Fcategories&post=372428"},{"taxonomy":"post_tag","embeddable":true,"href":"https:\/\/www.diarioimagen.net\/index.php?rest_route=%2Fwp%2Fv2%2Ftags&post=372428"}],"curies":[{"name":"wp","href":"https:\/\/api.w.org\/{rel}","templated":true}]}}