{"id":372430,"date":"2018-04-17T00:05:38","date_gmt":"2018-04-17T05:05:38","guid":{"rendered":"http:\/\/www.diarioimagen.net\/?p=372430"},"modified":"2018-04-17T02:06:10","modified_gmt":"2018-04-17T07:06:10","slug":"relanzamiento-de-mazatlan","status":"publish","type":"post","link":"https:\/\/www.diarioimagen.net\/?p=372430","title":{"rendered":"Relanzamiento de Mazatl\u00e1n"},"content":{"rendered":"<h2>Desde el portal<\/h2>\n<h5>\u00c1ngel Soriano<\/h5>\n<p>&nbsp;<\/p>\n<p>El gobernador de Sinaloa, Quirino Ordaz Coppel, reconoci\u00f3 el impulso que ha dado el Presidente Pe\u00f1a Nieto al turismo y le agradeci\u00f3 que la edici\u00f3n de este a\u00f1o del Tianguis Tur\u00edstico se realice en esa entidad, pues \u201cmarca el relanzamiento de Mazatl\u00e1n y Sinaloa como destino tur\u00edstico y estamos convencidos de que es un paso decisivo para el futuro lleno de \u00e9xitos\u201d.<\/p>\n<p>Acompa\u00f1ados de sus esposas, el presidente y el gobernador recorrieron el remodelado Centro Hist\u00f3rico del puerto, en donde, se re\u00fanen representantes de 55 pa\u00edses, 2,600 expositores, 900 empresas compradoras y se calcula que podr\u00e1n alcanzarse 37 mil citas de negocios., en el marco del Tianguis Tur\u00edstico.<\/p>\n<p>Durante el acto inaugural en el Teatro \u00c1ngela Peralta, el Presidente Pe\u00f1a Nieto inform\u00f3 que es muy seguro que M\u00e9xico se consolide como el sexto destino tur\u00edstico m\u00e1s importante del mundo, disput\u00e1ndole ese sitio a naciones como Inglaterra, Alemania o Turqu\u00eda, \u201csi hacemos bien las cuentas, es mucho lo que hemos avanzado y hemos logrado como naci\u00f3n, y m\u00e1s en el sector tur\u00edstico.<\/p>\n<p>Pasamos de ser el d\u00e9cimo quinto destino tur\u00edstico m\u00e1s importante del mundo, ya de por s\u00ed relevante con 23 millones de turistas, a ser hoy el sexto, y lo quiero anunciar antes de conocer los datos oficiales de la Organizaci\u00f3n Internacional de Turismo, agreg\u00f3.<\/p>\n<p>El secretario de Turismo, Enrique de la Madrid Cordero, a su vez dijo que \u201cM\u00e9xico tiene muchas fortalezas y vocaci\u00f3n de grandeza, pero el turismo es, y debe ser, la gran apuesta\u201d de la naci\u00f3n, ya que es un sector que contribuye much\u00edsimo a construir el gran pa\u00eds al que aspiramos todos los d\u00edas.<\/p>\n<p>Indic\u00f3 que \u201ctenemos que reconocer los mexicanos nuestra fortaleza; y estoy convencido que M\u00e9xico es grande y que grande es su destino. M\u00e9xico est\u00e1 destinado a ser un pa\u00eds desarrollado en esta generaci\u00f3n y eso es porque tiene muchas vocaciones exitosas\u201d.<\/p>\n<p style=\"text-align: center;\"><strong>TURBULENCIAS<br \/>\nCDMX, capital-mujer: Pag\u00e9s<\/strong><\/p>\n<p>El pasado fin de semana Beatriz Pag\u00e9s, candidata al Senado por la Ciudad de M\u00e9xico, particip\u00f3 en el foro \u201cLa importancia de la mujer en la pol\u00edtica\u201d, espacio donde refrend\u00f3 el papel primordial de las mujeres dentro de su proyecto pol\u00edtico.<\/p>\n<p>Frente a una concurrida asistencia en el auditorio de la FSTSE, la aspirante del PRI plante\u00f3 que a pesar de que M\u00e9xico cuenta con leyes de avanzada en materia de g\u00e9nero y prevenci\u00f3n de violencia, contra la mujer, ello no se ha reflejado en un cambio real en la cotidianidad capitalina.<\/p>\n<p>\u201cNo porque cambie una ley, cambia una conducta.\u00a0 En pol\u00edtica las mujeres todav\u00eda no mandamos; la ley no se no se ha traducido en un cambio de conciencia. La igualdad entre el hombre y la mujer sigue estando en muchos sentidos, s\u00f3lo en el papel\u201d, expres\u00f3 la periodista al dar pie a su propuesta de trabajar desde su candidatura para que la CDMX sea declarada Capital Mujer.<\/p>\n<p>En dicho proyecto, explic\u00f3 Pag\u00e9s, habr\u00e1 de trabajarse hombro a hombro con\u00a0 el candidato a Jefe de Gobierno, Mikel Arriola, para que una vez electo se implemente en la urbe una pol\u00edtica p\u00fablica transversal que se comprometa con la construcci\u00f3n de una cultura de equidad plena en todos los \u00e1mbitos sociales\u2026Increpado dentro y fuera del pa\u00eds, donde se pare, el ex presidente Vicente Fox y con el mayor cinismo defiende su pensi\u00f3n, pese a su colosal fortuna; de continuar el rechazo de la sociedad por el brutal saqueo del pa\u00eds durante su gesti\u00f3n, seguramente lo abandonar\u00e1\u2026<\/p>\n<p><em><a href=\"http:\/\/www.revista-brecha.com\/\" target=\"_blank\" rel=\"noopener\">www.revista-brecha.com<br \/>\n<\/a><a href=\"mailto:asorianodesdelportalo@hotmail.com\" target=\"_blank\" rel=\"noopener\">asorianodesdelportalo@hotmail.com<\/a><\/em><\/p>\n","protected":false},"excerpt":{"rendered":"<p><span style=\"color: #005497;\"><strong>\u00c1ngel Soriano<\/strong><\/span><\/p>\n","protected":false},"author":3,"featured_media":0,"comment_status":"open","ping_status":"open","sticky":false,"template":"","format":"standard","meta":{"_monsterinsights_skip_tracking":false,"_monsterinsights_sitenote_active":false,"_monsterinsights_sitenote_note":"","_monsterinsights_sitenote_category":0,"footnotes":""},"categories":[135],"tags":[85,86,43674],"class_list":["post-372430","post","type-post","status-publish","format-standard","hentry","category-angel-soriano-opinion","tag-angel-soriano","tag-desde-el-portal","tag-opinion"],"_links":{"self":[{"href":"https:\/\/www.diarioimagen.net\/index.php?rest_route=\/wp\/v2\/posts\/372430","targetHints":{"allow":["GET"]}}],"collection":[{"href":"https:\/\/www.diarioimagen.net\/index.php?rest_route=\/wp\/v2\/posts"}],"about":[{"href":"https:\/\/www.diarioimagen.net\/index.php?rest_route=\/wp\/v2\/types\/post"}],"author":[{"embeddable":true,"href":"https:\/\/www.diarioimagen.net\/index.php?rest_route=\/wp\/v2\/users\/3"}],"replies":[{"embeddable":true,"href":"https:\/\/www.diarioimagen.net\/index.php?rest_route=%2Fwp%2Fv2%2Fcomments&post=372430"}],"version-history":[{"count":0,"href":"https:\/\/www.diarioimagen.net\/index.php?rest_route=\/wp\/v2\/posts\/372430\/revisions"}],"wp:attachment":[{"href":"https:\/\/www.diarioimagen.net\/index.php?rest_route=%2Fwp%2Fv2%2Fmedia&parent=372430"}],"wp:term":[{"taxonomy":"category","embeddable":true,"href":"https:\/\/www.diarioimagen.net\/index.php?rest_route=%2Fwp%2Fv2%2Fcategories&post=372430"},{"taxonomy":"post_tag","embeddable":true,"href":"https:\/\/www.diarioimagen.net\/index.php?rest_route=%2Fwp%2Fv2%2Ftags&post=372430"}],"curies":[{"name":"wp","href":"https:\/\/api.w.org\/{rel}","templated":true}]}}