{"id":372572,"date":"2018-04-18T00:10:12","date_gmt":"2018-04-18T05:10:12","guid":{"rendered":"http:\/\/www.diarioimagen.net\/?p=372572"},"modified":"2018-04-18T04:36:51","modified_gmt":"2018-04-18T09:36:51","slug":"listos-para-recibir-a-la-universiada-nacional","status":"publish","type":"post","link":"https:\/\/www.diarioimagen.net\/?p=372572","title":{"rendered":"Listos para recibir a la Universiada Nacional"},"content":{"rendered":"<h2>Arco Norte<\/h2>\n<h5>Jos\u00e9 Luis Monta\u00f1ez Aguilar<\/h5>\n<p>&nbsp;<\/p>\n<p>El gobernador Alfredo Del Mazo recorri\u00f3 las instalaciones de la Ciudad Deportiva de Zinacantepec, donde afirm\u00f3 que en el Estado de M\u00e9xico existe la convicci\u00f3n de que la pr\u00e1ctica de alg\u00fan deporte es la v\u00eda para fortalecer los valores c\u00edvicos y tener una sociedad m\u00e1s pr\u00f3spera y saludable.<\/p>\n<p>Visit\u00f3 \u00e1reas como las canchas de baloncesto, la pista de atletismo, el vel\u00f3dromo, la pista de obst\u00e1culos de ciclismo y el gimnasio de usos m\u00faltiples, donde platic\u00f3 con atletas mexiquenses de diversas disciplinas.<\/p>\n<p>Ah\u00ed, constat\u00f3 que la pista de atletismo est\u00e1 lista para recibir a los j\u00f3venes deportistas que competir\u00e1n en algunas disciplinas, que formar\u00e1n parte de la pr\u00f3xima Universiada Nacional, que organiza la UAEM.<\/p>\n<p>Al finalizar su recorrido, el mandatario mexiquense asegur\u00f3 que en estas instalaciones, los atletas pueden entrenar en espacios adecuados para mejorar su rendimiento y\u00a0 que tambien pueden utilizarse por quienes desean practicar alguna actividad deportiva o convivir en familia.<\/p>\n<p>Tambi\u00e9n, el gobernador mexiquense felicit\u00f3 a las y los deportistas que han puesto en alto el nombre del Estado de M\u00e9xico en importantes justas deportivas, como la ciclista y medallista ol\u00edmpica, Belem Guerrero, o la\u00a0 medallista en juegos paral\u00edmpicos, en levantamiento de pesas, Perla Patricia B\u00e1rcenas, quienes acompa\u00f1aron al mandatario estatal en este evento.<\/p>\n<p style=\"text-align: center;\"><strong>Capacitan a personal de Cruz Roja Edomex <\/strong><\/p>\n<p><a href=\"http:\/\/www.diarioimagen.net\/?attachment_id=372635\" rel=\"attachment wp-att-372635\"><img loading=\"lazy\" decoding=\"async\" class=\"aligncenter size-large wp-image-372635\" src=\"http:\/\/www.diarioimagen.net\/wp-content\/uploads\/2018\/04\/arco-3349-460x259.jpg\" alt=\"\" width=\"460\" height=\"259\" srcset=\"https:\/\/www.diarioimagen.net\/wp-content\/uploads\/2018\/04\/arco-3349-460x259.jpg 460w, https:\/\/www.diarioimagen.net\/wp-content\/uploads\/2018\/04\/arco-3349-240x135.jpg 240w, https:\/\/www.diarioimagen.net\/wp-content\/uploads\/2018\/04\/arco-3349-235x132.jpg 235w, https:\/\/www.diarioimagen.net\/wp-content\/uploads\/2018\/04\/arco-3349-202x114.jpg 202w, https:\/\/www.diarioimagen.net\/wp-content\/uploads\/2018\/04\/arco-3349-350x196.jpg 350w, https:\/\/www.diarioimagen.net\/wp-content\/uploads\/2018\/04\/arco-3349-220x123.jpg 220w, https:\/\/www.diarioimagen.net\/wp-content\/uploads\/2018\/04\/arco-3349-237x132.jpg 237w, https:\/\/www.diarioimagen.net\/wp-content\/uploads\/2018\/04\/arco-3349.jpg 480w\" sizes=\"auto, (max-width: 460px) 100vw, 460px\" \/><\/a><\/p>\n<p>El personal de la Delegaci\u00f3n Toluca de Cruz Roja Mexicana comenz\u00f3 el Taller de Gesti\u00f3n del Estr\u00e9s, el cual est\u00e1 encaminado al control de esta situaci\u00f3n para su canalizaci\u00f3n adecuada en beneficio de desarrollo laboral y personal, incluso en el \u00e1mbito familiar.<\/p>\n<p>Jos\u00e9 Pablo Mart\u00ednez Guzm\u00e1n explic\u00f3 que el Taller de Gesti\u00f3n del Estr\u00e9s se deriva del Programa Nacional de Acceso M\u00e1s Seguro, y con \u00e9ste se pretende cubrir a todo el personal, comenzando por los adscritos a las coordinaciones de Socorros, Enfermer\u00eda, Servicios M\u00e9dicos, Voluntariado, Capacitaci\u00f3n y Veteranos.<\/p>\n<p>Explic\u00f3 que el estr\u00e9s se entiende como \u201cuna reacci\u00f3n ante situaciones adversas, el cual genera cambios tanto emocionales como fisiol\u00f3gicos, ante la cual el cuerpo puede responder de manera inapropiada, si no se est\u00e1 preparado\u201d.<\/p>\n<p>En el desarrollo de los trabajos del Taller de Gesti\u00f3n del Estr\u00e9s, Mart\u00ednez Guzm\u00e1n manifest\u00f3 que \u201ctodo el mundo requiere\u00a0 de estr\u00e9s, pero en exceso se vuelve da\u00f1ino; pero el estr\u00e9s nos motiva a ser mejores, incluso nos hace trabajar m\u00e1s, nos hace echarle ganas, pero en exceso nos puede llegar hasta a enfermar\u201d.<\/p>\n<p><em><a href=\"mailto:montanezaguilar@gmail.com\" target=\"_blank\" rel=\"noopener noreferrer\">montanezaguilar@gmail.com<\/a><\/em><\/p>\n","protected":false},"excerpt":{"rendered":"<p><span style=\"color: #005497;\">Jos\u00e9 Luis Monta\u00f1ez Aguilar<\/span><br \/>\n<br \/>\nEl gobernador Alfredo Del Mazorecorri\u00f3 las instalaciones de la Ciudad Deportiva de Zinacantepec, donde afirm\u00f3 que en el Estado de M\u00e9xico existe la convicci\u00f3n de que la pr\u00e1ctica de alg\u00fan deporte es la v\u00eda para fortalecer los valores c\u00edvicos y tener una sociedad m\u00e1s pr\u00f3spera y saludable.<\/p>\n","protected":false},"author":3,"featured_media":372635,"comment_status":"open","ping_status":"open","sticky":false,"template":"","format":"standard","meta":{"_monsterinsights_skip_tracking":false,"_monsterinsights_sitenote_active":false,"_monsterinsights_sitenote_note":"","_monsterinsights_sitenote_category":0,"footnotes":""},"categories":[5],"tags":[13284,43704],"class_list":["post-372572","post","type-post","status-publish","format-standard","has-post-thumbnail","hentry","category-estado-de-mexico","tag-arco-norte","tag-jose-luis-montanez-aguilar"],"_links":{"self":[{"href":"https:\/\/www.diarioimagen.net\/index.php?rest_route=\/wp\/v2\/posts\/372572","targetHints":{"allow":["GET"]}}],"collection":[{"href":"https:\/\/www.diarioimagen.net\/index.php?rest_route=\/wp\/v2\/posts"}],"about":[{"href":"https:\/\/www.diarioimagen.net\/index.php?rest_route=\/wp\/v2\/types\/post"}],"author":[{"embeddable":true,"href":"https:\/\/www.diarioimagen.net\/index.php?rest_route=\/wp\/v2\/users\/3"}],"replies":[{"embeddable":true,"href":"https:\/\/www.diarioimagen.net\/index.php?rest_route=%2Fwp%2Fv2%2Fcomments&post=372572"}],"version-history":[{"count":0,"href":"https:\/\/www.diarioimagen.net\/index.php?rest_route=\/wp\/v2\/posts\/372572\/revisions"}],"wp:featuredmedia":[{"embeddable":true,"href":"https:\/\/www.diarioimagen.net\/index.php?rest_route=\/wp\/v2\/media\/372635"}],"wp:attachment":[{"href":"https:\/\/www.diarioimagen.net\/index.php?rest_route=%2Fwp%2Fv2%2Fmedia&parent=372572"}],"wp:term":[{"taxonomy":"category","embeddable":true,"href":"https:\/\/www.diarioimagen.net\/index.php?rest_route=%2Fwp%2Fv2%2Fcategories&post=372572"},{"taxonomy":"post_tag","embeddable":true,"href":"https:\/\/www.diarioimagen.net\/index.php?rest_route=%2Fwp%2Fv2%2Ftags&post=372572"}],"curies":[{"name":"wp","href":"https:\/\/api.w.org\/{rel}","templated":true}]}}