{"id":372587,"date":"2018-04-18T00:08:35","date_gmt":"2018-04-18T05:08:35","guid":{"rendered":"http:\/\/www.diarioimagen.net\/?p=372587"},"modified":"2018-04-18T04:42:23","modified_gmt":"2018-04-18T09:42:23","slug":"lopez-obrador-un-espanta-inversiones-anaya","status":"publish","type":"post","link":"https:\/\/www.diarioimagen.net\/?p=372587","title":{"rendered":"L\u00f3pez Obrador, un \u201cespanta-inversiones\u201d: Anaya"},"content":{"rendered":"<ul>\n<li><strong><em>El panista entra a la pol\u00e9mica por nuevo aeropuerto<\/em><\/strong><\/li>\n<\/ul>\n<p>&nbsp;<\/p>\n<div id=\"attachment_372644\" style=\"width: 470px\" class=\"wp-caption aligncenter\"><a href=\"http:\/\/www.diarioimagen.net\/?attachment_id=372644\" rel=\"attachment wp-att-372644\"><img loading=\"lazy\" decoding=\"async\" aria-describedby=\"caption-attachment-372644\" class=\"size-large wp-image-372644\" src=\"http:\/\/www.diarioimagen.net\/wp-content\/uploads\/2018\/04\/ANAYA-3349-460x259.jpg\" alt=\"\" width=\"460\" height=\"259\" srcset=\"https:\/\/www.diarioimagen.net\/wp-content\/uploads\/2018\/04\/ANAYA-3349-460x259.jpg 460w, https:\/\/www.diarioimagen.net\/wp-content\/uploads\/2018\/04\/ANAYA-3349-240x135.jpg 240w, https:\/\/www.diarioimagen.net\/wp-content\/uploads\/2018\/04\/ANAYA-3349-235x132.jpg 235w, https:\/\/www.diarioimagen.net\/wp-content\/uploads\/2018\/04\/ANAYA-3349-202x114.jpg 202w, https:\/\/www.diarioimagen.net\/wp-content\/uploads\/2018\/04\/ANAYA-3349-350x196.jpg 350w, https:\/\/www.diarioimagen.net\/wp-content\/uploads\/2018\/04\/ANAYA-3349-220x123.jpg 220w, https:\/\/www.diarioimagen.net\/wp-content\/uploads\/2018\/04\/ANAYA-3349-237x132.jpg 237w, https:\/\/www.diarioimagen.net\/wp-content\/uploads\/2018\/04\/ANAYA-3349.jpg 480w\" sizes=\"auto, (max-width: 460px) 100vw, 460px\" \/><\/a><p id=\"caption-attachment-372644\" class=\"wp-caption-text\">Ricardo Anaya Cort\u00e9s entr\u00f3 a la pol\u00e9mica entre Andr\u00e9s Manuel L\u00f3pez Obrador y el empresario Carlos Slim, en torno al nuevo aeropuerto.<\/p><\/div>\n<p>&nbsp;<\/p>\n<p>Ricardo Anaya Cort\u00e9s, candidato presidencial de la coalici\u00f3n Por M\u00e9xico al Frente, se\u00f1al\u00f3 que Andr\u00e9s Manuel L\u00f3pez Obrador, es el \u201cespanta inversiones\u201d, pues dijo que con su actitud provoca que los inversionistas se vayan, la econom\u00eda no crezca, ni haya empleos.<\/p>\n<p>Reiter\u00f3 su benepl\u00e1cito en la construcci\u00f3n del Nuevo Aeropuerto de la Ciudad de M\u00e9xico, pero con una reorientaci\u00f3n que evite la corrupci\u00f3n, mas no cancelarlo de manera \u201cabsurda\u201d, como lo dice el abanderado de Morena.<\/p>\n<p>\u201cCuando yo sea Presidente voy a auditar a fondo todos y cada uno de los contratos, pero vamos a seguir adelante con la construcci\u00f3n. Cualquier irregularidad, conflicto de intereses o acto de corrupci\u00f3n va ser castigado con todo el peso de la ley, y voy a continuar est\u00e1 obra con los m\u00e1s altos est\u00e1ndares de calidad y transparencia\u201d, afirm\u00f3 el panista.<\/p>\n<p>Anaya Cort\u00e9s asegur\u00f3 que 99 de cada 100 mexicanos prefieren un trabajo bien pagado, que una d\u00e1diva o despensa, \u201cla gente quiere un empleo bien pagado, oportunidades trabajo bien remunerado\u201d y la manera en que crezca la econom\u00eda es generando inversiones.<\/p>\n<p>En conferencia de prensa, a\u00f1adi\u00f3 que en caso de que haya casos de corrupci\u00f3n se deben sancionar y \u201cser implacables\u201d con \u00e9sta, sobre todo cuando este sexenio de distingui\u00f3 por diversos actos de corrupci\u00f3n, sobre todo cuando se habla de obra p\u00fablica e Infraestructura.<\/p>\n<p>\u201cEste tipo de actitudes de L\u00f3pez Obrador, por supuesto que ponen en riesgo la generaci\u00f3n de empleo en nuestro pa\u00eds\u201d. La actitud de L\u00f3pez Obrador frente al tema del Nuevo Aeropuerto, lo muestra de cuerpo entero, como un pol\u00edtico retr\u00f3grada que se opone a la inversi\u00f3n, que no conf\u00eda en los empresarios\u201d, sostuvo.<\/p>\n<p>Sobre que el tabasque\u00f1o us\u00f3 una avioneta privada en San Luis Colorado, Sonora, en su gira proselitista, Anaya expres\u00f3 las im\u00e1genes muestran las \u201cincongruencias y mentiras\u201d de L\u00f3pez Obrador.<\/p>\n<p>\u201cEsto muestra una vez m\u00e1s la incongruencia y las mentiras de L\u00f3pez Obrador. \u00bfNo que no viajaba en aviones privados? \u00bfNo que \u00e9l solamente viajaba en aviones comerciales?\u201d, cuestion\u00f3 Anaya.<\/p>\n","protected":false},"excerpt":{"rendered":"<p>Ricardo Anaya Cort\u00e9s, candidato presidencial de la coalici\u00f3n Por M\u00e9xico al Frente, se\u00f1al\u00f3 que Andr\u00e9s Manuel L\u00f3pez Obrador, es el \u201cespanta inversiones\u201d, pues dijo que con su actitud provoca que los inversionistas se vayan, la econom\u00eda no crezca, ni haya empleos.<\/p>\n","protected":false},"author":3,"featured_media":372644,"comment_status":"open","ping_status":"open","sticky":false,"template":"","format":"standard","meta":{"_monsterinsights_skip_tracking":false,"_monsterinsights_sitenote_active":false,"_monsterinsights_sitenote_note":"","_monsterinsights_sitenote_category":0,"footnotes":""},"categories":[3],"tags":[5247,43673,7347],"class_list":["post-372587","post","type-post","status-publish","format-standard","has-post-thumbnail","hentry","category-nacional","tag-inversion","tag-nacional","tag-ricardo-anaya-cortes"],"_links":{"self":[{"href":"https:\/\/www.diarioimagen.net\/index.php?rest_route=\/wp\/v2\/posts\/372587","targetHints":{"allow":["GET"]}}],"collection":[{"href":"https:\/\/www.diarioimagen.net\/index.php?rest_route=\/wp\/v2\/posts"}],"about":[{"href":"https:\/\/www.diarioimagen.net\/index.php?rest_route=\/wp\/v2\/types\/post"}],"author":[{"embeddable":true,"href":"https:\/\/www.diarioimagen.net\/index.php?rest_route=\/wp\/v2\/users\/3"}],"replies":[{"embeddable":true,"href":"https:\/\/www.diarioimagen.net\/index.php?rest_route=%2Fwp%2Fv2%2Fcomments&post=372587"}],"version-history":[{"count":0,"href":"https:\/\/www.diarioimagen.net\/index.php?rest_route=\/wp\/v2\/posts\/372587\/revisions"}],"wp:featuredmedia":[{"embeddable":true,"href":"https:\/\/www.diarioimagen.net\/index.php?rest_route=\/wp\/v2\/media\/372644"}],"wp:attachment":[{"href":"https:\/\/www.diarioimagen.net\/index.php?rest_route=%2Fwp%2Fv2%2Fmedia&parent=372587"}],"wp:term":[{"taxonomy":"category","embeddable":true,"href":"https:\/\/www.diarioimagen.net\/index.php?rest_route=%2Fwp%2Fv2%2Fcategories&post=372587"},{"taxonomy":"post_tag","embeddable":true,"href":"https:\/\/www.diarioimagen.net\/index.php?rest_route=%2Fwp%2Fv2%2Ftags&post=372587"}],"curies":[{"name":"wp","href":"https:\/\/api.w.org\/{rel}","templated":true}]}}