{"id":372600,"date":"2018-04-18T00:09:14","date_gmt":"2018-04-18T05:09:14","guid":{"rendered":"http:\/\/www.diarioimagen.net\/?p=372600"},"modified":"2018-04-18T04:55:27","modified_gmt":"2018-04-18T09:55:27","slug":"dentistas-de-tlalnepantla-se-suman-a-la-semana-nacional-de-salud-bucal","status":"publish","type":"post","link":"https:\/\/www.diarioimagen.net\/?p=372600","title":{"rendered":"Dentistas de Tlalnepantla se suman a la Semana Nacional de Salud Bucal"},"content":{"rendered":"<ul>\n<li><strong><em>Despligue hist\u00f3rico de las instituciones de salud<\/em><\/strong><\/li>\n<\/ul>\n<p>&nbsp;<\/p>\n<div id=\"attachment_372658\" style=\"width: 470px\" class=\"wp-caption aligncenter\"><a href=\"http:\/\/www.diarioimagen.net\/?attachment_id=372658\" rel=\"attachment wp-att-372658\"><img loading=\"lazy\" decoding=\"async\" aria-describedby=\"caption-attachment-372658\" class=\"size-large wp-image-372658\" src=\"http:\/\/www.diarioimagen.net\/wp-content\/uploads\/2018\/04\/TLALNEPANTLA-3349-460x259.jpg\" alt=\"\" width=\"460\" height=\"259\" srcset=\"https:\/\/www.diarioimagen.net\/wp-content\/uploads\/2018\/04\/TLALNEPANTLA-3349-460x259.jpg 460w, https:\/\/www.diarioimagen.net\/wp-content\/uploads\/2018\/04\/TLALNEPANTLA-3349-240x135.jpg 240w, https:\/\/www.diarioimagen.net\/wp-content\/uploads\/2018\/04\/TLALNEPANTLA-3349-235x132.jpg 235w, https:\/\/www.diarioimagen.net\/wp-content\/uploads\/2018\/04\/TLALNEPANTLA-3349-202x114.jpg 202w, https:\/\/www.diarioimagen.net\/wp-content\/uploads\/2018\/04\/TLALNEPANTLA-3349-350x196.jpg 350w, https:\/\/www.diarioimagen.net\/wp-content\/uploads\/2018\/04\/TLALNEPANTLA-3349-220x123.jpg 220w, https:\/\/www.diarioimagen.net\/wp-content\/uploads\/2018\/04\/TLALNEPANTLA-3349-237x132.jpg 237w, https:\/\/www.diarioimagen.net\/wp-content\/uploads\/2018\/04\/TLALNEPANTLA-3349.jpg 480w\" sizes=\"auto, (max-width: 460px) 100vw, 460px\" \/><\/a><p id=\"caption-attachment-372658\" class=\"wp-caption-text\">Entre las recomendaciones que se hacen a ni\u00f1os, j\u00f3venes, adultos y personas de la tercera edad, para mantener una buena salud bucal, resalta el cepillado de dientes.<\/p><\/div>\n<p>&nbsp;<\/p>\n<p><strong>Tlalnepantla, Estado de M\u00e9xico<\/strong>.- Con el objetivo de prevenir enfermedades bucales en los tlalnepantlenses, el Instituto Municipal de Salud de esta ciudad coadyuva en las acciones que diversas instituciones de salud llevan a cabo como parte de la Semana Nacional de Salud Bucal, que se lleva a\u00a0 cabo desde el pasado lunes y hasta el pr\u00f3ximo 20 de abril.<\/p>\n<p>Bajo el lema \u201cMucho m\u00e1s que dientes sanos\u201d, durante esta semana se prev\u00e9 llevar acciones de promoci\u00f3n, preventivas y de atenci\u00f3n bucodental en personas de todas las edades, principalmente en ni\u00f1os y j\u00f3venes.<\/p>\n<p>Para tal fin, la dependencia municipal se suma a esta iniciativa, acercando la atenci\u00f3n bucal y consultas odontol\u00f3gicas en las jornadas de salud que de manera permanente lleva a las comunidades.<\/p>\n<p>Aunado a ello, inform\u00f3 la directora del Instituto Municipal de Salud, durante toda esta semana se ofrecer\u00e1 atenci\u00f3n gratuita en los centros de salud de la Tierra de Enmedio, con la finalidad de combatir la caries en la poblaci\u00f3n.<\/p>\n<p>Detall\u00f3 que entre las recomendaciones que se hacen a ni\u00f1os, j\u00f3venes, adultos y personas de la tercera edad, para mantener una buena salud bucal, resalta el cepillado de dientes y lengua despu\u00e9s de cada comida, por al menos dos minutos y por las noches un poco m\u00e1s de tiempo.<\/p>\n<p>As\u00ed tambi\u00e9n, es fundamental el uso de hilo dental en todos los dientes dos veces al d\u00eda y una limpieza profunda con el dentista cada tres o seis meses, para evitar cualquier infecci\u00f3n bucal.<\/p>\n<p>Puntualiz\u00f3 que para mantener una buena salud de la boca, es importante no fumar y beber ocho vasos de agua al d\u00eda.<\/p>\n<p>La funcionaria municipal destac\u00f3 que las brigadas de m\u00e9dicos generales, odont\u00f3logos, psic\u00f3logos, nutri\u00f3logos, optometristas y enfermeras, contin\u00faan visitando casa por casa a los tlalnepantlenses que requieren atenci\u00f3n m\u00e9dica y que por su situaci\u00f3n se les complica trasladarse a alg\u00fan consultorio o unidad de salud.<\/p>\n","protected":false},"excerpt":{"rendered":"<p> Con el objetivo de prevenir enfermedades bucales en los tlalnepantlenses, el Instituto Municipal de Salud de esta ciudad coadyuva en las acciones que diversas instituciones de salud llevan a cabo como parte de la Semana Nacional de Salud Bucal, que se lleva a  cabo desde el pasado lunes y hasta el pr\u00f3ximo 20 de abril.<\/p>\n","protected":false},"author":3,"featured_media":372658,"comment_status":"open","ping_status":"open","sticky":false,"template":"","format":"standard","meta":{"_monsterinsights_skip_tracking":false,"_monsterinsights_sitenote_active":false,"_monsterinsights_sitenote_note":"","_monsterinsights_sitenote_category":0,"footnotes":""},"categories":[35155],"tags":[43675,72703,169],"class_list":["post-372600","post","type-post","status-publish","format-standard","has-post-thumbnail","hentry","category-estado-de-mexico-estado-de-mexico","tag-estado-de-mexico","tag-semana-nacional-de-salud-bucal","tag-tlalnepantla"],"_links":{"self":[{"href":"https:\/\/www.diarioimagen.net\/index.php?rest_route=\/wp\/v2\/posts\/372600","targetHints":{"allow":["GET"]}}],"collection":[{"href":"https:\/\/www.diarioimagen.net\/index.php?rest_route=\/wp\/v2\/posts"}],"about":[{"href":"https:\/\/www.diarioimagen.net\/index.php?rest_route=\/wp\/v2\/types\/post"}],"author":[{"embeddable":true,"href":"https:\/\/www.diarioimagen.net\/index.php?rest_route=\/wp\/v2\/users\/3"}],"replies":[{"embeddable":true,"href":"https:\/\/www.diarioimagen.net\/index.php?rest_route=%2Fwp%2Fv2%2Fcomments&post=372600"}],"version-history":[{"count":0,"href":"https:\/\/www.diarioimagen.net\/index.php?rest_route=\/wp\/v2\/posts\/372600\/revisions"}],"wp:featuredmedia":[{"embeddable":true,"href":"https:\/\/www.diarioimagen.net\/index.php?rest_route=\/wp\/v2\/media\/372658"}],"wp:attachment":[{"href":"https:\/\/www.diarioimagen.net\/index.php?rest_route=%2Fwp%2Fv2%2Fmedia&parent=372600"}],"wp:term":[{"taxonomy":"category","embeddable":true,"href":"https:\/\/www.diarioimagen.net\/index.php?rest_route=%2Fwp%2Fv2%2Fcategories&post=372600"},{"taxonomy":"post_tag","embeddable":true,"href":"https:\/\/www.diarioimagen.net\/index.php?rest_route=%2Fwp%2Fv2%2Ftags&post=372600"}],"curies":[{"name":"wp","href":"https:\/\/api.w.org\/{rel}","templated":true}]}}