{"id":372740,"date":"2018-04-19T00:11:23","date_gmt":"2018-04-19T05:11:23","guid":{"rendered":"http:\/\/www.diarioimagen.net\/?p=372740"},"modified":"2018-04-19T05:57:20","modified_gmt":"2018-04-19T10:57:20","slug":"establece-uaem-alianza-estrategica-con-gm","status":"publish","type":"post","link":"https:\/\/www.diarioimagen.net\/?p=372740","title":{"rendered":"Establece UAEM alianza estrat\u00e9gica con GM"},"content":{"rendered":"<ul>\n<li><strong><em>Maestr\u00eda en Dise\u00f1o y Desarrollo de Productos Pl\u00e1sticos<\/em><\/strong><\/li>\n<\/ul>\n<p>&nbsp;<\/p>\n<div id=\"attachment_372854\" style=\"width: 470px\" class=\"wp-caption aligncenter\"><a href=\"http:\/\/www.diarioimagen.net\/?attachment_id=372854\" rel=\"attachment wp-att-372854\"><img loading=\"lazy\" decoding=\"async\" aria-describedby=\"caption-attachment-372854\" class=\"size-large wp-image-372854\" src=\"http:\/\/www.diarioimagen.net\/wp-content\/uploads\/2018\/04\/UAEM-3350-460x259.jpg\" alt=\"\" width=\"460\" height=\"259\" srcset=\"https:\/\/www.diarioimagen.net\/wp-content\/uploads\/2018\/04\/UAEM-3350-460x259.jpg 460w, https:\/\/www.diarioimagen.net\/wp-content\/uploads\/2018\/04\/UAEM-3350-240x135.jpg 240w, https:\/\/www.diarioimagen.net\/wp-content\/uploads\/2018\/04\/UAEM-3350-235x132.jpg 235w, https:\/\/www.diarioimagen.net\/wp-content\/uploads\/2018\/04\/UAEM-3350-202x114.jpg 202w, https:\/\/www.diarioimagen.net\/wp-content\/uploads\/2018\/04\/UAEM-3350-350x196.jpg 350w, https:\/\/www.diarioimagen.net\/wp-content\/uploads\/2018\/04\/UAEM-3350-220x123.jpg 220w, https:\/\/www.diarioimagen.net\/wp-content\/uploads\/2018\/04\/UAEM-3350-237x132.jpg 237w, https:\/\/www.diarioimagen.net\/wp-content\/uploads\/2018\/04\/UAEM-3350.jpg 480w\" sizes=\"auto, (max-width: 460px) 100vw, 460px\" \/><\/a><p id=\"caption-attachment-372854\" class=\"wp-caption-text\">El rector de la UAEM, Alfredo Barrera Baca, firm\u00f3 un convenio general de colaboraci\u00f3n con el representante de General Motors de M\u00e9xico, Miguel \u00c1ngel S\u00e1nchez Cervantes.<\/p><\/div>\n<p>&nbsp;<\/p>\n<p><strong>Toluca, Estado de M\u00e9xico<\/strong>.- El rector de la Universidad Aut\u00f3noma del Estado de M\u00e9xico, Alfredo Barrera Baca, firm\u00f3 un convenio general de colaboraci\u00f3n con el representante de General Motors de M\u00e9xico, Miguel \u00c1ngel S\u00e1nchez Cervantes, para la puesta en marcha de la recientemente creada Maestr\u00eda en Dise\u00f1o y Desarrollo de Productos Pl\u00e1sticos.<\/p>\n<p>En la Sala \u201cDr. Gustavo Baz Prada\u201d del Edificio de Rector\u00eda, Barrera Baca precis\u00f3 que este programa acad\u00e9mico de posgrado fue dise\u00f1ado a la medida de las necesidades productivas de GM, una de las m\u00e1s prestigiadas marcas automotrices del mundo.<\/p>\n<p>Esta empresa, puntualiz\u00f3, contar\u00e1 con la solidez y prestigio acad\u00e9mico que distingue a la Aut\u00f3noma mexiquense. Esta casa de estudios pone a su disposici\u00f3n su capital humano e infraestructura educativa, cient\u00edfica y tecnol\u00f3gica en materia de pl\u00e1sticos, con el \u00fanico prop\u00f3sito de incrementar la productividad, ante un competido escenario internacional.<\/p>\n<p>En presencia del director general del Consejo Mexiquense de Ciencia y Tecnolog\u00eda, Dmitri Fujii Olechko, y el delegado de la Secretar\u00eda de Econom\u00eda, Jos\u00e9 Luis Velasco Lino, sostuvo que \u201cM\u00e9xico sigue brindando un ambiente sumamente propicio para el desarrollo de proyectos productivos\u00a0con alto contenido tecnol\u00f3gico y orientados al mercado mundial\u201d.<\/p>\n<p>Alfredo Barrera Baca manifest\u00f3 que la signa de este acuerdo de cooperaci\u00f3n es motivo de inspiraci\u00f3n para las instituciones de educaci\u00f3n superior mexicanas, as\u00ed como empresas radicadas en nuestro pa\u00eds, que cifran su progreso en procesos de innovaci\u00f3n y avances cient\u00edficos y tecnol\u00f3gicos.<\/p>\n<p>El tambi\u00e9n director de Recursos Humanos de General Motors, Miguel \u00c1ngel S\u00e1nchez Cervantes, indic\u00f3 que la firma de este acuerdo implica una alianza estrat\u00e9gica y de beneficio mutuo. \u201cTiene como prop\u00f3sito continuar desarrollando el talento humano, que constituye una de las prioridades de la empresa\u201d.<\/p>\n<p>Luego de reconocer a la Aut\u00f3noma mexiquense como una instituci\u00f3n educativa de prestigio, S\u00e1nchez Cervantes expres\u00f3 que el medio ambiente, la comunidad y la educaci\u00f3n son pilares fundamentales en General Motors, pero especialmente la innovaci\u00f3n y la integridad, caracter\u00edsticas que comparte con los universitarios.<\/p>\n<p>El secretario de Investigaci\u00f3n y Estudios Avanzados de la UAEM, Carlos Eduardo Barrera D\u00edaz, detall\u00f3 que las empresas est\u00e1n cada vez m\u00e1s convencidas de los beneficios de la cooperaci\u00f3n con instituciones de educaci\u00f3n superior, ya que ofrecen acceso a grupos de expertos en diferentes \u00e1reas del conocimiento, lo que conlleva claras ventajas competitivas.<\/p>\n","protected":false},"excerpt":{"rendered":"<p>El rector de la Universidad Aut\u00f3noma del Estado de M\u00e9xico, Alfredo Barrera Baca, firm\u00f3 un convenio general de colaboraci\u00f3n con el representante de General Motors de M\u00e9xico, Miguel \u00c1ngel S\u00e1nchez Cervantes, para la puesta en marcha de la recientemente creada Maestr\u00eda en Dise\u00f1o y Desarrollo de Productos Pl\u00e1sticos.<\/p>\n","protected":false},"author":3,"featured_media":372854,"comment_status":"open","ping_status":"open","sticky":false,"template":"","format":"standard","meta":{"_monsterinsights_skip_tracking":false,"_monsterinsights_sitenote_active":false,"_monsterinsights_sitenote_note":"","_monsterinsights_sitenote_category":0,"footnotes":""},"categories":[5],"tags":[58572,43675,452,1491],"class_list":["post-372740","post","type-post","status-publish","format-standard","has-post-thumbnail","hentry","category-estado-de-mexico","tag-alfredo-barrera-baca","tag-estado-de-mexico","tag-toluca","tag-uaem"],"_links":{"self":[{"href":"https:\/\/www.diarioimagen.net\/index.php?rest_route=\/wp\/v2\/posts\/372740","targetHints":{"allow":["GET"]}}],"collection":[{"href":"https:\/\/www.diarioimagen.net\/index.php?rest_route=\/wp\/v2\/posts"}],"about":[{"href":"https:\/\/www.diarioimagen.net\/index.php?rest_route=\/wp\/v2\/types\/post"}],"author":[{"embeddable":true,"href":"https:\/\/www.diarioimagen.net\/index.php?rest_route=\/wp\/v2\/users\/3"}],"replies":[{"embeddable":true,"href":"https:\/\/www.diarioimagen.net\/index.php?rest_route=%2Fwp%2Fv2%2Fcomments&post=372740"}],"version-history":[{"count":0,"href":"https:\/\/www.diarioimagen.net\/index.php?rest_route=\/wp\/v2\/posts\/372740\/revisions"}],"wp:featuredmedia":[{"embeddable":true,"href":"https:\/\/www.diarioimagen.net\/index.php?rest_route=\/wp\/v2\/media\/372854"}],"wp:attachment":[{"href":"https:\/\/www.diarioimagen.net\/index.php?rest_route=%2Fwp%2Fv2%2Fmedia&parent=372740"}],"wp:term":[{"taxonomy":"category","embeddable":true,"href":"https:\/\/www.diarioimagen.net\/index.php?rest_route=%2Fwp%2Fv2%2Fcategories&post=372740"},{"taxonomy":"post_tag","embeddable":true,"href":"https:\/\/www.diarioimagen.net\/index.php?rest_route=%2Fwp%2Fv2%2Ftags&post=372740"}],"curies":[{"name":"wp","href":"https:\/\/api.w.org\/{rel}","templated":true}]}}