{"id":372742,"date":"2018-04-19T00:10:35","date_gmt":"2018-04-19T05:10:35","guid":{"rendered":"http:\/\/www.diarioimagen.net\/?p=372742"},"modified":"2018-04-19T05:46:28","modified_gmt":"2018-04-19T10:46:28","slug":"reconoce-difem-a-difusores-infantiles","status":"publish","type":"post","link":"https:\/\/www.diarioimagen.net\/?p=372742","title":{"rendered":"Reconoce DIFEM a difusores infantiles"},"content":{"rendered":"<h2>Arco Norte<\/h2>\n<h5>Jos\u00e9 Luis Monta\u00f1ez Aguilar<\/h5>\n<p>&nbsp;<\/p>\n<p><a href=\"http:\/\/www.diarioimagen.net\/?attachment_id=372842\" rel=\"attachment wp-att-372842\"><img loading=\"lazy\" decoding=\"async\" class=\"aligncenter size-large wp-image-372842\" src=\"http:\/\/www.diarioimagen.net\/wp-content\/uploads\/2018\/04\/arco-3350-460x259.jpg\" alt=\"\" width=\"460\" height=\"259\" srcset=\"https:\/\/www.diarioimagen.net\/wp-content\/uploads\/2018\/04\/arco-3350-460x259.jpg 460w, https:\/\/www.diarioimagen.net\/wp-content\/uploads\/2018\/04\/arco-3350-240x135.jpg 240w, https:\/\/www.diarioimagen.net\/wp-content\/uploads\/2018\/04\/arco-3350-235x132.jpg 235w, https:\/\/www.diarioimagen.net\/wp-content\/uploads\/2018\/04\/arco-3350-202x114.jpg 202w, https:\/\/www.diarioimagen.net\/wp-content\/uploads\/2018\/04\/arco-3350-350x196.jpg 350w, https:\/\/www.diarioimagen.net\/wp-content\/uploads\/2018\/04\/arco-3350-220x123.jpg 220w, https:\/\/www.diarioimagen.net\/wp-content\/uploads\/2018\/04\/arco-3350-237x132.jpg 237w, https:\/\/www.diarioimagen.net\/wp-content\/uploads\/2018\/04\/arco-3350.jpg 480w\" sizes=\"auto, (max-width: 460px) 100vw, 460px\" \/><\/a><\/p>\n<p>&nbsp;<\/p>\n<p>Durante un encuentro con 16 Difusores Infantiles de la entidad, el director general del DIF estatal reconoci\u00f3 la labor de estos voceros como promotores de los valores y derechos de la comunidad infantil.<\/p>\n<p>Se\u00f1al\u00f3 que ser Difusor Infantil no s\u00f3lo implica un tema de cargo o membrete, sino que va m\u00e1s all\u00e1, pues cada difusor puede hacer mucho por su municipio, a trav\u00e9s de actividades que le permitan reunirse\u00a0 con la gente para tratar temas que promuevan el cambio positivo dentro de nuestra entidad.<\/p>\n<p>Con el objetivo de fortalecer la promoci\u00f3n de los valores, la Red de Difusores Infantiles de los 125 municipios se est\u00e1 sumando a la campa\u00f1a estatal\u00a0 \u201cAmor por la familia, un valor mexiquense\u201d,\u00a0 que promueve un valor cada tres meses.<\/p>\n<p>Durante dicha reuni\u00f3n, el director general del DIFEM entreg\u00f3 un reconocimiento a Pamela Ceballos Francisco, quien en d\u00edas pasados se convirti\u00f3 en la Difusora Estatal Infantil 2018, de entre 18 participantes; as\u00ed como a Alondra Ju\u00e1rez Romero, segundo lugar, y a Monserrat Garc\u00eda Arredondo, tercer lugar.<\/p>\n<p>Pamela Ceballos Francisco afirm\u00f3 que la oportunidad de esta convivencia permite a los ni\u00f1os difusores aprender m\u00e1s, al compartir experiencias y diferentes puntos de vista, para expresar, en escuelas y comunidades, los derechos y deberes de los ni\u00f1os en un contexto m\u00e1s amplio porque en cada municipio las necesidades son distintas.<\/p>\n<p style=\"text-align: center;\"><strong>Ofrecen diversidad cultural en exposiciones de museos mexiquenses<\/strong><\/p>\n<p>Los museos mexiquenses cuentan con un vasto acervo cultural en cuanto a las expresiones art\u00edsticas que presentan, ya que abarcan desde la fotograf\u00eda, escultura y arte pict\u00f3rico, hasta la artesan\u00eda de nuestros pueblos ind\u00edgenas.<\/p>\n<p>Uno de sus objetivos es llevar a los recintos, exposiciones que contengan nuevas propuestas, para que los habitantes del Estado de M\u00e9xico puedan disfrutar de diversas obras.<\/p>\n<p>Actualmente en el Museo de Arte Moderno \u201cCarlos Olvera\u201d, se puede encontrar la obra del artista colombiano Carlos Jacanamijoy, donde muestra de una manera abstracta la cosmogon\u00eda ind\u00edgena de su pa\u00eds natal en la exposici\u00f3n \u201cOrificios del viento\u201d, que estar\u00e1 abierta hasta el 13 de mayo.<\/p>\n<p><em><a href=\"mailto:montanezaguilar@gmail.com\" target=\"_blank\" rel=\"noopener noreferrer\">montanezaguilar@gmail.com<\/a><\/em><\/p>\n","protected":false},"excerpt":{"rendered":"<p><span style=\"color: #005497;\">Jos\u00e9 Luis Monta\u00f1ez Aguilar<\/span><br \/>\n<br \/>\nDurante un encuentro con 16 Difusores Infantiles de la entidad, el director general del DIF estatal reconoci\u00f3 la labor de estos voceros como promotores de los valores y derechos de la comunidad infantil.<\/p>\n","protected":false},"author":3,"featured_media":372842,"comment_status":"open","ping_status":"open","sticky":false,"template":"","format":"standard","meta":{"_monsterinsights_skip_tracking":false,"_monsterinsights_sitenote_active":false,"_monsterinsights_sitenote_note":"","_monsterinsights_sitenote_category":0,"footnotes":""},"categories":[5],"tags":[13284,43704,43674],"class_list":["post-372742","post","type-post","status-publish","format-standard","has-post-thumbnail","hentry","category-estado-de-mexico","tag-arco-norte","tag-jose-luis-montanez-aguilar","tag-opinion"],"_links":{"self":[{"href":"https:\/\/www.diarioimagen.net\/index.php?rest_route=\/wp\/v2\/posts\/372742","targetHints":{"allow":["GET"]}}],"collection":[{"href":"https:\/\/www.diarioimagen.net\/index.php?rest_route=\/wp\/v2\/posts"}],"about":[{"href":"https:\/\/www.diarioimagen.net\/index.php?rest_route=\/wp\/v2\/types\/post"}],"author":[{"embeddable":true,"href":"https:\/\/www.diarioimagen.net\/index.php?rest_route=\/wp\/v2\/users\/3"}],"replies":[{"embeddable":true,"href":"https:\/\/www.diarioimagen.net\/index.php?rest_route=%2Fwp%2Fv2%2Fcomments&post=372742"}],"version-history":[{"count":0,"href":"https:\/\/www.diarioimagen.net\/index.php?rest_route=\/wp\/v2\/posts\/372742\/revisions"}],"wp:featuredmedia":[{"embeddable":true,"href":"https:\/\/www.diarioimagen.net\/index.php?rest_route=\/wp\/v2\/media\/372842"}],"wp:attachment":[{"href":"https:\/\/www.diarioimagen.net\/index.php?rest_route=%2Fwp%2Fv2%2Fmedia&parent=372742"}],"wp:term":[{"taxonomy":"category","embeddable":true,"href":"https:\/\/www.diarioimagen.net\/index.php?rest_route=%2Fwp%2Fv2%2Fcategories&post=372742"},{"taxonomy":"post_tag","embeddable":true,"href":"https:\/\/www.diarioimagen.net\/index.php?rest_route=%2Fwp%2Fv2%2Ftags&post=372742"}],"curies":[{"name":"wp","href":"https:\/\/api.w.org\/{rel}","templated":true}]}}