{"id":372775,"date":"2018-04-19T00:06:56","date_gmt":"2018-04-19T05:06:56","guid":{"rendered":"http:\/\/www.diarioimagen.net\/?p=372775"},"modified":"2018-04-19T08:15:06","modified_gmt":"2018-04-19T13:15:06","slug":"huixquilucan-es-el-municipio-con-mas-plusvalia-en-el-pais-por-infraestructura","status":"publish","type":"post","link":"https:\/\/www.diarioimagen.net\/?p=372775","title":{"rendered":"Huixquilucan es el municipio con m\u00e1s plusval\u00eda en el pa\u00eds por infraestructura"},"content":{"rendered":"<ul>\n<li><strong><em>Por 32 obras que mejoran vialidad<\/em><\/strong><\/li>\n<\/ul>\n<p>&nbsp;<\/p>\n<div id=\"attachment_372878\" style=\"width: 470px\" class=\"wp-caption aligncenter\"><a href=\"http:\/\/www.diarioimagen.net\/?attachment_id=372878\" rel=\"attachment wp-att-372878\"><img loading=\"lazy\" decoding=\"async\" aria-describedby=\"caption-attachment-372878\" class=\"size-large wp-image-372878\" src=\"http:\/\/www.diarioimagen.net\/wp-content\/uploads\/2018\/04\/HUIXQUILUCAN-3350-460x259.jpg\" alt=\"\" width=\"460\" height=\"259\" srcset=\"https:\/\/www.diarioimagen.net\/wp-content\/uploads\/2018\/04\/HUIXQUILUCAN-3350-460x259.jpg 460w, https:\/\/www.diarioimagen.net\/wp-content\/uploads\/2018\/04\/HUIXQUILUCAN-3350-240x135.jpg 240w, https:\/\/www.diarioimagen.net\/wp-content\/uploads\/2018\/04\/HUIXQUILUCAN-3350-235x132.jpg 235w, https:\/\/www.diarioimagen.net\/wp-content\/uploads\/2018\/04\/HUIXQUILUCAN-3350-202x114.jpg 202w, https:\/\/www.diarioimagen.net\/wp-content\/uploads\/2018\/04\/HUIXQUILUCAN-3350-350x196.jpg 350w, https:\/\/www.diarioimagen.net\/wp-content\/uploads\/2018\/04\/HUIXQUILUCAN-3350-220x123.jpg 220w, https:\/\/www.diarioimagen.net\/wp-content\/uploads\/2018\/04\/HUIXQUILUCAN-3350-237x132.jpg 237w, https:\/\/www.diarioimagen.net\/wp-content\/uploads\/2018\/04\/HUIXQUILUCAN-3350.jpg 480w\" sizes=\"auto, (max-width: 460px) 100vw, 460px\" \/><\/a><p id=\"caption-attachment-372878\" class=\"wp-caption-text\">Gracias a la obra p\u00fablica del gobierno que encabeza Enrique Vargas del Villar, Huixquilucan ha incrementado sustancialmente su plusval\u00eda.<\/p><\/div>\n<p>&nbsp;<\/p>\n<p><strong>Huixquilucan, Estado de M\u00e9xico<\/strong>.- En los \u00faltimos 27 meses, la zona residencial de Interlomas en Huixquilucan ha incrementado sustancialmente su plusval\u00eda, gracias a la construcci\u00f3n de 32 obras viales y de infraestructura que mejorar\u00e1n la movilidad, trabajos que han permitido la confianza de los empresarios que han decidido invertir m\u00e1s de mil 400 millones de d\u00f3lares dentro del municipio.<\/p>\n<p>El alcalde de Huixquilucan, Enrique Vargas del Villar, record\u00f3 que el metro cuadrado en enero del 2016, el m\u00e1s alto era de 20 mil pesos, y actualmente oscila entre los 60 y 70 mil pesos, \u201ceste incremento en su plusval\u00eda es significativo y ha sido posible, gracias al trabajo realizado que ha derivado en la confianza de los inversionistas\u201d.<\/p>\n<p>Las obras que actualmente\u00a0se ejecutan para aminorar el tr\u00e1fico en la zona residencial, son las adecuaciones para las nuevas vialidades en la glorieta del gato y del hospital \u00c1ngeles, en este \u00faltimo se construye un paso a desnviel que desfogar\u00e1 el transito que baja de la Barranca de Hueyetlaco y Hacienda de las Palmas, trabajos que una vez concluidos disminuir\u00e1n los tiempos de traslado hasta en 20 minutos y con ello se mejorar\u00e1 la movilidad en Interlomas, que actualmente, tiene un flujo vehicular superior a los 40 mil veh\u00edculos diarios.<\/p>\n<p>Adem\u00e1s, se trabaja en la rehabilitaci\u00f3n de pozos de agua para mejorar el abastecimiento en la zona residencial, tal es el caso del pozo de San Carlos, en la Herradura, el cual tiene un aforo de m\u00e1s de 30 litros por segundo que optimiza el abastecimiento del l\u00edquido en gran parte de esa zona y una vez concluida la perforaci\u00f3n del pozo en Jes\u00fas del Monte, el suministro quedar\u00e1 regularizado.<\/p>\n<p>Un pozo m\u00e1s entregado, es el \u201cVista Real\u201d, que permite la dotaci\u00f3n de agua para m\u00e1s de 12 mil habitantes de la zona residencial.<\/p>\n<p>Cabe resaltar, que al inicio de esta administraci\u00f3n se carec\u00eda de fuentes propias de abastecimiento, y hoy a dos a\u00f1os de gobierno ya se tienen y se trabaja para ampliar la infraestructura de manera ordenada. Al t\u00e9rmino del actual trienio, se estima un crecimiento en infraestructura hidr\u00e1ulica en un 700 por ciento, hecho in\u00e9dito para Huixquilucan, ya que gobiernos anteriores no realizaron inversiones en este rubro, lo que provoc\u00f3 escasez.<\/p>\n","protected":false},"excerpt":{"rendered":"<p>En los \u00faltimos 27 meses, la zona residencial de Interlomas en Huixquilucan ha incrementado sustancialmente su plusval\u00eda, gracias a la construcci\u00f3n de 32 obras viales y de infraestructura que mejorar\u00e1n la movilidad, trabajos que han permitido la confianza de los empresarios que han decidido invertir m\u00e1s de mil 400 millones de d\u00f3lares dentro del municipio.<\/p>\n","protected":false},"author":3,"featured_media":372878,"comment_status":"open","ping_status":"open","sticky":false,"template":"","format":"standard","meta":{"_monsterinsights_skip_tracking":false,"_monsterinsights_sitenote_active":false,"_monsterinsights_sitenote_note":"","_monsterinsights_sitenote_category":0,"footnotes":""},"categories":[35155],"tags":[43675,18394],"class_list":["post-372775","post","type-post","status-publish","format-standard","has-post-thumbnail","hentry","category-estado-de-mexico-estado-de-mexico","tag-estado-de-mexico","tag-infraestructura"],"_links":{"self":[{"href":"https:\/\/www.diarioimagen.net\/index.php?rest_route=\/wp\/v2\/posts\/372775","targetHints":{"allow":["GET"]}}],"collection":[{"href":"https:\/\/www.diarioimagen.net\/index.php?rest_route=\/wp\/v2\/posts"}],"about":[{"href":"https:\/\/www.diarioimagen.net\/index.php?rest_route=\/wp\/v2\/types\/post"}],"author":[{"embeddable":true,"href":"https:\/\/www.diarioimagen.net\/index.php?rest_route=\/wp\/v2\/users\/3"}],"replies":[{"embeddable":true,"href":"https:\/\/www.diarioimagen.net\/index.php?rest_route=%2Fwp%2Fv2%2Fcomments&post=372775"}],"version-history":[{"count":0,"href":"https:\/\/www.diarioimagen.net\/index.php?rest_route=\/wp\/v2\/posts\/372775\/revisions"}],"wp:featuredmedia":[{"embeddable":true,"href":"https:\/\/www.diarioimagen.net\/index.php?rest_route=\/wp\/v2\/media\/372878"}],"wp:attachment":[{"href":"https:\/\/www.diarioimagen.net\/index.php?rest_route=%2Fwp%2Fv2%2Fmedia&parent=372775"}],"wp:term":[{"taxonomy":"category","embeddable":true,"href":"https:\/\/www.diarioimagen.net\/index.php?rest_route=%2Fwp%2Fv2%2Fcategories&post=372775"},{"taxonomy":"post_tag","embeddable":true,"href":"https:\/\/www.diarioimagen.net\/index.php?rest_route=%2Fwp%2Fv2%2Ftags&post=372775"}],"curies":[{"name":"wp","href":"https:\/\/api.w.org\/{rel}","templated":true}]}}