{"id":372898,"date":"2018-04-20T00:11:33","date_gmt":"2018-04-20T05:11:33","guid":{"rendered":"http:\/\/www.diarioimagen.net\/?p=372898"},"modified":"2018-04-20T04:40:53","modified_gmt":"2018-04-20T09:40:53","slug":"aterriza-de-emergencia-avioneta-cerca-del-aeropuerto-de-toluca","status":"publish","type":"post","link":"https:\/\/www.diarioimagen.net\/?p=372898","title":{"rendered":"Conductas obsesivas por uso excesivo de redes sociales"},"content":{"rendered":"<h2>Arco Norte<\/h2>\n<h5>Jos\u00e9 Luis Monta\u00f1ez Aguilar<\/h5>\n<p>&nbsp;<\/p>\n<p>El Instituto de Seguridad Social del Estado de M\u00e9xico y Municipios (ISSEMyM) ofrece capacitaci\u00f3n m\u00e9dica interinstitucional para detectar y tratar oportunamente las adicciones, entre las que se cuenta la dependencia a las redes sociales.<\/p>\n<p>Al respecto, m\u00e9dicos familiares de este Instituto concentran esfuerzos, acad\u00e9micos, t\u00e9cnicos y operativos, para establecer y estandarizar protocolos de acci\u00f3n que permitan ayudar a los pacientes, o a quienes conviven con ellos, para detectar cu\u00e1ndo una de estas actividades se convierte en pr\u00e1ctica nociva.<\/p>\n<p>Personal de Psiquiatr\u00eda de esta dependencia detall\u00f3 que un paciente con este tipo de adicci\u00f3n puede presentar modificaciones repentinas de humor, p\u00e9rdida del autocontrol, bloqueos para iniciar\/seguir una conversaci\u00f3n o relaciones interpersonales, agobio, inseguridad, sensaci\u00f3n de vac\u00edo, celos y hasta dificultad para tomar decisiones.<\/p>\n<p>Una de los especialistas indic\u00f3 que algunos signos para detectar si se es adicto a las redes sociales (RRSS) es aislarse de las relaciones cara a cara, p\u00e9rdida de la noci\u00f3n del tiempo o del espacio, debido a la permanencia en las RRSS, llegando, muchas veces, hasta a privarse del sue\u00f1o.<\/p>\n<p>Baja en el rendimiento escolar, descuido de responsabilidades o actividades consideradas como importantes en el entorno laboral, escolar, social, familiar o de pareja, o bien, manifestaciones de euforia, as\u00ed como pensar y hablar persistentemente de los temas y circunstancias que suceden entre los conocidos de la red.<\/p>\n<p>&nbsp;<\/p>\n<p>&nbsp;<\/p>\n<p style=\"text-align: center;\"><strong>Aterriza de emergencia avioneta cerca del Aeropuerto de Toluca<\/strong><\/p>\n<p>&nbsp;<\/p>\n<div id=\"attachment_372899\" style=\"width: 470px\" class=\"wp-caption aligncenter\"><img loading=\"lazy\" decoding=\"async\" aria-describedby=\"caption-attachment-372899\" class=\"size-large wp-image-372899\" src=\"http:\/\/www.diarioimagen.net\/wp-content\/uploads\/2018\/04\/AVIONETA20-portal-460x268.jpg\" alt=\"\" width=\"460\" height=\"268\" srcset=\"https:\/\/www.diarioimagen.net\/wp-content\/uploads\/2018\/04\/AVIONETA20-portal-460x268.jpg 460w, https:\/\/www.diarioimagen.net\/wp-content\/uploads\/2018\/04\/AVIONETA20-portal-240x140.jpg 240w, https:\/\/www.diarioimagen.net\/wp-content\/uploads\/2018\/04\/AVIONETA20-portal.jpg 480w\" sizes=\"auto, (max-width: 460px) 100vw, 460px\" \/><p id=\"caption-attachment-372899\" class=\"wp-caption-text\">La aeronave matr\u00edcula XB-KUX realiz\u00f3 un descenso de emergencia a la altura de R\u00edo Lerma, en una zona despoblada.<\/p><\/div>\n<p>&nbsp;<\/p>\n<p>El Aeropuerto Internacional de Toluca report\u00f3 este jueves el aterrizaje forzoso de una aeronave matr\u00edcula XB-KUX de la empresa Flight Mex, la cual despeg\u00f3 a las 10:41 horas de la terminal a\u00e9rea.<\/p>\n<p>A las 11:08 horas se pierde contacto y comienza el rastreo, detectando que se registra un aterrizaje de emergencia a 2.6 millas del aeropuerto.<\/p>\n<p>La aeronave despeg\u00f3 al mando del Capit\u00e1n Santiago Cienfuegos y una persona m\u00e1s, quien era alumno de esta empresa de aviaci\u00f3n; ambos resultaron ilesos.<\/p>\n<p>Por el incidente, las autoridades correspondientes realizar\u00e1n las investigaciones para detectar las causas del percance.<\/p>\n","protected":false},"excerpt":{"rendered":"<p><span style=\"color: #005497;\">Jos\u00e9 Luis Monta\u00f1ez Aguilar<\/span><br \/>\n<br \/>\nEl Aeropuerto Internacional de Toluca report\u00f3 este jueves el aterrizaje forzoso de una aeronave matr\u00edcula XB-KUX de la empresa Flight Mex, la cual despeg\u00f3 a las 10:41 horas de la terminal a\u00e9rea.<\/p>\n","protected":false},"author":5,"featured_media":372899,"comment_status":"open","ping_status":"open","sticky":false,"template":"","format":"standard","meta":{"_monsterinsights_skip_tracking":false,"_monsterinsights_sitenote_active":false,"_monsterinsights_sitenote_note":"","_monsterinsights_sitenote_category":0,"footnotes":""},"categories":[5],"tags":[4663,13284,65377,72752,43704,72789,452],"class_list":["post-372898","post","type-post","status-publish","format-standard","has-post-thumbnail","hentry","category-estado-de-mexico","tag-aeropuerto","tag-arco-norte","tag-aterriza-de-emergencia","tag-capitan-santiago-cienfuegos","tag-jose-luis-montanez-aguilar","tag-oipinion","tag-toluca"],"_links":{"self":[{"href":"https:\/\/www.diarioimagen.net\/index.php?rest_route=\/wp\/v2\/posts\/372898","targetHints":{"allow":["GET"]}}],"collection":[{"href":"https:\/\/www.diarioimagen.net\/index.php?rest_route=\/wp\/v2\/posts"}],"about":[{"href":"https:\/\/www.diarioimagen.net\/index.php?rest_route=\/wp\/v2\/types\/post"}],"author":[{"embeddable":true,"href":"https:\/\/www.diarioimagen.net\/index.php?rest_route=\/wp\/v2\/users\/5"}],"replies":[{"embeddable":true,"href":"https:\/\/www.diarioimagen.net\/index.php?rest_route=%2Fwp%2Fv2%2Fcomments&post=372898"}],"version-history":[{"count":0,"href":"https:\/\/www.diarioimagen.net\/index.php?rest_route=\/wp\/v2\/posts\/372898\/revisions"}],"wp:featuredmedia":[{"embeddable":true,"href":"https:\/\/www.diarioimagen.net\/index.php?rest_route=\/wp\/v2\/media\/372899"}],"wp:attachment":[{"href":"https:\/\/www.diarioimagen.net\/index.php?rest_route=%2Fwp%2Fv2%2Fmedia&parent=372898"}],"wp:term":[{"taxonomy":"category","embeddable":true,"href":"https:\/\/www.diarioimagen.net\/index.php?rest_route=%2Fwp%2Fv2%2Fcategories&post=372898"},{"taxonomy":"post_tag","embeddable":true,"href":"https:\/\/www.diarioimagen.net\/index.php?rest_route=%2Fwp%2Fv2%2Ftags&post=372898"}],"curies":[{"name":"wp","href":"https:\/\/api.w.org\/{rel}","templated":true}]}}