{"id":372938,"date":"2018-04-20T00:10:55","date_gmt":"2018-04-20T05:10:55","guid":{"rendered":"http:\/\/www.diarioimagen.net\/?p=372938"},"modified":"2018-04-20T04:40:48","modified_gmt":"2018-04-20T09:40:48","slug":"abre-metepec-convocatoria-para-becas-de-nivel-superior","status":"publish","type":"post","link":"https:\/\/www.diarioimagen.net\/?p=372938","title":{"rendered":"Abre Metepec convocatoria para becas de nivel superior"},"content":{"rendered":"<ul>\n<li><strong><em>Para estimular su desempe\u00f1o y formaci\u00f3n profesional<\/em><\/strong><\/li>\n<\/ul>\n<p>&nbsp;<\/p>\n<div id=\"attachment_373018\" style=\"width: 470px\" class=\"wp-caption aligncenter\"><a href=\"http:\/\/www.diarioimagen.net\/?attachment_id=373018\" rel=\"attachment wp-att-373018\"><img loading=\"lazy\" decoding=\"async\" aria-describedby=\"caption-attachment-373018\" class=\"size-large wp-image-373018\" src=\"http:\/\/www.diarioimagen.net\/wp-content\/uploads\/2018\/04\/METEPEC-3351-460x259.jpg\" alt=\"\" width=\"460\" height=\"259\" srcset=\"https:\/\/www.diarioimagen.net\/wp-content\/uploads\/2018\/04\/METEPEC-3351-460x259.jpg 460w, https:\/\/www.diarioimagen.net\/wp-content\/uploads\/2018\/04\/METEPEC-3351-240x135.jpg 240w, https:\/\/www.diarioimagen.net\/wp-content\/uploads\/2018\/04\/METEPEC-3351-235x132.jpg 235w, https:\/\/www.diarioimagen.net\/wp-content\/uploads\/2018\/04\/METEPEC-3351-202x114.jpg 202w, https:\/\/www.diarioimagen.net\/wp-content\/uploads\/2018\/04\/METEPEC-3351-350x196.jpg 350w, https:\/\/www.diarioimagen.net\/wp-content\/uploads\/2018\/04\/METEPEC-3351-220x123.jpg 220w, https:\/\/www.diarioimagen.net\/wp-content\/uploads\/2018\/04\/METEPEC-3351-237x132.jpg 237w, https:\/\/www.diarioimagen.net\/wp-content\/uploads\/2018\/04\/METEPEC-3351.jpg 480w\" sizes=\"auto, (max-width: 460px) 100vw, 460px\" \/><\/a><p id=\"caption-attachment-373018\" class=\"wp-caption-text\">Metepec invita a los estudiantes de licenciatura, maestr\u00eda y doctorado, inscritos en instituciones p\u00fablicas y privadas, a participar en el concurso para la obtenci\u00f3n de becas.<\/p><\/div>\n<p>&nbsp;<\/p>\n<p><strong>Metepec, Estado de M\u00e9xico<\/strong>.- Este municipio invita a todos los estudiantes de licenciatura, maestr\u00eda y doctorado, inscritos en instituciones p\u00fablicas y privadas, a participar en el concurso para la obtenci\u00f3n de becas correspondientes al ciclo escolar 2017-2018, cuyo prop\u00f3sito es estimular su desempe\u00f1o y formaci\u00f3n profesional.<\/p>\n<p>A trav\u00e9s de la respectiva convocatoria, el ayuntamiento estableci\u00f3 las reglas para posible obtenci\u00f3n de las becas, entre \u00e9stas,\u00a0 indican que los aspirantes deber\u00e1n acreditar su residencia en la demarcaci\u00f3n, contar con promedio m\u00ednimo de 9.0, validar mediante una constancia su permanencia en la instituci\u00f3n donde cursan su plan de estudios, as\u00ed como efectuar el registro de solicitud en la p\u00e1gina www.metepec.gob.mx, en la fecha que le corresponda de acuerdo a la letra con la que comience su primer apellido.<\/p>\n<p>Una vez concluido el registro, los interesados deber\u00e1n asistir en tiempo y forma, del 13 de agosto al 10 de septiembre del presente a\u00f1o, al auditorio de la biblioteca \u201cAndr\u00e9s Molina Enr\u00edquez\u201d, ubicada en la Unidad Habitacional del mismo nombre, para presentar la hoja de registro impresa, acta de nacimiento del alumno, CURP, identificaci\u00f3n oficial con fotograf\u00eda, \u00faltimo comprobante que avale el ingreso mensual del alumno, padres de familia o tutor, as\u00ed como una constancia de estudios.<\/p>\n<p>Destacar que las becas constan de un est\u00edmulo econ\u00f3mico que va de dos mil a 4 mil pesos, dependiendo el nivel de estudios que el interesado curse actualmente, y ser\u00e1 entregado en una sola exhibici\u00f3n en octubre en la Unidad Deportiva \u201cMart\u00edn Alarc\u00f3n Hisojo\u201d de esta ciudad.<\/p>\n","protected":false},"excerpt":{"rendered":"<p>Este municipio invita a todos los estudiantes de licenciatura, maestr\u00eda y doctorado, inscritos en instituciones p\u00fablicas y privadas, a participar en el concurso para la obtenci\u00f3n de becas correspondientes al ciclo escolar 2017-2018, cuyo prop\u00f3sito es estimular su desempe\u00f1o y formaci\u00f3n profesional.<\/p>\n","protected":false},"author":3,"featured_media":373018,"comment_status":"open","ping_status":"open","sticky":false,"template":"","format":"standard","meta":{"_monsterinsights_skip_tracking":false,"_monsterinsights_sitenote_active":false,"_monsterinsights_sitenote_note":"","_monsterinsights_sitenote_category":0,"footnotes":""},"categories":[5],"tags":[11642,43675,876,66731],"class_list":["post-372938","post","type-post","status-publish","format-standard","has-post-thumbnail","hentry","category-estado-de-mexico","tag-becas","tag-estado-de-mexico","tag-metepec","tag-nivel-superior"],"_links":{"self":[{"href":"https:\/\/www.diarioimagen.net\/index.php?rest_route=\/wp\/v2\/posts\/372938","targetHints":{"allow":["GET"]}}],"collection":[{"href":"https:\/\/www.diarioimagen.net\/index.php?rest_route=\/wp\/v2\/posts"}],"about":[{"href":"https:\/\/www.diarioimagen.net\/index.php?rest_route=\/wp\/v2\/types\/post"}],"author":[{"embeddable":true,"href":"https:\/\/www.diarioimagen.net\/index.php?rest_route=\/wp\/v2\/users\/3"}],"replies":[{"embeddable":true,"href":"https:\/\/www.diarioimagen.net\/index.php?rest_route=%2Fwp%2Fv2%2Fcomments&post=372938"}],"version-history":[{"count":0,"href":"https:\/\/www.diarioimagen.net\/index.php?rest_route=\/wp\/v2\/posts\/372938\/revisions"}],"wp:featuredmedia":[{"embeddable":true,"href":"https:\/\/www.diarioimagen.net\/index.php?rest_route=\/wp\/v2\/media\/373018"}],"wp:attachment":[{"href":"https:\/\/www.diarioimagen.net\/index.php?rest_route=%2Fwp%2Fv2%2Fmedia&parent=372938"}],"wp:term":[{"taxonomy":"category","embeddable":true,"href":"https:\/\/www.diarioimagen.net\/index.php?rest_route=%2Fwp%2Fv2%2Fcategories&post=372938"},{"taxonomy":"post_tag","embeddable":true,"href":"https:\/\/www.diarioimagen.net\/index.php?rest_route=%2Fwp%2Fv2%2Ftags&post=372938"}],"curies":[{"name":"wp","href":"https:\/\/api.w.org\/{rel}","templated":true}]}}