{"id":372983,"date":"2018-04-20T00:05:44","date_gmt":"2018-04-20T05:05:44","guid":{"rendered":"http:\/\/www.diarioimagen.net\/?p=372983"},"modified":"2018-04-20T05:02:14","modified_gmt":"2018-04-20T10:02:14","slug":"propuestas-de-meade-condensan-afanes-y-aspiraciones-de-los-mexicanos-camacho","status":"publish","type":"post","link":"https:\/\/www.diarioimagen.net\/?p=372983","title":{"rendered":"Propuestas de Meade condensan afanes y aspiraciones de los mexicanos\u201d: Camacho"},"content":{"rendered":"<p><a href=\"http:\/\/www.diarioimagen.net\/?attachment_id=373060\" rel=\"attachment wp-att-373060\"><img loading=\"lazy\" decoding=\"async\" class=\"aligncenter size-large wp-image-373060\" src=\"http:\/\/www.diarioimagen.net\/wp-content\/uploads\/2018\/04\/AMECAMECA-3351-460x259.jpg\" alt=\"\" width=\"460\" height=\"259\" srcset=\"https:\/\/www.diarioimagen.net\/wp-content\/uploads\/2018\/04\/AMECAMECA-3351-460x259.jpg 460w, https:\/\/www.diarioimagen.net\/wp-content\/uploads\/2018\/04\/AMECAMECA-3351-240x135.jpg 240w, https:\/\/www.diarioimagen.net\/wp-content\/uploads\/2018\/04\/AMECAMECA-3351-235x132.jpg 235w, https:\/\/www.diarioimagen.net\/wp-content\/uploads\/2018\/04\/AMECAMECA-3351-202x114.jpg 202w, https:\/\/www.diarioimagen.net\/wp-content\/uploads\/2018\/04\/AMECAMECA-3351-350x196.jpg 350w, https:\/\/www.diarioimagen.net\/wp-content\/uploads\/2018\/04\/AMECAMECA-3351-220x123.jpg 220w, https:\/\/www.diarioimagen.net\/wp-content\/uploads\/2018\/04\/AMECAMECA-3351-237x132.jpg 237w, https:\/\/www.diarioimagen.net\/wp-content\/uploads\/2018\/04\/AMECAMECA-3351.jpg 480w\" sizes=\"auto, (max-width: 460px) 100vw, 460px\" \/><\/a><\/p>\n<p>&nbsp;<\/p>\n<p><strong>Amecameca, Estado de M\u00e9xico.-<\/strong> C\u00e9sar Camacho, candidato del PRI al Senado de la Rep\u00fablica por el Estado de M\u00e9xico, reconoci\u00f3 desde la zona oriente de la entidad, a los adultos mayores como un grupo al que, por su experiencia de vida, nada ni nadie los podr\u00e1 vencer.<\/p>\n<p>\u201cSon gente grande en toda la extensi\u00f3n de la palabra y por eso requieren, y tendr\u00e1n, un programa de apoyo espec\u00edfico para atender sus necesidades inmediatas\u201d, dijo el abanderado tricolor, durante su gira proselitista.<\/p>\n","protected":false},"excerpt":{"rendered":"<p>C\u00e9sar Camacho, candidato del PRI al Senado de la Rep\u00fablica por el Estado de M\u00e9xico, reconoci\u00f3 desde la zona oriente de la entidad, a los adultos mayores como un grupo al que, por su experiencia de vida, nada ni nadie los podr\u00e1 vencer.<\/p>\n","protected":false},"author":3,"featured_media":373060,"comment_status":"open","ping_status":"open","sticky":false,"template":"","format":"standard","meta":{"_monsterinsights_skip_tracking":false,"_monsterinsights_sitenote_active":false,"_monsterinsights_sitenote_note":"","_monsterinsights_sitenote_category":0,"footnotes":""},"categories":[35155],"tags":[5055,43675,26429],"class_list":["post-372983","post","type-post","status-publish","format-standard","has-post-thumbnail","hentry","category-estado-de-mexico-estado-de-mexico","tag-amecameca","tag-estado-de-mexico","tag-jose-antonio-meade-kuribrena"],"_links":{"self":[{"href":"https:\/\/www.diarioimagen.net\/index.php?rest_route=\/wp\/v2\/posts\/372983","targetHints":{"allow":["GET"]}}],"collection":[{"href":"https:\/\/www.diarioimagen.net\/index.php?rest_route=\/wp\/v2\/posts"}],"about":[{"href":"https:\/\/www.diarioimagen.net\/index.php?rest_route=\/wp\/v2\/types\/post"}],"author":[{"embeddable":true,"href":"https:\/\/www.diarioimagen.net\/index.php?rest_route=\/wp\/v2\/users\/3"}],"replies":[{"embeddable":true,"href":"https:\/\/www.diarioimagen.net\/index.php?rest_route=%2Fwp%2Fv2%2Fcomments&post=372983"}],"version-history":[{"count":0,"href":"https:\/\/www.diarioimagen.net\/index.php?rest_route=\/wp\/v2\/posts\/372983\/revisions"}],"wp:featuredmedia":[{"embeddable":true,"href":"https:\/\/www.diarioimagen.net\/index.php?rest_route=\/wp\/v2\/media\/373060"}],"wp:attachment":[{"href":"https:\/\/www.diarioimagen.net\/index.php?rest_route=%2Fwp%2Fv2%2Fmedia&parent=372983"}],"wp:term":[{"taxonomy":"category","embeddable":true,"href":"https:\/\/www.diarioimagen.net\/index.php?rest_route=%2Fwp%2Fv2%2Fcategories&post=372983"},{"taxonomy":"post_tag","embeddable":true,"href":"https:\/\/www.diarioimagen.net\/index.php?rest_route=%2Fwp%2Fv2%2Ftags&post=372983"}],"curies":[{"name":"wp","href":"https:\/\/api.w.org\/{rel}","templated":true}]}}