{"id":373105,"date":"2018-04-23T00:06:24","date_gmt":"2018-04-23T05:06:24","guid":{"rendered":"http:\/\/www.diarioimagen.net\/?p=373105"},"modified":"2018-04-23T01:29:25","modified_gmt":"2018-04-23T06:29:25","slug":"jeronimo-sada-triunfa-en-foro-viena","status":"publish","type":"post","link":"https:\/\/www.diarioimagen.net\/?p=373105","title":{"rendered":"Jer\u00f3nimo Sada triunfa en Foro Viena"},"content":{"rendered":"<ul>\n<li><em><strong>El cantautor ofreci\u00f3 un recital cargado de m\u00fasica pop, baladas y mariachi, con un rotundo \u00e9xito<\/strong><\/em><\/li>\n<\/ul>\n<h6>\u00a0Arturo Arellano<\/h6>\n<p><strong>\u00a0<\/strong><\/p>\n<div id=\"attachment_373106\" style=\"width: 470px\" class=\"wp-caption aligncenter\"><img loading=\"lazy\" decoding=\"async\" aria-describedby=\"caption-attachment-373106\" class=\"size-large wp-image-373106\" src=\"http:\/\/www.diarioimagen.net\/wp-content\/uploads\/2018\/04\/JERONIMO-PORTAL-460x268.jpg\" alt=\"\" width=\"460\" height=\"268\" srcset=\"https:\/\/www.diarioimagen.net\/wp-content\/uploads\/2018\/04\/JERONIMO-PORTAL-460x268.jpg 460w, https:\/\/www.diarioimagen.net\/wp-content\/uploads\/2018\/04\/JERONIMO-PORTAL-240x140.jpg 240w, https:\/\/www.diarioimagen.net\/wp-content\/uploads\/2018\/04\/JERONIMO-PORTAL.jpg 480w\" sizes=\"auto, (max-width: 460px) 100vw, 460px\" \/><p id=\"caption-attachment-373106\" class=\"wp-caption-text\">Jer\u00f3nimo Sada ha cedido sus temas a artistas como El Recodo, El Chapo de Sinaloa, Palomo, Los Cardenales de Nuevo Le\u00f3n y ahora ofrece sus propias versiones de los \u00e9xitos.<em> (Foto: Arturo Arellano).<\/em><\/p><\/div>\n<p>&nbsp;<\/p>\n<p>Jer\u00f3nimo Sada es un joven graduado en la Facultad de Medicina el a\u00f1o 2005; sin embargo, su vocaci\u00f3n art\u00edstica ha sido tan fuerte que termin\u00f3 inclin\u00e1ndolo de manera definitiva hacia la m\u00fasica, raz\u00f3n por la que ha grabado distintos discos con temas de su autor\u00eda y ha cedido otros tantos \u00e9xitos a artistas como El Chapo de Sinaloa, Palomo, Los Cardenales de Nuevo Le\u00f3n, entre otros. Su m\u00e1s reciente disco es \u201cMariachi de autor\u201d, con el que tuvo a bien presentarse en el Lunario del Auditorio Nacional y por cuyo \u00e9xito ha tenido que emprender una gira de presentaciones por diferentes espacios del pa\u00eds, el m\u00e1s reciente el pasado fin de semana en el Foro Viena, donde ya no s\u00f3lo present\u00f3 los temas del disco, sino que deleit\u00f3 con canciones igualmente de su autor\u00eda, pero en un formato de trova, pop, balada y un gran cierre con el mariachi.<\/p>\n<p>Previo a esta exitosa presentaci\u00f3n, Sada platic\u00f3 en entrevista para DIARIO IMAGEN: \u201cMis conciertos son siempre una fusi\u00f3n, de g\u00e9neros como el pop, la balada, la trova, rock y ahora hasta el mariachi, se funden los mariachis con la banda, con la intenci\u00f3n de lograr un ir y venir en tem\u00e1ticas y sentimientos. Esperando que sea divertido y \u00e1gil\u201d. Y as\u00ed fue pues, en la presentaci\u00f3n hubo momentos emotivos enmarcados con temas de los seis discos en su haber, acompa\u00f1ado ya sea por toda una banda o \u00fanicamente \u00e9l y su guitarra, para finalmente invitar al mariachi, que le acompa\u00f1\u00f3 en los temas que forman parte de su disco.<\/p>\n<div id=\"attachment_373107\" style=\"width: 340px\" class=\"wp-caption alignleft\"><img loading=\"lazy\" decoding=\"async\" aria-describedby=\"caption-attachment-373107\" class=\" wp-image-373107\" src=\"http:\/\/www.diarioimagen.net\/wp-content\/uploads\/2018\/04\/JERONIMO03-PORTAL-460x259.jpg\" alt=\"\" width=\"330\" height=\"186\" srcset=\"https:\/\/www.diarioimagen.net\/wp-content\/uploads\/2018\/04\/JERONIMO03-PORTAL-460x259.jpg 460w, https:\/\/www.diarioimagen.net\/wp-content\/uploads\/2018\/04\/JERONIMO03-PORTAL-240x135.jpg 240w, https:\/\/www.diarioimagen.net\/wp-content\/uploads\/2018\/04\/JERONIMO03-PORTAL-480x270.jpg 480w, https:\/\/www.diarioimagen.net\/wp-content\/uploads\/2018\/04\/JERONIMO03-PORTAL-235x132.jpg 235w, https:\/\/www.diarioimagen.net\/wp-content\/uploads\/2018\/04\/JERONIMO03-PORTAL-202x114.jpg 202w, https:\/\/www.diarioimagen.net\/wp-content\/uploads\/2018\/04\/JERONIMO03-PORTAL-350x196.jpg 350w, https:\/\/www.diarioimagen.net\/wp-content\/uploads\/2018\/04\/JERONIMO03-PORTAL-220x123.jpg 220w, https:\/\/www.diarioimagen.net\/wp-content\/uploads\/2018\/04\/JERONIMO03-PORTAL.jpg 700w\" sizes=\"auto, (max-width: 330px) 100vw, 330px\" \/><p id=\"caption-attachment-373107\" class=\"wp-caption-text\">El concierto de Jer\u00f3nimo en Foro Viena fue un absoluto \u00e9xito, por lo que el cantautor continuar\u00e1 girando en distintos escenarios.<\/p><\/div>\n<p>\u201cTodos mis discos han sido de temas originales, primero soy compositor y luego int\u00e9rprete. Algunas de mis canciones han sido \u00e9xitos radiales con otros artistas, como Recodo, Cardenales, El Trono de M\u00e9xico y muchos m\u00e1s. Cuando las interpreto yo las hago como nacieron, en la versi\u00f3n del compositor, con otros arreglos, porque yo no hago regional mexicano, hago pop o trova. Dentro de mis discos hay canciones que s\u00f3lo yo he interpretado, pero tambi\u00e9n aquellas que han sido \u00e9xito con otros\u201d. Sobre los temas con mariachi, explica que \u201ccolocar un \u00e9xito nuevo entre la poblaci\u00f3n es dif\u00edcil, pero apostamos a las nuevas\u00a0generaciones. Cuando piensas en mariachi, piensas en la m\u00fasica tradicional y no s\u00f3lo en el g\u00e9nero, sino en las canciones que ya existen, no se mueven, son las mismas siempre y no existe una propuesta permanente de temas, como lo hay para el pop o el rock y eso ha perjudicado al g\u00e9nero, pero yo tomo el riesgo y la oportunidad de poder ofrecer a las nuevas generaciones su propia versi\u00f3n, sus propios recuerdos y sus propias canciones de mariachi, que no piensen en que es la m\u00fasica de sus abuelos, sino \u00e9ste es el mariachi de mis tiempos\u201d.<\/p>\n<p>\u201cNo soy celoso con mis temas, me gusta que se graben en cualquier versi\u00f3n, porque un tema cuando es bueno, no importa el g\u00e9nero. Las canciones son mis hijas y si se van a ir de paseo por aqu\u00ed o por alla, adelante, siguen siendo mis hijas y eso no las demerita. Para m\u00ed es un honor y me da gusto escuchar mis canciones en otro g\u00e9nero, con otro p\u00fablico, que las hagan suya a su manera, esa es la vocaci\u00f3n del compositor. Cuando hay canciones m\u00edas, exitosas con otros artistas yo gano, porque despu\u00e9s a mi me sirve que ya las hayan promocionado\u201d.<\/p>\n<div id=\"attachment_373108\" style=\"width: 258px\" class=\"wp-caption alignright\"><img loading=\"lazy\" decoding=\"async\" aria-describedby=\"caption-attachment-373108\" class=\" wp-image-373108\" src=\"http:\/\/www.diarioimagen.net\/wp-content\/uploads\/2018\/04\/JERONIMO02-PORTAL-460x460.jpg\" alt=\"\" width=\"248\" height=\"241\" \/><p id=\"caption-attachment-373108\" class=\"wp-caption-text\">El m\u00e1s reciente disco de Sada es \u201cMariachi de autor\u201d con el que pretende llevar este estilo musical a las nuevas generaciones<\/p><\/div>\n<p>Describe su proceso de composici\u00f3n como \u201cUn vaiv\u00e9n de maneras y formas, a veces hay canciones que me han nacido como por arte de inspiraci\u00f3n en una descarga, pero tambi\u00e9n otras que he trabajado por mucho tiempo. Intento buscar un equilibrio, entre la carga emocional y la pulida con el oficio, eso es lo que termina haciendo m\u00e1s atractiva una canci\u00f3n, no es tan austero, como algo meramente de la inspiraci\u00f3n, porque hay temas que son muy tuyos y con el trabajo de oficio la vuelves compatible. Uno que hace esto para compartirlo, tiene que buscar la manera de que sea un lenguaje universal\u201d. En ese tenor nos cuenta que \u201cdentro del oficio, tengo ahorita un tema institucional, que es el del estado de Hidalgo, lo est\u00e1 usando el gobierno para promoci\u00f3n tur\u00edstica y cultura. Fue una canci\u00f3n que hice inspir\u00e1ndome en sus recursos naturales, costumbres, tradiciones e incluso lo hice en huapango\u201d.<\/p>\n<p>Con el \u00e9xito obtenido con su presentaci\u00f3n en el Foro Viena, Jer\u00f3nimo Sada continuar\u00e1 ofreciendo conciertos en otros espacios del pa\u00eds, en ese inter\u00e9s de promover su m\u00fasica y el g\u00e9nero de mariachi con las nuevas generaciones.<\/p>\n","protected":false},"excerpt":{"rendered":"<p>Jer\u00f3nimo Sada es un joven graduado en la Facultad de Medicina el a\u00f1o 2005; sin embargo, su vocaci\u00f3n art\u00edstica ha sido tan fuerte que termin\u00f3 inclin\u00e1ndolo de manera definitiva hacia la m\u00fasica, raz\u00f3n por la que ha grabado distintos discos con temas de su autor\u00eda y ha cedido otros tantos \u00e9xitos a artistas como El Chapo de Sinaloa, Palomo, Los Cardenales de Nuevo Le\u00f3n, entre otros. <\/p>\n","protected":false},"author":5,"featured_media":373106,"comment_status":"open","ping_status":"open","sticky":false,"template":"","format":"standard","meta":{"_monsterinsights_skip_tracking":false,"_monsterinsights_sitenote_active":false,"_monsterinsights_sitenote_note":"","_monsterinsights_sitenote_category":0,"footnotes":""},"categories":[12],"tags":[72809,71188,72003,43682,746,72563,70036,8017,72811,6549,72810],"class_list":["post-373105","post","type-post","status-publish","format-standard","has-post-thumbnail","hentry","category-espectaculos","tag-baladas-y-mariachi","tag-cantautor","tag-el-chapo-de-sinaloa","tag-espectaculos","tag-facultad-de-medicina","tag-foro-viena","tag-jeronimo-sada","tag-lunario-del-auditorio-nacional","tag-palomo","tag-pop","tag-mariachi-de-autor"],"_links":{"self":[{"href":"https:\/\/www.diarioimagen.net\/index.php?rest_route=\/wp\/v2\/posts\/373105","targetHints":{"allow":["GET"]}}],"collection":[{"href":"https:\/\/www.diarioimagen.net\/index.php?rest_route=\/wp\/v2\/posts"}],"about":[{"href":"https:\/\/www.diarioimagen.net\/index.php?rest_route=\/wp\/v2\/types\/post"}],"author":[{"embeddable":true,"href":"https:\/\/www.diarioimagen.net\/index.php?rest_route=\/wp\/v2\/users\/5"}],"replies":[{"embeddable":true,"href":"https:\/\/www.diarioimagen.net\/index.php?rest_route=%2Fwp%2Fv2%2Fcomments&post=373105"}],"version-history":[{"count":0,"href":"https:\/\/www.diarioimagen.net\/index.php?rest_route=\/wp\/v2\/posts\/373105\/revisions"}],"wp:featuredmedia":[{"embeddable":true,"href":"https:\/\/www.diarioimagen.net\/index.php?rest_route=\/wp\/v2\/media\/373106"}],"wp:attachment":[{"href":"https:\/\/www.diarioimagen.net\/index.php?rest_route=%2Fwp%2Fv2%2Fmedia&parent=373105"}],"wp:term":[{"taxonomy":"category","embeddable":true,"href":"https:\/\/www.diarioimagen.net\/index.php?rest_route=%2Fwp%2Fv2%2Fcategories&post=373105"},{"taxonomy":"post_tag","embeddable":true,"href":"https:\/\/www.diarioimagen.net\/index.php?rest_route=%2Fwp%2Fv2%2Ftags&post=373105"}],"curies":[{"name":"wp","href":"https:\/\/api.w.org\/{rel}","templated":true}]}}