{"id":373123,"date":"2018-04-23T00:07:26","date_gmt":"2018-04-23T05:07:26","guid":{"rendered":"http:\/\/www.diarioimagen.net\/?p=373123"},"modified":"2018-04-23T22:22:36","modified_gmt":"2018-04-24T03:22:36","slug":"busca-edomex-el-primer-lugar-en-produccion-de-maiz","status":"publish","type":"post","link":"https:\/\/www.diarioimagen.net\/?p=373123","title":{"rendered":"Busca Edomex el primer lugar en producci\u00f3n de ma\u00edz"},"content":{"rendered":"<ul>\n<li><em><strong>Se re\u00fane gobernador con productores<\/strong><\/em><\/li>\n<li><em><strong>Atiende necesidades de contar con m\u00e1s centros de acopio y almacenamiento<\/strong><\/em><\/li>\n<\/ul>\n<p>&nbsp;<\/p>\n<div id=\"attachment_373209\" style=\"width: 470px\" class=\"wp-caption aligncenter\"><a href=\"http:\/\/www.diarioimagen.net\/?attachment_id=373209\" rel=\"attachment wp-att-373209\"><img loading=\"lazy\" decoding=\"async\" aria-describedby=\"caption-attachment-373209\" class=\"size-large wp-image-373209\" src=\"http:\/\/www.diarioimagen.net\/wp-content\/uploads\/2018\/04\/del-mazo-3352-460x259.jpg\" alt=\"\" width=\"460\" height=\"259\" srcset=\"https:\/\/www.diarioimagen.net\/wp-content\/uploads\/2018\/04\/del-mazo-3352-460x259.jpg 460w, https:\/\/www.diarioimagen.net\/wp-content\/uploads\/2018\/04\/del-mazo-3352-240x135.jpg 240w, https:\/\/www.diarioimagen.net\/wp-content\/uploads\/2018\/04\/del-mazo-3352-235x132.jpg 235w, https:\/\/www.diarioimagen.net\/wp-content\/uploads\/2018\/04\/del-mazo-3352-202x114.jpg 202w, https:\/\/www.diarioimagen.net\/wp-content\/uploads\/2018\/04\/del-mazo-3352-350x196.jpg 350w, https:\/\/www.diarioimagen.net\/wp-content\/uploads\/2018\/04\/del-mazo-3352-220x123.jpg 220w, https:\/\/www.diarioimagen.net\/wp-content\/uploads\/2018\/04\/del-mazo-3352-237x132.jpg 237w, https:\/\/www.diarioimagen.net\/wp-content\/uploads\/2018\/04\/del-mazo-3352.jpg 480w\" sizes=\"auto, (max-width: 460px) 100vw, 460px\" \/><\/a><p id=\"caption-attachment-373209\" class=\"wp-caption-text\">El gobernador Alfredo Del Mazo se reuni\u00f3 con productores de ma\u00edz de Alta productividad de las diferentes regiones de la entidad.<\/p><\/div>\n<p>&nbsp;<\/p>\n<p><strong>Calimaya, Estado de M\u00e9xico<\/strong>.- El gobernador del Estado de M\u00e9xico, Alfredo Del Mazo, se\u00f1al\u00f3 ante campesinos, que se trabajar\u00e1 de la mano con los productores mexiquenses de ma\u00edz,\u00a0 para que el Estado de M\u00e9xico ocupe el primer lugar en producci\u00f3n de este grano a nivel nacional.<\/p>\n<p>\u201cSon ustedes quienes hacen posible que el Estado de M\u00e9xico sea uno de los principales productores de ma\u00edz a nivel nacional. Somos el tercer productor de ma\u00edz a nivel nacional, en su momento fuimos el primero, en los a\u00f1os ochentas.<\/p>\n<p>Debemos de aspirar a eso, a ser el primer lugar\u201d, subray\u00f3 el mandatario estatal.<\/p>\n<p>\u201cTenemos el talento humano, que es lo m\u00e1s importante, tenemos la tierra, por supuesto, tenemos los productos de calidad y mejorados que se requieren, y la voluntad, por supuesto, de ambos, de los productores y del Gobierno del Estado, para poder lograrlo\u201d, expres\u00f3. El gobernador mexiquense se reuni\u00f3 con productores de ma\u00edz de alta productividad de las diferentes regiones de la entidad, donde escuch\u00f3 sus necesidades y peticiones, para analizar las acciones que se pueden llevar a cabo para tener mejoras en la producci\u00f3n de ma\u00edz, as\u00ed como en materia de comercializaci\u00f3n, expansi\u00f3n de tierras para sembrar m\u00e1s hect\u00e1reas con este grano, m\u00e1s infraestructura hidr\u00e1ulica,\u00a0 y contar con m\u00e1s centros de acopio y almacenamiento.<\/p>\n<p>\u201cYo les agradezco la oportunidad de estar con ustedes y les reitero ese compromiso por parte del gobierno del estado, de trabajar de la mano de los productores de ma\u00edz y sobre todo del campo mexiquense\u201d.<\/p>\n<p>El mandatario mexiquense recorri\u00f3 tambi\u00e9n las instalaciones de la empresa Aspros, que se dedica al mejoramiento de la semilla de ma\u00edz, para apoyar a los productores mexiquenses.<\/p>\n","protected":false},"excerpt":{"rendered":"<p>El gobernador del Estado de M\u00e9xico, Alfredo Del Mazo, se\u00f1al\u00f3 ante campesinos, que se trabajar\u00e1 de la mano con los productores mexiquenses de ma\u00edz,  para que el Estado de M\u00e9xico ocupe el primer lugar en producci\u00f3n de este grano a nivel nacional.<\/p>\n","protected":false},"author":3,"featured_media":373209,"comment_status":"open","ping_status":"open","sticky":false,"template":"","format":"standard","meta":{"_monsterinsights_skip_tracking":false,"_monsterinsights_sitenote_active":false,"_monsterinsights_sitenote_note":"","_monsterinsights_sitenote_category":0,"footnotes":""},"categories":[5],"tags":[5830,43675,72824,16953],"class_list":["post-373123","post","type-post","status-publish","format-standard","has-post-thumbnail","hentry","category-estado-de-mexico","tag-calimaya","tag-estado-de-mexico","tag-maiaz","tag-produccion"],"_links":{"self":[{"href":"https:\/\/www.diarioimagen.net\/index.php?rest_route=\/wp\/v2\/posts\/373123","targetHints":{"allow":["GET"]}}],"collection":[{"href":"https:\/\/www.diarioimagen.net\/index.php?rest_route=\/wp\/v2\/posts"}],"about":[{"href":"https:\/\/www.diarioimagen.net\/index.php?rest_route=\/wp\/v2\/types\/post"}],"author":[{"embeddable":true,"href":"https:\/\/www.diarioimagen.net\/index.php?rest_route=\/wp\/v2\/users\/3"}],"replies":[{"embeddable":true,"href":"https:\/\/www.diarioimagen.net\/index.php?rest_route=%2Fwp%2Fv2%2Fcomments&post=373123"}],"version-history":[{"count":0,"href":"https:\/\/www.diarioimagen.net\/index.php?rest_route=\/wp\/v2\/posts\/373123\/revisions"}],"wp:featuredmedia":[{"embeddable":true,"href":"https:\/\/www.diarioimagen.net\/index.php?rest_route=\/wp\/v2\/media\/373209"}],"wp:attachment":[{"href":"https:\/\/www.diarioimagen.net\/index.php?rest_route=%2Fwp%2Fv2%2Fmedia&parent=373123"}],"wp:term":[{"taxonomy":"category","embeddable":true,"href":"https:\/\/www.diarioimagen.net\/index.php?rest_route=%2Fwp%2Fv2%2Fcategories&post=373123"},{"taxonomy":"post_tag","embeddable":true,"href":"https:\/\/www.diarioimagen.net\/index.php?rest_route=%2Fwp%2Fv2%2Ftags&post=373123"}],"curies":[{"name":"wp","href":"https:\/\/api.w.org\/{rel}","templated":true}]}}