{"id":373133,"date":"2018-04-23T00:07:01","date_gmt":"2018-04-23T05:07:01","guid":{"rendered":"http:\/\/www.diarioimagen.net\/?p=373133"},"modified":"2018-04-23T02:21:25","modified_gmt":"2018-04-23T07:21:25","slug":"claudia-sheinbaum-pide-frenar-violencia-politica","status":"publish","type":"post","link":"https:\/\/www.diarioimagen.net\/?p=373133","title":{"rendered":"Claudia Sheinbaum pide frenar violencia pol\u00edtica"},"content":{"rendered":"<ul>\n<li><em><strong>Llamado al jefe de Gobierno capitalino<\/strong><\/em><\/li>\n<li><em><strong>El PRD no puede garantizar la paz y la tranquilidad, dice<\/strong><\/em><\/li>\n<\/ul>\n<p>&nbsp;<\/p>\n<div id=\"attachment_373229\" style=\"width: 470px\" class=\"wp-caption aligncenter\"><a href=\"http:\/\/www.diarioimagen.net\/?attachment_id=373229\" rel=\"attachment wp-att-373229\"><img loading=\"lazy\" decoding=\"async\" aria-describedby=\"caption-attachment-373229\" class=\"size-large wp-image-373229\" src=\"http:\/\/www.diarioimagen.net\/wp-content\/uploads\/2018\/04\/SHEINBAUM-3352-460x259.jpg\" alt=\"\" width=\"460\" height=\"259\" srcset=\"https:\/\/www.diarioimagen.net\/wp-content\/uploads\/2018\/04\/SHEINBAUM-3352-460x259.jpg 460w, https:\/\/www.diarioimagen.net\/wp-content\/uploads\/2018\/04\/SHEINBAUM-3352-240x135.jpg 240w, https:\/\/www.diarioimagen.net\/wp-content\/uploads\/2018\/04\/SHEINBAUM-3352-235x132.jpg 235w, https:\/\/www.diarioimagen.net\/wp-content\/uploads\/2018\/04\/SHEINBAUM-3352-202x114.jpg 202w, https:\/\/www.diarioimagen.net\/wp-content\/uploads\/2018\/04\/SHEINBAUM-3352-350x196.jpg 350w, https:\/\/www.diarioimagen.net\/wp-content\/uploads\/2018\/04\/SHEINBAUM-3352-220x123.jpg 220w, https:\/\/www.diarioimagen.net\/wp-content\/uploads\/2018\/04\/SHEINBAUM-3352-237x132.jpg 237w, https:\/\/www.diarioimagen.net\/wp-content\/uploads\/2018\/04\/SHEINBAUM-3352.jpg 480w\" sizes=\"auto, (max-width: 460px) 100vw, 460px\" \/><\/a><p id=\"caption-attachment-373229\" class=\"wp-caption-text\">Claudia Sheinbaum Pardo hizo un llamado al jefe de gobierno capitalino, Jos\u00e9 Ram\u00f3n Amieva G\u00e1lvez, para frenar la violencia pol\u00edtica.<\/p><\/div>\n<p>&nbsp;<\/p>\n<p>La candidata al gobierno capitalino por la coalici\u00f3n Juntos Haremos Historia, Claudia Sheinbaum Pardo, hizo un llamado al jefe de gobierno de la Ciudad de M\u00e9xico, Jos\u00e9 Ram\u00f3n Amieva G\u00e1lvez, para frenar la violencia pol\u00edtica.<\/p>\n<p>Al realizar un acto de campa\u00f1a en la Sierra de Santa Catarina, en Iztapalapa, la aspirante manifest\u00f3 que el Partido de la Revoluci\u00f3n Democr\u00e1tica (PRD) no puede garantizar la paz y la tranquilidad de la ciudadan\u00eda, cuando es el que promueve la violencia.<\/p>\n<p>Denunci\u00f3 que ayer en Gustavo A. Madero, un grupo de perredistas impidi\u00f3 que realizara un mitin que ten\u00edan programado para las 19:00 horas. \u201cQuien promueve la violencia no puede promover la tranquilidad y la paz\u201d.<\/p>\n<p>Declar\u00f3 que se trata de acciones desesperadas porque saben que est\u00e1n muy abajo en las preferencias electorales, y que no los intimidan que seguir\u00e1n haciendo su campa\u00f1a en toda la Ciudad de M\u00e9xico.<\/p>\n<p>A\u00f1adi\u00f3 que seguir\u00e1n haciendo un llamado no s\u00f3lo al gobierno capitalino, sino a todas las instituciones electorales para que frenen la violencia pol\u00edtica y pongan atenci\u00f3n en lo que sucede en la capital del pa\u00eds, donde se da una compra de votos desmedida.<\/p>\n<p>Sheinbaum Pardo sostuvo que prevalece la incapacidad de las autoridades locales para garantizar las condiciones para que se realicen los m\u00edtines y actos de campa\u00f1a, y haya elecciones limpias y legales.<\/p>\n<p>Llam\u00f3 a las huestes del PRD a serenarse, que se concentren en competir electoralmente de manera pac\u00edfica y no caigan en actos de desesperaci\u00f3n que s\u00f3lo pueden conducir a la violencia.<\/p>\n<p>Denunci\u00f3 que a trav\u00e9s de los programas sociales se desv\u00edan unos mil millones de pesos para la compra del voto y que la desbandada que se da en el PRD, se debe a que ese partido se apart\u00f3 de los principios de la izquierda y se apoder\u00f3 de \u00e9ste la corrupci\u00f3n.<\/p>\n<p>Sheinbaum Pardo agreg\u00f3 que su proyecto tiene como prop\u00f3sito mejorar la movilidad y la educaci\u00f3n.<\/p>\n","protected":false},"excerpt":{"rendered":"<p>La candidata al gobierno capitalino por la coalici\u00f3n Juntos Haremos Historia, Claudia Sheinbaum Pardo, hizo un llamado al jefe de gobierno de la Ciudad de M\u00e9xico, Jos\u00e9 Ram\u00f3n Amieva G\u00e1lvez, para frenar la violencia pol\u00edtica.<\/p>\n","protected":false},"author":3,"featured_media":373229,"comment_status":"open","ping_status":"open","sticky":false,"template":"","format":"standard","meta":{"_monsterinsights_skip_tracking":false,"_monsterinsights_sitenote_active":false,"_monsterinsights_sitenote_note":"","_monsterinsights_sitenote_category":0,"footnotes":""},"categories":[6],"tags":[72207,72827,10825,5066],"class_list":["post-373133","post","type-post","status-publish","format-standard","has-post-thumbnail","hentry","category-cd-de-mexico","tag-claudia-sheinbaum-pardo","tag-frenar","tag-politica","tag-violencia"],"_links":{"self":[{"href":"https:\/\/www.diarioimagen.net\/index.php?rest_route=\/wp\/v2\/posts\/373133","targetHints":{"allow":["GET"]}}],"collection":[{"href":"https:\/\/www.diarioimagen.net\/index.php?rest_route=\/wp\/v2\/posts"}],"about":[{"href":"https:\/\/www.diarioimagen.net\/index.php?rest_route=\/wp\/v2\/types\/post"}],"author":[{"embeddable":true,"href":"https:\/\/www.diarioimagen.net\/index.php?rest_route=\/wp\/v2\/users\/3"}],"replies":[{"embeddable":true,"href":"https:\/\/www.diarioimagen.net\/index.php?rest_route=%2Fwp%2Fv2%2Fcomments&post=373133"}],"version-history":[{"count":0,"href":"https:\/\/www.diarioimagen.net\/index.php?rest_route=\/wp\/v2\/posts\/373133\/revisions"}],"wp:featuredmedia":[{"embeddable":true,"href":"https:\/\/www.diarioimagen.net\/index.php?rest_route=\/wp\/v2\/media\/373229"}],"wp:attachment":[{"href":"https:\/\/www.diarioimagen.net\/index.php?rest_route=%2Fwp%2Fv2%2Fmedia&parent=373133"}],"wp:term":[{"taxonomy":"category","embeddable":true,"href":"https:\/\/www.diarioimagen.net\/index.php?rest_route=%2Fwp%2Fv2%2Fcategories&post=373133"},{"taxonomy":"post_tag","embeddable":true,"href":"https:\/\/www.diarioimagen.net\/index.php?rest_route=%2Fwp%2Fv2%2Ftags&post=373133"}],"curies":[{"name":"wp","href":"https:\/\/api.w.org\/{rel}","templated":true}]}}