{"id":373137,"date":"2018-04-23T00:03:14","date_gmt":"2018-04-23T05:03:14","guid":{"rendered":"http:\/\/www.diarioimagen.net\/?p=373137"},"modified":"2018-04-23T02:25:25","modified_gmt":"2018-04-23T07:25:25","slug":"campana-negra-contra-amlo-previo-al-debate","status":"publish","type":"post","link":"https:\/\/www.diarioimagen.net\/?p=373137","title":{"rendered":"Campa\u00f1a negra contra AMLO, previo al debate"},"content":{"rendered":"<ul>\n<li><strong><em>Culpan al PRD<\/em><\/strong><\/li>\n<\/ul>\n<p>&nbsp;<\/p>\n<p><a href=\"http:\/\/www.diarioimagen.net\/?attachment_id=373239\" rel=\"attachment wp-att-373239\"><img loading=\"lazy\" decoding=\"async\" class=\"aligncenter size-large wp-image-373239\" src=\"http:\/\/www.diarioimagen.net\/wp-content\/uploads\/2018\/04\/manifestantes-3352-460x259.jpg\" alt=\"\" width=\"460\" height=\"259\" srcset=\"https:\/\/www.diarioimagen.net\/wp-content\/uploads\/2018\/04\/manifestantes-3352-460x259.jpg 460w, https:\/\/www.diarioimagen.net\/wp-content\/uploads\/2018\/04\/manifestantes-3352-240x135.jpg 240w, https:\/\/www.diarioimagen.net\/wp-content\/uploads\/2018\/04\/manifestantes-3352-235x132.jpg 235w, https:\/\/www.diarioimagen.net\/wp-content\/uploads\/2018\/04\/manifestantes-3352-202x114.jpg 202w, https:\/\/www.diarioimagen.net\/wp-content\/uploads\/2018\/04\/manifestantes-3352-350x196.jpg 350w, https:\/\/www.diarioimagen.net\/wp-content\/uploads\/2018\/04\/manifestantes-3352-220x123.jpg 220w, https:\/\/www.diarioimagen.net\/wp-content\/uploads\/2018\/04\/manifestantes-3352-237x132.jpg 237w, https:\/\/www.diarioimagen.net\/wp-content\/uploads\/2018\/04\/manifestantes-3352.jpg 480w\" sizes=\"auto, (max-width: 460px) 100vw, 460px\" \/><\/a><\/p>\n<p>&nbsp;<\/p>\n<p>Un grupo de\u00a0 personas que portaban carteles rojos con la imagen de Andr\u00e9s Manuel L\u00f3pez Obrador, caminaron sobre Paseo de la Reforma e ingresaron por la calle de Bol\u00edvar para intentar llegar al Palacio de Miner\u00eda, donde se realiz\u00f3 el debate.<\/p>\n<p>Los elementos de la Secretar\u00eda de Seguridad P\u00fablica les impidieron llegar, por lo que permanecieron en la zona mostrando los carteles con leyenda \u201cAMLO. La CDMX ya decidi\u00f3: te vas a la chingada\u201d.<\/p>\n<p>Los manifestantes portaron pancartas rojas contra Andr\u00e9s Manuel L\u00f3pez Obrador, previo al primer debate entre candidatos presidenciales.<\/p>\n<p>Se trata de pancartas con la misma manufactura: fondo rojo, mismas dimensiones, misma tipograf\u00eda, mismas frases, todas sostenidas con un palo de madera. Algunas bardas en la ciudad tambi\u00e9n tienen las mismas frases:<\/p>\n<p>\u201cAMLO, la CDMX ya decidi\u00f3: te vas a \u2018la chingada\u2019. (\u2018La chingada\u2019 es el rancho de AMLO a donde dijo que se ir\u00eda al perder las elecciones)\u201d, dicen los materiales.<\/p>\n<p>\u201cYo s\u00ed trabajo, no como ya Ch\u00e1vez qui\u00e9n, que vive de la gente\u201d, dicen otras.<\/p>\n<p>El consejero electoral del INE, Ciro Murayama, poste\u00f3 en su cuenta de Twitter una foto de la campa\u00f1a y escribi\u00f3: \u201cA unos pasos de la sede del debate @INEMexico en Miner\u00eda, esto no es libertad de expresi\u00f3n. Son t\u00e1cticas inaceptables hacia cualquier candidato\u201d.<\/p>\n<p>A su vez, Horacio Duarte, representante de Morena ante el INE, responsabiliz\u00f3 al PRD de la Ciudad de M\u00e9xico de la campa\u00f1a de pancartas contra AMLO.<\/p>\n<p>\u201cEs una locura. Es un acto de provocaci\u00f3n, un acto pandilleril\u201d.<\/p>\n<p>\u201cExigimos la inmediata intervenci\u00f3n del gobierno capitalino para evitar cualquier confrontaci\u00f3n. Le quedan dos horas para actuar\u201d.<\/p>\n<p>\u201cTenemos indicios para pensar que detr\u00e1s de esta campa\u00f1a est\u00e1 el PRD de la Ciudad de M\u00e9xico. Est\u00e1n desesperados\u201d, insisti\u00f3.<\/p>\n<p>Uno de los manifestantes dijo que \u00e9l y sus acompa\u00f1antes proven\u00edan de colonias de la Delegaci\u00f3n Cuauht\u00e9moc, Venustiano Carranza, \u00c1lvaro Obreg\u00f3n, Gustavo A. Madero, Xochimilco y Milpa Alta.<\/p>\n<p>Afirm\u00f3 que no pertenecen a ning\u00fan partido ni organizaci\u00f3n civil.<\/p>\n<p>Una mujer que tambi\u00e9n portaba una manta roja afirm\u00f3 ser trabajadora del Gobierno de la Ciudad de M\u00e9xico y explic\u00f3 que se trata de la misma campa\u00f1a que hoy incluye un desplegado en medios nacionales firmado por \u201c135 mil trabajadores\u201d del Gobierno local<\/p>\n<p>Otro grupos con las mismas pancartas se ubicaron en el Z\u00f3calo y otro m\u00e1s est\u00e1 en las inmediaciones de la sede del debate, donde coinciden con otros grupos que apoyan a L\u00f3pez Obrador.<\/p>\n","protected":false},"excerpt":{"rendered":"<p>Un grupo de  personas que portaban carteles rojos con la imagen de Andr\u00e9s Manuel L\u00f3pez Obrador, caminaron sobre Paseo de la Reforma e ingresaron por la calle de Bol\u00edvar para intentar llegar al Palacio de Miner\u00eda, donde se realiz\u00f3 el debate.<\/p>\n","protected":false},"author":3,"featured_media":373239,"comment_status":"open","ping_status":"open","sticky":false,"template":"","format":"standard","meta":{"_monsterinsights_skip_tracking":false,"_monsterinsights_sitenote_active":false,"_monsterinsights_sitenote_note":"","_monsterinsights_sitenote_category":0,"footnotes":""},"categories":[6],"tags":[1352,204,13751],"class_list":["post-373137","post","type-post","status-publish","format-standard","has-post-thumbnail","hentry","category-cd-de-mexico","tag-andres-manuel-lopez-obrador","tag-ciudad-de-mexico","tag-debate"],"_links":{"self":[{"href":"https:\/\/www.diarioimagen.net\/index.php?rest_route=\/wp\/v2\/posts\/373137","targetHints":{"allow":["GET"]}}],"collection":[{"href":"https:\/\/www.diarioimagen.net\/index.php?rest_route=\/wp\/v2\/posts"}],"about":[{"href":"https:\/\/www.diarioimagen.net\/index.php?rest_route=\/wp\/v2\/types\/post"}],"author":[{"embeddable":true,"href":"https:\/\/www.diarioimagen.net\/index.php?rest_route=\/wp\/v2\/users\/3"}],"replies":[{"embeddable":true,"href":"https:\/\/www.diarioimagen.net\/index.php?rest_route=%2Fwp%2Fv2%2Fcomments&post=373137"}],"version-history":[{"count":0,"href":"https:\/\/www.diarioimagen.net\/index.php?rest_route=\/wp\/v2\/posts\/373137\/revisions"}],"wp:featuredmedia":[{"embeddable":true,"href":"https:\/\/www.diarioimagen.net\/index.php?rest_route=\/wp\/v2\/media\/373239"}],"wp:attachment":[{"href":"https:\/\/www.diarioimagen.net\/index.php?rest_route=%2Fwp%2Fv2%2Fmedia&parent=373137"}],"wp:term":[{"taxonomy":"category","embeddable":true,"href":"https:\/\/www.diarioimagen.net\/index.php?rest_route=%2Fwp%2Fv2%2Fcategories&post=373137"},{"taxonomy":"post_tag","embeddable":true,"href":"https:\/\/www.diarioimagen.net\/index.php?rest_route=%2Fwp%2Fv2%2Ftags&post=373137"}],"curies":[{"name":"wp","href":"https:\/\/api.w.org\/{rel}","templated":true}]}}