{"id":373150,"date":"2018-04-23T00:08:16","date_gmt":"2018-04-23T05:08:16","guid":{"rendered":"http:\/\/www.diarioimagen.net\/?p=373150"},"modified":"2018-04-23T02:54:57","modified_gmt":"2018-04-23T07:54:57","slug":"destaca-tlalnepantla-internacionalmente-en-materia-de-mediacion-y-conciliacion","status":"publish","type":"post","link":"https:\/\/www.diarioimagen.net\/?p=373150","title":{"rendered":"Destaca Tlalnepantla internacionalmente en materia de mediaci\u00f3n y conciliaci\u00f3n"},"content":{"rendered":"<ul>\n<li><strong><em>Para buscar soluciones a conflictos en comunidades<\/em><\/strong><\/li>\n<\/ul>\n<p>&nbsp;<\/p>\n<div id=\"attachment_373257\" style=\"width: 470px\" class=\"wp-caption aligncenter\"><a href=\"http:\/\/www.diarioimagen.net\/?attachment_id=373257\" rel=\"attachment wp-att-373257\"><img loading=\"lazy\" decoding=\"async\" aria-describedby=\"caption-attachment-373257\" class=\"size-large wp-image-373257\" src=\"http:\/\/www.diarioimagen.net\/wp-content\/uploads\/2018\/04\/TLALNEPANTLA-3352-460x259.jpg\" alt=\"\" width=\"460\" height=\"259\" srcset=\"https:\/\/www.diarioimagen.net\/wp-content\/uploads\/2018\/04\/TLALNEPANTLA-3352-460x259.jpg 460w, https:\/\/www.diarioimagen.net\/wp-content\/uploads\/2018\/04\/TLALNEPANTLA-3352-240x135.jpg 240w, https:\/\/www.diarioimagen.net\/wp-content\/uploads\/2018\/04\/TLALNEPANTLA-3352-235x132.jpg 235w, https:\/\/www.diarioimagen.net\/wp-content\/uploads\/2018\/04\/TLALNEPANTLA-3352-202x114.jpg 202w, https:\/\/www.diarioimagen.net\/wp-content\/uploads\/2018\/04\/TLALNEPANTLA-3352-350x196.jpg 350w, https:\/\/www.diarioimagen.net\/wp-content\/uploads\/2018\/04\/TLALNEPANTLA-3352-220x123.jpg 220w, https:\/\/www.diarioimagen.net\/wp-content\/uploads\/2018\/04\/TLALNEPANTLA-3352-237x132.jpg 237w, https:\/\/www.diarioimagen.net\/wp-content\/uploads\/2018\/04\/TLALNEPANTLA-3352.jpg 480w\" sizes=\"auto, (max-width: 460px) 100vw, 460px\" \/><\/a><p id=\"caption-attachment-373257\" class=\"wp-caption-text\">Tlalnepantla cuenta con un centro de mediaci\u00f3n y dos unidades perif\u00e9ricas, una ubicada en el centro comercial Mundo E y la otra en Zona Oriente.<\/p><\/div>\n<p>&nbsp;<\/p>\n<p><strong>Tlalnepantla, Estado de M\u00e9xico<\/strong>.-Para privilegiar el di\u00e1logo entre las personas y buscar soluciones pac\u00edficas a los conflictos en las comunidades, el gobierno de Tlalnepantla contin\u00faa impulsando el crecimiento del \u00e1rea de mediaci\u00f3n y conciliaci\u00f3n, logrando el reconocimiento a nivel nacional e internacional como precursor en esta materia.<\/p>\n<p>El coordinador de Justicia Municipal inform\u00f3 que Tlalnepantla cuenta con un centro de mediaci\u00f3n y dos unidades perif\u00e9ricas, una ubicada en el centro comercial Mundo E y la otra en Zona Oriente, lugares en los que la ciudadan\u00eda recibe atenci\u00f3n inmediata.<\/p>\n<p>Detall\u00f3 que a la fecha, tres mil 512 tlalnepantlenses han recibido atenci\u00f3n y de ellos, en mil 311 casos se ha logrado mediar en el conflicto, es decir, m\u00e1s del 37 por ciento de las personas que acuden a esta \u00e1rea encuentran una soluci\u00f3n a sus problemas, a trav\u00e9s del di\u00e1logo.<\/p>\n<p>El funcionario agreg\u00f3 que para cumplir las instrucciones de la presidenta municipal de acercar el tema de la mediaci\u00f3n y conciliaci\u00f3n, as\u00ed como promover una cultura de paz en toda la demarcaci\u00f3n, se cuenta con la unidad m\u00f3vil que diariamente recorre las comunidades.<\/p>\n<p>Apunt\u00f3 que dicha unidad, de junio del 2017 a marzo de este a\u00f1o, ha atendido a 753 personas, logrando la resoluci\u00f3n de 82 conflictos que pudieron haber derivado en sucesos de violencia.<\/p>\n<p>Refiri\u00f3 que otro de los beneficios de esta unidad m\u00f3vil es que las personas que quieran resolver alg\u00fan problema a trav\u00e9s de la mediaci\u00f3n, no tienen que trasladarse hasta las oficinas centrales, lo que les permite ahorrar tiempo y dinero.<\/p>\n<p>El coordinador de Justicia Municipal se\u00f1al\u00f3 que en las comunidades se detecta a las personas que cumplen con el perfil para fungir como mediadores comunitarios por su liderazgo, por el respeto que generan en sus localidades y por las ganas de querer ayudar, lo que permiti\u00f3 la formaci\u00f3n de 327 mediadores comunitarios.<\/p>\n<p>\u201cLos mediadores comunitarios son capacitados en tres cursos con una duraci\u00f3n de 12, 24 y 48 horas, respectivamente. En el primero se les ense\u00f1a qu\u00e9 es la mediaci\u00f3n para que nos ayuden a comunicar lo que estamos haciendo; en el segundo aprenden a detectar conflictos, c\u00f3mo contenerlos y abordarlos; y en el tercero se les dan las herramientas para mediar un conflicto\u201d, dijo el funcionario.<\/p>\n<p>A\u00f1adi\u00f3 que Tlalnepantla es el \u00fanico municipio del estado en contar con un m\u00f3dulo Red DIF, mismo que realiza tareas de mediaci\u00f3n familiar, gracias a un acuerdo a trav\u00e9s del cual se capacit\u00f3 a la primera generaci\u00f3n de facilitadores del Sistema Nacional DIF y ellos a su vez certificaron a dos abogados, acreditados como facilitadores familiares.<\/p>\n","protected":false},"excerpt":{"rendered":"<p>Para privilegiar el di\u00e1logo entre las personas y buscar soluciones pac\u00edficas a los conflictos en las comunidades, el gobierno de Tlalnepantla contin\u00faa impulsando el crecimiento del \u00e1rea de mediaci\u00f3n y conciliaci\u00f3n, logrando el reconocimiento a nivel nacional e internacional como precursor en esta materia.<\/p>\n","protected":false},"author":3,"featured_media":373257,"comment_status":"open","ping_status":"open","sticky":false,"template":"","format":"standard","meta":{"_monsterinsights_skip_tracking":false,"_monsterinsights_sitenote_active":false,"_monsterinsights_sitenote_note":"","_monsterinsights_sitenote_category":0,"footnotes":""},"categories":[35155],"tags":[72832,43675,20288,169],"class_list":["post-373150","post","type-post","status-publish","format-standard","has-post-thumbnail","hentry","category-estado-de-mexico-estado-de-mexico","tag-conciliacion","tag-estado-de-mexico","tag-mediacion","tag-tlalnepantla"],"_links":{"self":[{"href":"https:\/\/www.diarioimagen.net\/index.php?rest_route=\/wp\/v2\/posts\/373150","targetHints":{"allow":["GET"]}}],"collection":[{"href":"https:\/\/www.diarioimagen.net\/index.php?rest_route=\/wp\/v2\/posts"}],"about":[{"href":"https:\/\/www.diarioimagen.net\/index.php?rest_route=\/wp\/v2\/types\/post"}],"author":[{"embeddable":true,"href":"https:\/\/www.diarioimagen.net\/index.php?rest_route=\/wp\/v2\/users\/3"}],"replies":[{"embeddable":true,"href":"https:\/\/www.diarioimagen.net\/index.php?rest_route=%2Fwp%2Fv2%2Fcomments&post=373150"}],"version-history":[{"count":0,"href":"https:\/\/www.diarioimagen.net\/index.php?rest_route=\/wp\/v2\/posts\/373150\/revisions"}],"wp:featuredmedia":[{"embeddable":true,"href":"https:\/\/www.diarioimagen.net\/index.php?rest_route=\/wp\/v2\/media\/373257"}],"wp:attachment":[{"href":"https:\/\/www.diarioimagen.net\/index.php?rest_route=%2Fwp%2Fv2%2Fmedia&parent=373150"}],"wp:term":[{"taxonomy":"category","embeddable":true,"href":"https:\/\/www.diarioimagen.net\/index.php?rest_route=%2Fwp%2Fv2%2Fcategories&post=373150"},{"taxonomy":"post_tag","embeddable":true,"href":"https:\/\/www.diarioimagen.net\/index.php?rest_route=%2Fwp%2Fv2%2Ftags&post=373150"}],"curies":[{"name":"wp","href":"https:\/\/api.w.org\/{rel}","templated":true}]}}