{"id":373156,"date":"2018-04-23T00:05:19","date_gmt":"2018-04-23T05:05:19","guid":{"rendered":"http:\/\/www.diarioimagen.net\/?p=373156"},"modified":"2018-04-23T04:36:04","modified_gmt":"2018-04-23T09:36:04","slug":"celebra-fernanda-rivera-candidata-del-frente-al-senado-eliminacion-del-fuero","status":"publish","type":"post","link":"https:\/\/www.diarioimagen.net\/?p=373156","title":{"rendered":"Celebra Fernanda Rivera, candidata del Frente al Senado, eliminaci\u00f3n del fuero"},"content":{"rendered":"<p><a href=\"http:\/\/www.diarioimagen.net\/?attachment_id=373269\" rel=\"attachment wp-att-373269\"><img loading=\"lazy\" decoding=\"async\" class=\"aligncenter size-large wp-image-373269\" src=\"http:\/\/www.diarioimagen.net\/wp-content\/uploads\/2018\/04\/TLALNEPANTLA-3352-1-460x259.jpg\" alt=\"\" width=\"460\" height=\"259\" srcset=\"https:\/\/www.diarioimagen.net\/wp-content\/uploads\/2018\/04\/TLALNEPANTLA-3352-1-460x259.jpg 460w, https:\/\/www.diarioimagen.net\/wp-content\/uploads\/2018\/04\/TLALNEPANTLA-3352-1-240x135.jpg 240w, https:\/\/www.diarioimagen.net\/wp-content\/uploads\/2018\/04\/TLALNEPANTLA-3352-1-235x132.jpg 235w, https:\/\/www.diarioimagen.net\/wp-content\/uploads\/2018\/04\/TLALNEPANTLA-3352-1-202x114.jpg 202w, https:\/\/www.diarioimagen.net\/wp-content\/uploads\/2018\/04\/TLALNEPANTLA-3352-1-350x196.jpg 350w, https:\/\/www.diarioimagen.net\/wp-content\/uploads\/2018\/04\/TLALNEPANTLA-3352-1-220x123.jpg 220w, https:\/\/www.diarioimagen.net\/wp-content\/uploads\/2018\/04\/TLALNEPANTLA-3352-1-237x132.jpg 237w, https:\/\/www.diarioimagen.net\/wp-content\/uploads\/2018\/04\/TLALNEPANTLA-3352-1.jpg 480w\" sizes=\"auto, (max-width: 460px) 100vw, 460px\" \/><\/a><\/p>\n<p>&nbsp;<\/p>\n<p><strong>Tlalnepantla, Estado de M\u00e9xico.-<\/strong> La candidata de la coalici\u00f3n Por M\u00e9xico al Frente al Senado de la Rep\u00fablica, Fernanda Rivera, celebr\u00f3 la eliminaci\u00f3n del fuero al presidente y funcionarios p\u00fablicos, medida que se concret\u00f3 por unanimidad en la C\u00e1mara Diputados, e inst\u00f3 a ratificar dicha medida en el Estado de M\u00e9xico.<\/p>\n<p>\u201cEs momento para que en los estados ratifiquen esa postura\u201d, dijo Fernanda Rivera ante m\u00e1s de 5 mil personas reunidas en el Centro de Convenciones de Tlalnepantla, evento presidido por Ricardo Anaya, candidato de la alianza Por M\u00e9xico al Frente a la Presidencia de la Rep\u00fablica.<\/p>\n","protected":false},"excerpt":{"rendered":"<p>La candidata de la coalici\u00f3n Por M\u00e9xico al Frente al Senado de la Rep\u00fablica, Fernanda Rivera, celebr\u00f3 la eliminaci\u00f3n del fuero al presidente y funcionarios p\u00fablicos, medida que se concret\u00f3 por unanimidad en la C\u00e1mara Diputados, e inst\u00f3 a ratificar dicha medida en el Estado de M\u00e9xico.<\/p>\n","protected":false},"author":3,"featured_media":373269,"comment_status":"open","ping_status":"open","sticky":false,"template":"","format":"standard","meta":{"_monsterinsights_skip_tracking":false,"_monsterinsights_sitenote_active":false,"_monsterinsights_sitenote_note":"","_monsterinsights_sitenote_category":0,"footnotes":""},"categories":[35155],"tags":[43675,20602,4262,169],"class_list":["post-373156","post","type-post","status-publish","format-standard","has-post-thumbnail","hentry","category-estado-de-mexico-estado-de-mexico","tag-estado-de-mexico","tag-festejo","tag-fuero","tag-tlalnepantla"],"_links":{"self":[{"href":"https:\/\/www.diarioimagen.net\/index.php?rest_route=\/wp\/v2\/posts\/373156","targetHints":{"allow":["GET"]}}],"collection":[{"href":"https:\/\/www.diarioimagen.net\/index.php?rest_route=\/wp\/v2\/posts"}],"about":[{"href":"https:\/\/www.diarioimagen.net\/index.php?rest_route=\/wp\/v2\/types\/post"}],"author":[{"embeddable":true,"href":"https:\/\/www.diarioimagen.net\/index.php?rest_route=\/wp\/v2\/users\/3"}],"replies":[{"embeddable":true,"href":"https:\/\/www.diarioimagen.net\/index.php?rest_route=%2Fwp%2Fv2%2Fcomments&post=373156"}],"version-history":[{"count":0,"href":"https:\/\/www.diarioimagen.net\/index.php?rest_route=\/wp\/v2\/posts\/373156\/revisions"}],"wp:featuredmedia":[{"embeddable":true,"href":"https:\/\/www.diarioimagen.net\/index.php?rest_route=\/wp\/v2\/media\/373269"}],"wp:attachment":[{"href":"https:\/\/www.diarioimagen.net\/index.php?rest_route=%2Fwp%2Fv2%2Fmedia&parent=373156"}],"wp:term":[{"taxonomy":"category","embeddable":true,"href":"https:\/\/www.diarioimagen.net\/index.php?rest_route=%2Fwp%2Fv2%2Fcategories&post=373156"},{"taxonomy":"post_tag","embeddable":true,"href":"https:\/\/www.diarioimagen.net\/index.php?rest_route=%2Fwp%2Fv2%2Ftags&post=373156"}],"curies":[{"name":"wp","href":"https:\/\/api.w.org\/{rel}","templated":true}]}}