{"id":373195,"date":"2018-04-23T00:02:46","date_gmt":"2018-04-23T05:02:46","guid":{"rendered":"http:\/\/www.diarioimagen.net\/?p=373195"},"modified":"2018-04-23T01:45:29","modified_gmt":"2018-04-23T06:45:29","slug":"establecen-en-cancun-agenda-continental-de-seguridad-social","status":"publish","type":"post","link":"https:\/\/www.diarioimagen.net\/?p=373195","title":{"rendered":"Establecen en Canc\u00fan agenda continental de seguridad social"},"content":{"rendered":"<h2>\u201cHora 14\u201d<\/h2>\n<h5>Mauricio Conde Olivares<\/h5>\n<p>&nbsp;<\/p>\n<p>Concluy\u00f3 con \u00e9xito la V Asamblea General Extraordinade la Conferencia Interamericana de Seguridad Social (CISS) en Canc\u00fan, Organismo Internacional que opera de manera aut\u00f3noma en 37 pa\u00edses del continente americano, donde se conmemoraron los 75 a\u00f1os de la instituci\u00f3n y se reunieron m\u00e1s de 150 representantes de instituciones, organismos internacionales y autoridades de protecci\u00f3n y seguridad social de todo el hemisferio.<\/p>\n<p>Durante dos d\u00edas de sesiones, los expertos hicieron notar que es necesario adaptar las prestaciones laborales a las nuevas tendencias a trav\u00e9s de aplicaciones y plataformas electr\u00f3nicas, as\u00ed como integrar el tema de g\u00e9nero en las mismas, e incentivar la capacidad de prevenci\u00f3n, adaptaci\u00f3n y resiliencia ante desastres naturales por parte de las instituciones de seguridad social, para poder estar en posibilidad de continuar operaciones sin interrupci\u00f3n.<\/p>\n<p>A esta Asamblea General asisti\u00f3 Tuffic Miguel Ortega, director general del IMSS, y quien ostenta el cargo honorario de presidente de la CISS, qui\u00e9n celebr\u00f3 la labor de fortalecimiento a la protecci\u00f3n y seguridad social que ha desarrollado esta instituci\u00f3n en el hemisferio americano.<\/p>\n<p>Resalt\u00f3 que \u201ccomo balance del trabajo de la Conferencia en estos 75 a\u00f1os, podemos sentirnos orgullosos de que, en t\u00e9rminos de la norma m\u00ednima sobre seguridad social, se ha logrado consolidar la arquitectura institucional en las 37 naciones de la CISS en materia de programas para otorgar previsiones por vejez, invalidez, sobrevivencia y riesgos de trabajo\u201d.<\/p>\n<p>Omar de la Torre, secretario general de este organismo, destac\u00f3 la Declaraci\u00f3n de Canc\u00fan, la cual \u201cpermitir\u00e1 trazar a trav\u00e9s de objetivos espec\u00edficos, posibilidades de acci\u00f3n en donde se pueda ver que el camino a seguir (en materia de protecci\u00f3n y seguridad social) est\u00e1 renovado y enfrent\u00e1ndose a los retos del siglo XXI. El punto de esta Declaraci\u00f3n es que debemos comprender que verdaderamente vayamos hacia una cooperaci\u00f3n hemisf\u00e9rica\u201d.<\/p>\n<p>Es primordial que los sistemas de seguridad social est\u00e9n abiertos y dispuestos a la transformaci\u00f3n social que la regi\u00f3n enfrenta. Esto permitir\u00e1 que la regi\u00f3n pueda abordar de una manera m\u00e1s efectiva y eficaz los temas de pensiones durante la etapa laboral activa del trabajador y la cobertura en la vejez.<\/p>\n<p>En ese sentido, se resalt\u00f3 que las prestaciones laborales deber\u00e1n considerar las nuevas tendencias del mercado como aquellas que operan mediante aplicaciones en plataformas electr\u00f3nicas, como por ejemplo, aquellas que ofrecen servicios de transportaci\u00f3n por internet.<\/p>\n<p>\u201cSe necesita reestructurar el sistema de pensiones y adecuarlo a la nueva realidad laboral de la regi\u00f3n, para lograr una cobertura m\u00e1s universal. El reto es c\u00f3mo estructurar el componente contributivo y adecuar los diferentes instrumentos de seguridad social a las realidades nacionales e institucionales, para dar atenci\u00f3n a las personas que no tienen un trabajo formal\u201d, afirm\u00f3 Fabio Bertranou, director de la Oficina de la OIT para el Cono Sur de Latinoam\u00e9rica, quien present\u00f3 las conclusiones del Panel de Pensiones.<\/p>\n<p>Un gran reto de la seguridad social es el de la inclusi\u00f3n de los trabajadores migrantes en el sistema econ\u00f3mico, lo que contribuir\u00e1 a reducir la exclusi\u00f3n social y la desigualdad en la regi\u00f3n. Los participantes concluyeron que uno de los caminos para lograrlo, son los acuerdos bilaterales y multilaterales para reconocer derechos de los migrantes por parte de los pa\u00edses receptores y originadores de la migraci\u00f3n, as\u00ed como la modernizaci\u00f3n de las instituciones laborales.<\/p>\n<p>Finalmente, se hizo \u00e9nfasis en que trabajar sobre el tema de g\u00e9nero es el tercer gran reto, y se plante\u00f3 que es necesario sensibilizar las pol\u00edticas para asegurar la igualdad de oportunidades en el mercado laboral, as\u00ed como adecuar los sistemas de seguridad social para liberar el gran potencial de la mujer y su aportaci\u00f3n a la econom\u00eda.<\/p>\n<p>Por su parte, Eduardo Pi\u00f1a quien fungi\u00f3 como moderador del espacio para presentar conclusiones afirm\u00f3 que \u201chay que garantizar el derecho a la salud, con garant\u00edas financieras y servicios p\u00fablicos adecuados para responder a las demandas de salud y evitar el gasto de bolsillo; debemos pensar en c\u00f3mo hacer m\u00e1s universal el acceso a la salud\u201d.<\/p>\n<p>Las conclusiones en el foro sobre la seguridad social en situaciones de emergencia fueron que es primordial que las naciones americanas comiencen a invertir en medidas de adaptaci\u00f3n, combate y resiliencia al cambio clim\u00e1tico en el sector de servicios m\u00e9dicos y de salud lo que les permitir\u00e1 tener mejor respuesta despu\u00e9s de los desastres naturales.<\/p>\n<p>Una de las preocupaciones principales que los participantes externaron, fue la necesidad de entender c\u00f3mo dar servicios de respuesta inmediata ante las embates ambientales, y c\u00f3mo conservar espec\u00edficamente los servicios m\u00e9dicos operando despu\u00e9s de enfrentar desastres naturales. \u201cLos da\u00f1os y p\u00e9rdidas econ\u00f3micas van en aumento, debido al mayor n\u00famero de ciudades y al incremento de infraestructura construida que es vulnerable a desastres por no responder a los est\u00e1ndares adecuados de construcci\u00f3n\u201d, asever\u00f3 Adrien Randolph Gilbert, coordinador y Punto Focal para Hait\u00ed, Comisi\u00f3n Econ\u00f3mica para Am\u00e9rica Latina y el Caribe (CEPAL).<\/p>\n<p>Se resalt\u00f3 que los desastres naturales representan un riesgo en los sistemas de seguridad social, ya que hacen falta las herramientas necesarias para resolver de manera integral los retos de prevenci\u00f3n y gesti\u00f3n de las emergencias.<\/p>\n<p>Asimismo, se concluy\u00f3 que se debe integrar una coordinaci\u00f3n interinstitucional en la que los sectores seguridad social, educaci\u00f3n, salud, finanzas y la participaci\u00f3n de organismos internacionales relacionados operen de manera coordinada para que en conjunto, se trabaje en materia de prevenci\u00f3n y adaptaci\u00f3n a los desastres naturales, lo que permitir\u00e1 una mejor capacidad de respuesta y resiliencia al enfrentarlo.<\/p>\n<p>\u201cLos sistemas de seguridad social deben reducir los riesgos que se generen, mejorar los protocolos de atenci\u00f3n a desastres y las medidas de recuperaci\u00f3n econ\u00f3mica. Es importante contar con pol\u00edticas que fomenten la prevenci\u00f3n, planificaci\u00f3n e infraestructuras seguras\u201d, concluy\u00f3 Adrien Randolph Gilbert.<\/p>\n<p>\u00bfQu\u00e9 es el D\u00eda de la Tierra y qu\u00e9 es lo que busca cumplir?<\/p>\n<p>Ayer se festej\u00f3 el D\u00eda de la Tierra que se ha convertido en un evento global que se conmemora cada a\u00f1o, m\u00e1s de mil millones de personas en 192 pa\u00edses, toman parte en la m\u00e1s grande festividad enfocada en actividades c\u00edvicas en el mundo.<\/p>\n<p>Es un d\u00eda de acci\u00f3n y participaci\u00f3n. La gente planta \u00e1rboles, limpia sus ciudades, caminos y \u00e1reas recreativas. Los corporativos y gobiernos lo utilizan para hacer compromisos y anunciar medidas de sustentabilidad que apoyan a los humanos, la biodiversidad y el planeta en que todos vivimos, pero donde a\u00fan falta mucho por hacer para garantizar las sobrevivencia de la raza humana; empero lo anterior, ser\u00e1 motivo de posterior an\u00e1lisis en otra entrega de <strong><em>Hora 14<\/em><\/strong>.<\/p>\n<p><em><a href=\"mailto:%20mauricio_conde@msn.com\" target=\"_blank\" rel=\"noopener\">mauricioconde59@outlook.com<\/a><\/em><\/p>\n<p>###<\/p>\n<p>Se reunieron m\u00e1s de 150 representantes de instituciones, organismos internacionales y autoridades de protecci\u00f3n y seguridad social de todo el hemisferio.<\/p>\n","protected":false},"excerpt":{"rendered":"<p><span style=\"color: #005497;\"><strong>Mauricio Conde Olivares<\/strong><\/span><\/p>\n","protected":false},"author":3,"featured_media":0,"comment_status":"open","ping_status":"open","sticky":false,"template":"","format":"standard","meta":{"_monsterinsights_skip_tracking":false,"_monsterinsights_sitenote_active":false,"_monsterinsights_sitenote_note":"","_monsterinsights_sitenote_category":0,"footnotes":""},"categories":[35889],"tags":[43712,43674,44860],"class_list":["post-373195","post","type-post","status-publish","format-standard","hentry","category-mauricio-conde-olivares","tag-mauricio-conde-olivares","tag-opinion","tag-hora-14"],"_links":{"self":[{"href":"https:\/\/www.diarioimagen.net\/index.php?rest_route=\/wp\/v2\/posts\/373195","targetHints":{"allow":["GET"]}}],"collection":[{"href":"https:\/\/www.diarioimagen.net\/index.php?rest_route=\/wp\/v2\/posts"}],"about":[{"href":"https:\/\/www.diarioimagen.net\/index.php?rest_route=\/wp\/v2\/types\/post"}],"author":[{"embeddable":true,"href":"https:\/\/www.diarioimagen.net\/index.php?rest_route=\/wp\/v2\/users\/3"}],"replies":[{"embeddable":true,"href":"https:\/\/www.diarioimagen.net\/index.php?rest_route=%2Fwp%2Fv2%2Fcomments&post=373195"}],"version-history":[{"count":0,"href":"https:\/\/www.diarioimagen.net\/index.php?rest_route=\/wp\/v2\/posts\/373195\/revisions"}],"wp:attachment":[{"href":"https:\/\/www.diarioimagen.net\/index.php?rest_route=%2Fwp%2Fv2%2Fmedia&parent=373195"}],"wp:term":[{"taxonomy":"category","embeddable":true,"href":"https:\/\/www.diarioimagen.net\/index.php?rest_route=%2Fwp%2Fv2%2Fcategories&post=373195"},{"taxonomy":"post_tag","embeddable":true,"href":"https:\/\/www.diarioimagen.net\/index.php?rest_route=%2Fwp%2Fv2%2Ftags&post=373195"}],"curies":[{"name":"wp","href":"https:\/\/api.w.org\/{rel}","templated":true}]}}