{"id":373244,"date":"2018-04-23T00:11:28","date_gmt":"2018-04-23T05:11:28","guid":{"rendered":"http:\/\/www.diarioimagen.net\/?p=373244"},"modified":"2018-04-23T05:25:26","modified_gmt":"2018-04-23T10:25:26","slug":"en-el-adios-pena-nieto-acepta-falle-en-seguridad","status":"publish","type":"post","link":"https:\/\/www.diarioimagen.net\/?p=373244","title":{"rendered":"En el adi\u00f3s, Pe\u00f1a Nieto acepta: fall\u00e9 en seguridad"},"content":{"rendered":"<h2>Tras la puerta del poder<\/h2>\n<h5>Roberto Vizca\u00edno<\/h5>\n<p>&nbsp;<\/p>\n<div id=\"attachment_373287\" style=\"width: 470px\" class=\"wp-caption aligncenter\"><a href=\"http:\/\/www.diarioimagen.net\/?attachment_id=373287\" rel=\"attachment wp-att-373287\"><img loading=\"lazy\" decoding=\"async\" aria-describedby=\"caption-attachment-373287\" class=\"size-large wp-image-373287\" src=\"http:\/\/www.diarioimagen.net\/wp-content\/uploads\/2018\/04\/candidatos-agregados-LUIS-XAVIER-3352-460x352.jpg\" alt=\"\" width=\"460\" height=\"352\" srcset=\"https:\/\/www.diarioimagen.net\/wp-content\/uploads\/2018\/04\/candidatos-agregados-LUIS-XAVIER-3352-460x352.jpg 460w, https:\/\/www.diarioimagen.net\/wp-content\/uploads\/2018\/04\/candidatos-agregados-LUIS-XAVIER-3352-240x183.jpg 240w, https:\/\/www.diarioimagen.net\/wp-content\/uploads\/2018\/04\/candidatos-agregados-LUIS-XAVIER-3352-768x587.jpg 768w, https:\/\/www.diarioimagen.net\/wp-content\/uploads\/2018\/04\/candidatos-agregados-LUIS-XAVIER-3352.jpg 1200w\" sizes=\"auto, (max-width: 460px) 100vw, 460px\" \/><\/a><p id=\"caption-attachment-373287\" class=\"wp-caption-text\">Candidatos agregados&#8230; | Luis Xavier<\/p><\/div>\n<p>&nbsp;<\/p>\n<p>Sus intervenciones no lo ocultan: el presidente <strong>Enrique Pe\u00f1a Nieto<\/strong> ya comenz\u00f3 a despedirse.<\/p>\n<p>Y en este ejercicio, durante el fin de la semana anterior, al entregar el Premio Nacional del Deporte y al M\u00e9rito Deportivo en Los Pinos, reconoci\u00f3 que, siendo uno de sus mayores retos, sus pol\u00edticas sobre seguridad p\u00fablica fallaron.<\/p>\n<p>No fueron lo suficientemente acertadas ni obtuvieron los logros y resultados trazados, subray\u00f3.<\/p>\n<p>Y por ello <strong>\u201choy reconocemos que en el \u00e1mbito de la seguridad p\u00fablica hay mucho por hacer. Sigue siendo todav\u00eda uno de los retos mayores, quiz\u00e1 el de mayor necesidad de acometer para que realmente nuestro pa\u00eds alcance condiciones de plena paz y de plena tranquilidad\u201d.<\/strong><\/p>\n<p>Y claro que no lo dijo, pero su comentario explica el por qu\u00e9 <strong>Miguel \u00c1ngel Osorio Chong <\/strong>no fue el candidato presidencial del PRI.<\/p>\n<p>Y deja en claro por qu\u00e9 al llegar su sustituto a Gobernaci\u00f3n, el mexiquense <strong>Alfonso Navarrete Prida<\/strong> arras\u00f3 y sustituy\u00f3 a todo el esquipo del hidalguense, en especial a los que estaban en el \u00e1rea de Seguridad P\u00fablica y el Cisen.<\/p>\n<p>Cesaron fulminantemente los viajes y las reuniones del Gabinete Nacional de Seguridad con los gobernadores, y entr\u00f3 una estrategia de seguridad e inteligencia absolutamente distinta.<\/p>\n<p style=\"text-align: center;\"><strong>Meade lo confirma<\/strong><\/p>\n<p>Y por si hab\u00eda alguna duda en lo reconocido por <strong>Pe\u00f1a Nieto<\/strong> \u2013y sus inocultables consecuencias en la designaci\u00f3n del candidato presidencial&#8211;, <strong>Jos\u00e9 Antonio Meade<\/strong>, candidato ganador en el PRI, advirti\u00f3 que la estrategia de seguridad p\u00fablica del gobierno federal del presidente Enrique Pe\u00f1a Nieto requiere sin duda de una reingenier\u00eda para ser eficaz.<\/p>\n<p>La cr\u00edtica o descalificaci\u00f3n hacia <strong>Osorio Chong<\/strong> est\u00e1 m\u00e1s que impl\u00edcita.<\/p>\n<p><strong>Meade no se qued\u00f3 en la superficie. Dijo:<\/strong> la delincuencia rebas\u00f3 al Estado mexicano.<\/p>\n<p>Al menos eso est\u00e1 reconocido y escrito por el candidato presidencial del PRI, PVEM y Panal en una carta enviada a <strong>Gustavo Hoyos<\/strong>, presidente de la Confederaci\u00f3n Patronal de la Rep\u00fablica Mexicana, la Coparmex,.<\/p>\n<p>\u00abEn M\u00e9xico, el crimen ha rebasado al Estado y eso nos exige hoy dar todo para aventajar a la delincuencia, pararla en seco y devolver a la gente la paz y la tranquilidad\u00bb, firma: Jos\u00e9 Antonio Meade.<\/p>\n<p>Por ello en el mismo documento el candidato propone separar las funciones de Seguridad P\u00fablica, de la Secretar\u00eda de Gobernaci\u00f3n.<\/p>\n<p>Hay que recordar que en 2012, a su llegada al gobierno, <strong>Enrique Pe\u00f1a Nieto <\/strong>promovi\u00f3 reformas a la Ley Org\u00e1nica de la Administraci\u00f3n P\u00fablica Federal para desaparecer a la <strong>Secretar\u00eda de Seguridad P\u00fablica<\/strong> para que sus funciones quedaran bajo el mando del secretario de Gobernaci\u00f3n.<\/p>\n<p style=\"text-align: center;\"><strong>Meade suma adeptos<\/strong><\/p>\n<p>En medio de reacciones inexplicables de dirigentes panistas y perredistas, quienes montaron en c\u00f3lera, el gobernador perredista de Michoac\u00e1n, <strong>Silvano Aureoles,<\/strong> se sum\u00f3 a las filas de <strong>Jos\u00e9 Antonio Meade<\/strong> candidato del PRI, PVEM y Panal. Apenas un poco antes el fracasado aspirante presidencial independiente, el ex perredista <strong>Armando R\u00edos Piter<\/strong> hab\u00eda hecho lo mismo.<\/p>\n<p>\u00a1Vaya! El mundo pol\u00edtico y de redes sociales se les vino encima.<\/p>\n<p>Los acusaron de todo, los maldijeron y sentenciaron.<\/p>\n<p>\u00bfPor qu\u00e9 tanto esc\u00e1ndalo si se fueron con el supuesto perdedor? Hasta deber\u00edan darles las gracias, \u00bfno?<\/p>\n<p style=\"text-align: center;\"><strong>Otras invitaciones<\/strong><\/p>\n<p>En este contexto, <strong>Jos\u00e9 Antonio Meade <\/strong>aprovech\u00f3 las adhesiones de <strong>Silvano<\/strong> y <strong>R\u00edos Piter <\/strong>para extender su mano a <strong>Margarita Zavala<\/strong> y a <strong>Jaime Rodr\u00edguez<\/strong>, <em>El Bronco.<\/em><\/p>\n<p><strong>\u201cDejamos abierta la invitaci\u00f3n a todos\u201d, indic\u00f3.<\/strong><\/p>\n<p style=\"text-align: center;\"><strong>AMLO, un peligro para M\u00e9xico<\/strong><\/p>\n<p>Detr\u00e1s del reacomodo y el realineamiento pol\u00edtico y electoral, por el pa\u00eds corre el temor creciente de lo que podr\u00eda representar para el futuro de M\u00e9xico y los mexicanos el triunfo de Andr\u00e9s Manuel L\u00f3pez Obrador<strong>.<\/strong><\/p>\n<p>Este temor crece a trav\u00e9s de los an\u00e1lisis realizados por las m\u00e1s prestigiosas y serias consultor\u00edas internacionales, las cuales han comenzado a hacer proyecciones sobre fugas de capital, cancelaci\u00f3n de proyectos de inversi\u00f3n, modificaci\u00f3n de reglas financieras pero sobre todo la llegada de un nuevo escenario de ruptura y confrontaci\u00f3n social, pol\u00edtica y econ\u00f3mica muy venezolano y bolivariano al lado de los EU.<\/p>\n<p><strong>\u00a0<\/strong>Dentro de estas proyecciones<strong>, el ex canciller Jorge Casta\u00f1eda no descarta una alianza electoral con el candidato presidencial \u00fanico de PAN, PRD, MC con PRI, PVEM y Panal.<\/strong><\/p>\n<p>Por supuesto que dentro de las campa\u00f1as de <strong>Ricardo Anaya<\/strong> y de <strong>Jos\u00e9 Antonio Meade <\/strong>se han apresurado a rechazar tal posibilidad.<\/p>\n<p>Pero si en los siguientes 30-40 d\u00edas, con 2 debates de por medio persisten las variables que colocan a AMLO como puntero, cualquier cosa podr\u00eda ocurrir, afirman quienes saben de esto.<\/p>\n<p>Mientras tanto no se pueden desechar los comentarios de, por ejemplo, <strong>Enrique Ochoa Reza, l\u00edder nacional del PRI quien hace unos d\u00edas afirm\u00f3 que \u201clos <\/strong>mexicanos estamos ante <em>una decisi\u00f3n hist\u00f3rica<\/em>: mirar hacia el futuro y aprovechar las oportunidades que tiene el pa\u00eds con <strong>Jos\u00e9 Antonio Meade o caer en el riesgo de mirar hacia el precipicio, en una propuesta que no le conviene a M\u00e9xico\u201d.<\/strong><\/p>\n<p><strong>Hablar del precipicio es advertir el desastre, \u00bfo no?.<\/strong><\/p>\n<p>Y por si no nos hubiera quedado claro lo que quiso decir, agreg\u00f3:<\/p>\n<p>\u201cSon pocas las elecciones que determinan el futuro de m\u00faltiples generaciones y \u00e9sta es una de ellas. La militancia priista est\u00e1 lista para enfrentar el reto y alcanzar la victoria\u201d, subray\u00f3.<\/p>\n<p>En lo dicho por <strong>Ochoa Reza<\/strong> coincide <strong>Marko Cort\u00e9s,<\/strong> coordinador de los diputados federales del PAN y presidente de la Junta de Coordinaci\u00f3n Pol\u00edtica de San L\u00e1zaro, quien subray\u00f3:<\/p>\n<p>\u201cCon AMLO podr\u00edamos estar en una p\u00e9sima situaci\u00f3n y perder lo poco que tenemos\u2026\u201d<\/p>\n<p>Y agreg\u00f3:<\/p>\n<p>\u201cEntiendo a millones de mexicanos que est\u00e1n desesperados, que ya no ven otra opci\u00f3n y apuestan a la que ofrece todo, aunque no dice de d\u00f3nde saldr\u00e1.<\/p>\n<p>\u201cEntiendo a esos mexicanos desesperados por la inseguridad, pero los convoco a que <strong>no den un salto al vac\u00edo<\/strong> porque<strong> de lo mal que estamos podr\u00edamos pasar a estar en una p\u00e9sima y muy dif\u00edcil situaci\u00f3n en donde perder\u00edamos en M\u00e9xico lo poco que hoy tenemos\u201d<\/strong>, advirti\u00f3.<\/p>\n<p style=\"text-align: center;\"><strong>Dudas sobre anular el fuero<\/strong><\/p>\n<p>Ya se ator\u00f3 la abolici\u00f3n del fuero en el Senado. Apenas lleg\u00f3 a la c\u00e1mara alta el dictamen aprobado por unanimidad en San L\u00e1zaro, y ya algunos senadores le encontraron peros. Dicen que entre los pri\u00edstas que comanda <strong>Emilio Gamboa,<\/strong> que suelen irse al fondo de los temas a discusi\u00f3n y aprobaci\u00f3n, hay consideraciones que coinciden con los resabios del prestigiado constitucionalista <strong>Diego Valad\u00e9s<\/strong> respecto de que retirar el fuero podr\u00eda afectar la toma de decisiones del Presidente de la Republica, sus secretarios y dem\u00e1s funcionarios hasta llegar a los alcaldes, legisladores y magistrados y jueces.<\/p>\n<p>Otros, como la independiente <strong>Martha Tagle<\/strong> \u2013suplente de <strong>Alejandra Barrales-<\/strong>-, consideran que antes que retirar el fuero el combate a la corrupci\u00f3n y su mam\u00e1: la impunidad, se requiere aprobar la revocaci\u00f3n de mandato, es decir: devolver el poder a la ciudadan\u00eda de tirar a la basura a aquel gobernante que no cumpla lo prometido.<\/p>\n<p>De igual manera, opina, para que la abolici\u00f3n del fuero no abra la puerta de la persecuci\u00f3n contra las voces opositoras, \u201ccomo lo han advertido especialistas\u201d, urge dise\u00f1ar una Fiscal\u00eda General aut\u00f3noma, independiente y con facultades efectivas para combatir la corrupci\u00f3n pol\u00edtica.<\/p>\n<p>A quienes les urge sin embargo aprobar ya ese dictamen, tal como lleg\u00f3, es a los senadores panistas que encabeza don <strong>Fernando Herrera. <\/strong>Record\u00f3 que a esta legislatura s\u00f3lo le quedan 3 sesiones m\u00e1s y el dictamen aprobado tendr\u00eda que ir a ser aprobado por 17 Congresos locales.<\/p>\n<p><em><a href=\"mailto:rvizcainoa@gmail.com\" target=\"_blank\" rel=\"noopener\">vizcainoa@gmail.com<\/a><\/em><br \/>\n<em><a href=\"http:\/\/www.endirecto.com.mx\/\" target=\"_blank\" rel=\"noopener\">www.endirecto.com.mx<\/a><\/em><br \/>\n<em><a href=\"https:\/\/twitter.com\/_rvizcaino\" target=\"_blank\" rel=\"noopener\">@_RVizcaino<\/a><\/em><br \/>\n<a href=\"https:\/\/www.facebook.com\/rvizcainoa\" target=\"_blank\" rel=\"noopener\">f<em>acebook.com\/rvizcainoa<\/em><\/a><\/p>\n","protected":false},"excerpt":{"rendered":"<p><span style=\"color: #005497;\"><strong>Roberto Vizca\u00edno<\/strong><\/span><br \/>\n<br \/>\nSus intervenciones no lo ocultan: el presidente <strong>Enrique Pe\u00f1a Nieto<\/strong> ya comenz\u00f3 a despedirse.<\/p>\n","protected":false},"author":3,"featured_media":373287,"comment_status":"open","ping_status":"open","sticky":false,"template":"","format":"standard","meta":{"_monsterinsights_skip_tracking":false,"_monsterinsights_sitenote_active":false,"_monsterinsights_sitenote_note":"","_monsterinsights_sitenote_category":0,"footnotes":""},"categories":[136],"tags":[43674,93,94],"class_list":["post-373244","post","type-post","status-publish","format-standard","has-post-thumbnail","hentry","category-roberto-vizcaino-opinion","tag-opinion","tag-roberto-vizcaino","tag-tras-la-puerta-del-poder"],"_links":{"self":[{"href":"https:\/\/www.diarioimagen.net\/index.php?rest_route=\/wp\/v2\/posts\/373244","targetHints":{"allow":["GET"]}}],"collection":[{"href":"https:\/\/www.diarioimagen.net\/index.php?rest_route=\/wp\/v2\/posts"}],"about":[{"href":"https:\/\/www.diarioimagen.net\/index.php?rest_route=\/wp\/v2\/types\/post"}],"author":[{"embeddable":true,"href":"https:\/\/www.diarioimagen.net\/index.php?rest_route=\/wp\/v2\/users\/3"}],"replies":[{"embeddable":true,"href":"https:\/\/www.diarioimagen.net\/index.php?rest_route=%2Fwp%2Fv2%2Fcomments&post=373244"}],"version-history":[{"count":0,"href":"https:\/\/www.diarioimagen.net\/index.php?rest_route=\/wp\/v2\/posts\/373244\/revisions"}],"wp:featuredmedia":[{"embeddable":true,"href":"https:\/\/www.diarioimagen.net\/index.php?rest_route=\/wp\/v2\/media\/373287"}],"wp:attachment":[{"href":"https:\/\/www.diarioimagen.net\/index.php?rest_route=%2Fwp%2Fv2%2Fmedia&parent=373244"}],"wp:term":[{"taxonomy":"category","embeddable":true,"href":"https:\/\/www.diarioimagen.net\/index.php?rest_route=%2Fwp%2Fv2%2Fcategories&post=373244"},{"taxonomy":"post_tag","embeddable":true,"href":"https:\/\/www.diarioimagen.net\/index.php?rest_route=%2Fwp%2Fv2%2Ftags&post=373244"}],"curies":[{"name":"wp","href":"https:\/\/api.w.org\/{rel}","templated":true}]}}