{"id":373309,"date":"2018-04-24T00:06:22","date_gmt":"2018-04-24T05:06:22","guid":{"rendered":"http:\/\/www.diarioimagen.net\/?p=373309"},"modified":"2018-04-24T22:59:19","modified_gmt":"2018-04-25T03:59:19","slug":"inaceptable-condicionar-tlcan-a-acciones-migratorias-videgaray","status":"publish","type":"post","link":"https:\/\/www.diarioimagen.net\/?p=373309","title":{"rendered":"Inaceptable condicionar TLCAN a acciones migratorias: Videgaray"},"content":{"rendered":"<ul>\n<li><em><strong>Respuesta a Twitter de Trump<\/strong><\/em><\/li>\n<\/ul>\n<p><strong>\u00a0<\/strong><\/p>\n<div id=\"attachment_373310\" style=\"width: 470px\" class=\"wp-caption aligncenter\"><img loading=\"lazy\" decoding=\"async\" aria-describedby=\"caption-attachment-373310\" class=\"size-large wp-image-373310\" src=\"http:\/\/www.diarioimagen.net\/wp-content\/uploads\/2018\/04\/VIDEGARAY24-portal-460x268.jpg\" alt=\"\" width=\"460\" height=\"268\" srcset=\"https:\/\/www.diarioimagen.net\/wp-content\/uploads\/2018\/04\/VIDEGARAY24-portal-460x268.jpg 460w, https:\/\/www.diarioimagen.net\/wp-content\/uploads\/2018\/04\/VIDEGARAY24-portal-240x140.jpg 240w, https:\/\/www.diarioimagen.net\/wp-content\/uploads\/2018\/04\/VIDEGARAY24-portal.jpg 480w\" sizes=\"auto, (max-width: 460px) 100vw, 460px\" \/><p id=\"caption-attachment-373310\" class=\"wp-caption-text\">El canciller Luis Videgaray Caso se\u00f1al\u00f3 que M\u00e9xico decide su pol\u00edtica migratoria de manera soberana.<\/p><\/div>\n<p>&nbsp;<\/p>\n<p>El titular de la Secretar\u00eda de Relaciones Exteriores (SRE), Luis Videgaray Caso, asegur\u00f3 que es inaceptable condicionar la renegociaci\u00f3n del Tratado de Libre Comercio de Am\u00e9rica del Norte (TLCAN) a acciones migratorias.<\/p>\n<p>A trav\u00e9s de su cuenta de Twitter, el funcionario se\u00f1al\u00f3 que M\u00e9xico decide su pol\u00edtica migratoria de manera soberana.<\/p>\n<p>Mientras que la cooperaci\u00f3n migratoria con Estados Unidos ocurre por as\u00ed convenir al gobierno mexicano, agreg\u00f3 en su cuenta @LVidegaray.<\/p>\n<p>\u201cM\u00e9xico decide su pol\u00edtica migratoria de manera soberana, y la cooperaci\u00f3n migratoria con EUA ocurre por as\u00ed convenir a M\u00e9xico. Ser\u00eda inaceptable condicionar la renegociaci\u00f3n del TLCAN a acciones migratorias fuera de este marco de cooperaci\u00f3n\u201d, dijo.<\/p>\n<p>Horas antes, a trav\u00e9s de su cuenta de Twitter, el presidente de Estados Unidos, Donald Trump, plante\u00f3 condicionar el acuerdo sobre el TCLAN a un endurecimiento en la aplicaci\u00f3n de las leyes migratorias por parte de M\u00e9xico.<\/p>\n<p>M\u00e9xico, cuyas leyes de inmigraci\u00f3n son muy estrictas, debe evitar que la gente pase por M\u00e9xico y entre en Estados Unidos. Debemos hacer esto una condici\u00f3n del nuevo acuerdo sobre el TLCAN\u00bb, afirm\u00f3 Trump en referencia al acuerdo que renegocia Estados Unidos con M\u00e9xico y Canad\u00e1.<\/p>\n<p>Nuestro pa\u00eds no puede aceptar lo que est\u00e1 sucediendo! Tambi\u00e9n debemos obtener financiaci\u00f3n para el muro r\u00e1pido\u00bb, a\u00f1adi\u00f3 el mandatario en su cuenta de la red social Twitter.<\/p>\n<p>Trump hizo estas declaraciones poco despu\u00e9s de que medios estadounidenses informaran de la llegada a California de 50 miembros de una caravana de inmigrantes centroamericanos que durante semanas recorri\u00f3 M\u00e9xico y acab\u00f3 oficialmente su recorrido a principios de abril en Ciudad de M\u00e9xico.<\/p>\n","protected":false},"excerpt":{"rendered":"<p>El titular de la Secretar\u00eda de Relaciones Exteriores (SRE), Luis Videgaray Caso, asegur\u00f3 que es inaceptable condicionar la renegociaci\u00f3n del Tratado de Libre Comercio de Am\u00e9rica del Norte (TLCAN) a acciones migratorias.<\/p>\n","protected":false},"author":5,"featured_media":373310,"comment_status":"open","ping_status":"open","sticky":false,"template":"","format":"standard","meta":{"_monsterinsights_skip_tracking":false,"_monsterinsights_sitenote_active":false,"_monsterinsights_sitenote_note":"","_monsterinsights_sitenote_category":0,"footnotes":""},"categories":[8],"tags":[43673,72851,423,64729],"class_list":["post-373309","post","type-post","status-publish","format-standard","has-post-thumbnail","hentry","category-finanzas","tag-nacional","tag-tlcan-a-acciones-migratorias","tag-twitter","tag-videgaray"],"_links":{"self":[{"href":"https:\/\/www.diarioimagen.net\/index.php?rest_route=\/wp\/v2\/posts\/373309","targetHints":{"allow":["GET"]}}],"collection":[{"href":"https:\/\/www.diarioimagen.net\/index.php?rest_route=\/wp\/v2\/posts"}],"about":[{"href":"https:\/\/www.diarioimagen.net\/index.php?rest_route=\/wp\/v2\/types\/post"}],"author":[{"embeddable":true,"href":"https:\/\/www.diarioimagen.net\/index.php?rest_route=\/wp\/v2\/users\/5"}],"replies":[{"embeddable":true,"href":"https:\/\/www.diarioimagen.net\/index.php?rest_route=%2Fwp%2Fv2%2Fcomments&post=373309"}],"version-history":[{"count":0,"href":"https:\/\/www.diarioimagen.net\/index.php?rest_route=\/wp\/v2\/posts\/373309\/revisions"}],"wp:featuredmedia":[{"embeddable":true,"href":"https:\/\/www.diarioimagen.net\/index.php?rest_route=\/wp\/v2\/media\/373310"}],"wp:attachment":[{"href":"https:\/\/www.diarioimagen.net\/index.php?rest_route=%2Fwp%2Fv2%2Fmedia&parent=373309"}],"wp:term":[{"taxonomy":"category","embeddable":true,"href":"https:\/\/www.diarioimagen.net\/index.php?rest_route=%2Fwp%2Fv2%2Fcategories&post=373309"},{"taxonomy":"post_tag","embeddable":true,"href":"https:\/\/www.diarioimagen.net\/index.php?rest_route=%2Fwp%2Fv2%2Ftags&post=373309"}],"curies":[{"name":"wp","href":"https:\/\/api.w.org\/{rel}","templated":true}]}}