{"id":373340,"date":"2018-04-24T00:08:41","date_gmt":"2018-04-24T05:08:41","guid":{"rendered":"http:\/\/www.diarioimagen.net\/?p=373340"},"modified":"2018-04-24T22:59:33","modified_gmt":"2018-04-25T03:59:33","slug":"inversion-de-129-mde-en-nueva-planta-de-vacunas","status":"publish","type":"post","link":"https:\/\/www.diarioimagen.net\/?p=373340","title":{"rendered":"Inversi\u00f3n de 129 mde en nueva planta de vacunas"},"content":{"rendered":"<ul>\n<li><em><strong>Anuncia Sanofi Pasteur M\u00e9xico<\/strong><\/em><\/li>\n<li><em><strong>Se ubicar\u00e1 en C. Izcalli y generar\u00e1 170 empleos directos y alrededor de 600 indirectos<\/strong><\/em><\/li>\n<\/ul>\n<p>&nbsp;<\/p>\n<div id=\"attachment_373441\" style=\"width: 470px\" class=\"wp-caption aligncenter\"><a href=\"http:\/\/www.diarioimagen.net\/?attachment_id=373441\" rel=\"attachment wp-att-373441\"><img loading=\"lazy\" decoding=\"async\" aria-describedby=\"caption-attachment-373441\" class=\"size-large wp-image-373441\" src=\"http:\/\/www.diarioimagen.net\/wp-content\/uploads\/2018\/04\/VACUNAS-3353-460x259.jpg\" alt=\"\" width=\"460\" height=\"259\" srcset=\"https:\/\/www.diarioimagen.net\/wp-content\/uploads\/2018\/04\/VACUNAS-3353-460x259.jpg 460w, https:\/\/www.diarioimagen.net\/wp-content\/uploads\/2018\/04\/VACUNAS-3353-240x135.jpg 240w, https:\/\/www.diarioimagen.net\/wp-content\/uploads\/2018\/04\/VACUNAS-3353-235x132.jpg 235w, https:\/\/www.diarioimagen.net\/wp-content\/uploads\/2018\/04\/VACUNAS-3353-202x114.jpg 202w, https:\/\/www.diarioimagen.net\/wp-content\/uploads\/2018\/04\/VACUNAS-3353-350x196.jpg 350w, https:\/\/www.diarioimagen.net\/wp-content\/uploads\/2018\/04\/VACUNAS-3353-220x123.jpg 220w, https:\/\/www.diarioimagen.net\/wp-content\/uploads\/2018\/04\/VACUNAS-3353-237x132.jpg 237w, https:\/\/www.diarioimagen.net\/wp-content\/uploads\/2018\/04\/VACUNAS-3353.jpg 480w\" sizes=\"auto, (max-width: 460px) 100vw, 460px\" \/><\/a><p id=\"caption-attachment-373441\" class=\"wp-caption-text\">Fernando Sampaio, Director General de Sanofi Pasteur M\u00e9xico, anunci\u00f3 la construcci\u00f3n de una planta de producci\u00f3n de vacunas de \u00faltima generaci\u00f3n en Cuautitl\u00e1n Izcalli.<\/p><\/div>\n<p>&nbsp;<\/p>\n<p><strong>Hannover, Alemania<\/strong>.- En el marco de la Feria Hannover Messe 2018, y durante la presentaci\u00f3n de los proyectos de inversi\u00f3n extranjera con impacto para M\u00e9xico, primer pa\u00eds latinoamericano invitado como socio especial en este evento referente a nivel mundial, Sanofi Pasteur M\u00e9xico anunci\u00f3 una inversi\u00f3n para la construcci\u00f3n de una planta de vacunas en el Estado de\u00a0 M\u00e9xico.<\/p>\n<p>Fernando Sampaio, director general de Sanofi Pasteur M\u00e9xico, destac\u00f3 que el proyecto tendr\u00e1 una inversi\u00f3n de alrededor de 129 millones de euros para la construcci\u00f3n de una planta de producci\u00f3n de vacunas de \u00faltima generaci\u00f3n en Cuautitl\u00e1n Izcalli, Estado de M\u00e9xico.<\/p>\n<p>\u201cCon esto se estar\u00e1n generando m\u00e1s de 170 empleos directos y otros 600 empleos indirectos, adem\u00e1s de aumentar el potencial del pa\u00eds como productor y exportador de vacunas al resto de Am\u00e9rica Latina.<\/p>\n<p>\u201cEsto ha sido posible gracias a una larga y s\u00f3lida historia de colaboraci\u00f3n entre Sanofi Pasteur M\u00e9xico y los diferentes niveles de gobierno, as\u00ed como con las instituciones del pa\u00eds, lo que nos ha permitido ser un socio por elecci\u00f3n y contribuir para responder a una de las prioridades de salud p\u00fablica: la prevenci\u00f3n de enfermedades por vacunaci\u00f3n\u201d.<\/p>\n<p>Por su parte, el secretario de Desarrollo Econ\u00f3mico de la entidad reiter\u00f3 el inter\u00e9s por atraer este tipo de proyectos que destacan las ventajas competitivas del Estado de M\u00e9xico como un referente para el desarrollo econ\u00f3mico.<\/p>\n<p>De igual forma, agradeci\u00f3 la confianza que empresas globales de gran prestigio han depositado al generar importantes inversiones que impactan de manera positiva en beneficio del pa\u00eds y, particularmente, del Estado de M\u00e9xico.<\/p>\n<p>Actualmente, Sanofi Pasteur suministra aproximadamente 30 millones de dosis de vacuna contra influenza estacional al sistema de salud p\u00fablica en M\u00e9xico cada a\u00f1o y tiene la capacidad de suministrar hasta 90 millones de dosis en caso de pandemia.<\/p>\n<p>Sanofi Pasteur tambi\u00e9n provee otras ocho vacunas, para prevenir 14 enfermedades cada a\u00f1o.<\/p>\n<p>Sanofi Pasteur es una compa\u00f1\u00eda biofarma\u00e9utica dedicado a apoyar a la gente a superar sus retos en salud; trabaja en la prevenci\u00f3n de enfermedades con vacunas y tratamientos innovadores para combatir el dolor y aliviar el sufrimiento.<\/p>\n<p>Con m\u00e1s de 100 mil personas en 100 pa\u00edses, Sanofi Pasteur est\u00e1 transformando la innovaci\u00f3n cient\u00edfica en soluciones para el cuidado de la salud alrededor del mundo.<\/p>\n","protected":false},"excerpt":{"rendered":"<p>En el marco de la Feria Hannover Messe 2018, y durante la presentaci\u00f3n de los proyectos de inversi\u00f3n extranjera con impacto para M\u00e9xico, primer pa\u00eds latinoamericano invitado como socio especial en este evento referente a nivel mundial, Sanofi Pasteur M\u00e9xico anunci\u00f3 una inversi\u00f3n para la construcci\u00f3n de una planta de vacunas en el Estado de  M\u00e9xico.<\/p>\n","protected":false},"author":3,"featured_media":373441,"comment_status":"open","ping_status":"open","sticky":false,"template":"","format":"standard","meta":{"_monsterinsights_skip_tracking":false,"_monsterinsights_sitenote_active":false,"_monsterinsights_sitenote_note":"","_monsterinsights_sitenote_category":0,"footnotes":""},"categories":[18863],"tags":[853,72874,5247,428],"class_list":["post-373340","post","type-post","status-publish","format-standard","has-post-thumbnail","hentry","category-salud-edomex","tag-alemania","tag-hannover","tag-inversion","tag-vacunas"],"_links":{"self":[{"href":"https:\/\/www.diarioimagen.net\/index.php?rest_route=\/wp\/v2\/posts\/373340","targetHints":{"allow":["GET"]}}],"collection":[{"href":"https:\/\/www.diarioimagen.net\/index.php?rest_route=\/wp\/v2\/posts"}],"about":[{"href":"https:\/\/www.diarioimagen.net\/index.php?rest_route=\/wp\/v2\/types\/post"}],"author":[{"embeddable":true,"href":"https:\/\/www.diarioimagen.net\/index.php?rest_route=\/wp\/v2\/users\/3"}],"replies":[{"embeddable":true,"href":"https:\/\/www.diarioimagen.net\/index.php?rest_route=%2Fwp%2Fv2%2Fcomments&post=373340"}],"version-history":[{"count":0,"href":"https:\/\/www.diarioimagen.net\/index.php?rest_route=\/wp\/v2\/posts\/373340\/revisions"}],"wp:featuredmedia":[{"embeddable":true,"href":"https:\/\/www.diarioimagen.net\/index.php?rest_route=\/wp\/v2\/media\/373441"}],"wp:attachment":[{"href":"https:\/\/www.diarioimagen.net\/index.php?rest_route=%2Fwp%2Fv2%2Fmedia&parent=373340"}],"wp:term":[{"taxonomy":"category","embeddable":true,"href":"https:\/\/www.diarioimagen.net\/index.php?rest_route=%2Fwp%2Fv2%2Fcategories&post=373340"},{"taxonomy":"post_tag","embeddable":true,"href":"https:\/\/www.diarioimagen.net\/index.php?rest_route=%2Fwp%2Fv2%2Ftags&post=373340"}],"curies":[{"name":"wp","href":"https:\/\/api.w.org\/{rel}","templated":true}]}}