{"id":373342,"date":"2018-04-24T00:11:44","date_gmt":"2018-04-24T05:11:44","guid":{"rendered":"http:\/\/www.diarioimagen.net\/?p=373342"},"modified":"2018-04-24T05:06:09","modified_gmt":"2018-04-24T10:06:09","slug":"abre-uaem-tercera-via-sobre-reforma-a-ley-universitaria","status":"publish","type":"post","link":"https:\/\/www.diarioimagen.net\/?p=373342","title":{"rendered":"Abre UAEM tercera v\u00eda sobre reforma a Ley Universitaria"},"content":{"rendered":"<ul>\n<li><strong><em>Consulta interactiva<\/em><\/strong><\/li>\n<\/ul>\n<p>&nbsp;<\/p>\n<div id=\"attachment_373443\" style=\"width: 470px\" class=\"wp-caption aligncenter\"><a href=\"http:\/\/www.diarioimagen.net\/?attachment_id=373443\" rel=\"attachment wp-att-373443\"><img loading=\"lazy\" decoding=\"async\" aria-describedby=\"caption-attachment-373443\" class=\"size-large wp-image-373443\" src=\"http:\/\/www.diarioimagen.net\/wp-content\/uploads\/2018\/04\/UAEM-3353-460x259.jpg\" alt=\"\" width=\"460\" height=\"259\" srcset=\"https:\/\/www.diarioimagen.net\/wp-content\/uploads\/2018\/04\/UAEM-3353-460x259.jpg 460w, https:\/\/www.diarioimagen.net\/wp-content\/uploads\/2018\/04\/UAEM-3353-240x135.jpg 240w, https:\/\/www.diarioimagen.net\/wp-content\/uploads\/2018\/04\/UAEM-3353-235x132.jpg 235w, https:\/\/www.diarioimagen.net\/wp-content\/uploads\/2018\/04\/UAEM-3353-202x114.jpg 202w, https:\/\/www.diarioimagen.net\/wp-content\/uploads\/2018\/04\/UAEM-3353-350x196.jpg 350w, https:\/\/www.diarioimagen.net\/wp-content\/uploads\/2018\/04\/UAEM-3353-220x123.jpg 220w, https:\/\/www.diarioimagen.net\/wp-content\/uploads\/2018\/04\/UAEM-3353-237x132.jpg 237w, https:\/\/www.diarioimagen.net\/wp-content\/uploads\/2018\/04\/UAEM-3353.jpg 480w\" sizes=\"auto, (max-width: 460px) 100vw, 460px\" \/><\/a><p id=\"caption-attachment-373443\" class=\"wp-caption-text\">El rector, Alfredo Barrera Baca, invit\u00f3 a estudiantes, docentes y trabajadores universitarios a registrar sus opiniones en la direcci\u00f3n electr\u00f3nica http:\/\/148.215.1.17\/reforma\/<\/p><\/div>\n<p>&nbsp;<\/p>\n<p><strong>Toluca, Estado de M\u00e9xico<\/strong>.- Ayer lunes, la Universidad Aut\u00f3noma del Estado de M\u00e9xico puso en marcha la consulta interactiva sobre la propuesta de reforma a la Ley Universitaria 2018. Se trata de la tercera v\u00eda a trav\u00e9s de la cual, hasta el pr\u00f3ximo 15 de mayo, estudiantes, docentes y trabajadores administrativos de esta casa de estudios pueden expresar sus opiniones y sugerencias sobre dicha iniciativa.<\/p>\n<p>Cabe destacar que la comunidad de la UAEM puede manifestar sus puntos de vista sobre la propuesta de reforma en sus propios espacios de adscripci\u00f3n, a trav\u00e9s de los consejos acad\u00e9mico y de gobierno; asimismo, mediante la p\u00e1gina <a href=\"http:\/\/reforma.uaemex.mx\" target=\"_blank\" rel=\"noopener\">http:\/\/reforma.uaemex.mx<\/a>\/, donde se encuentran a su disposici\u00f3n l\u00edneas telef\u00f3nicas, correos electr\u00f3nicos y un buz\u00f3n de atenci\u00f3n.<\/p>\n<p>Al respecto, el rector Alfredo Barrera Baca indic\u00f3 que este proceso dial\u00f3gico impulsa la corresponsabilidad de la comunidad universitaria en la construcci\u00f3n de una ley que pondr\u00e1 al d\u00eda a la m\u00e1xima casa de estudios mexiquense.<\/p>\n<p>La expresi\u00f3n de opiniones a trav\u00e9s de estas v\u00edas, asever\u00f3, es un proceso que nos merecemos los universitarios; permitir\u00e1 enriquecer y mejorar la propuesta de reforma a la Ley Universitaria. La consulta interactiva, puntualiz\u00f3, abre a\u00fan m\u00e1s los canales de participaci\u00f3n de los universitarios, incentiva y garantiza la participaci\u00f3n de los tres sectores en este proceso y abona al enriquecimiento de la propuesta; sistematiza la opini\u00f3n y proporciona a la Comisi\u00f3n de Procesos Legislativos del H. Consejo Universitario elementos cualitativos y cuantitativos.<\/p>\n<p>\u201cEs una herramienta d\u00factil y de f\u00e1cil acceso que permitir\u00e1 recabar y conocer mejor la opini\u00f3n de los universitarios sobre este proyecto que busca armonizar a nuestra instituci\u00f3n con la evoluci\u00f3n jur\u00eddica del pa\u00eds\u201d.<\/p>\n<p>Es una iniciativa, afirm\u00f3, para formalizar la internacionalizaci\u00f3n del trabajo universitario, modernizar la docencia y la investigaci\u00f3n y fortalecer sus mecanismos de rendici\u00f3n de cuentas, gobierno democr\u00e1tico y desarrollo institucional.<\/p>\n<p>Manifest\u00f3 que la participaci\u00f3n de todos los universitarios en esta consulta interactiva ser\u00e1 sumamente valiosa. \u201cLos invito a registrar sus opiniones en la direcci\u00f3n electr\u00f3nica http:\/\/148.215.1.17\/reforma\/\u201d.<\/p>\n<p>La opini\u00f3n de los universitarios y su experiencia son fundamentales para enriquecer la iniciativa de reforma, un proyecto de enorme relevancia para el futuro de la Universidad Aut\u00f3noma del Estado de M\u00e9xico, concluy\u00f3 Alfredo Barrera Baca.<\/p>\n","protected":false},"excerpt":{"rendered":"<p>Ayer lunes, la Universidad Aut\u00f3noma del Estado de M\u00e9xico puso en marcha la consulta interactiva sobre la propuesta de reforma a la Ley Universitaria 2018. Se trata de la tercera v\u00eda a trav\u00e9s de la cual, hasta el pr\u00f3ximo 15 de mayo, estudiantes, docentes y trabajadores administrativos de esta casa de estudios pueden expresar sus opiniones y sugerencias sobre dicha iniciativa.<\/p>\n","protected":false},"author":3,"featured_media":373443,"comment_status":"open","ping_status":"open","sticky":false,"template":"","format":"standard","meta":{"_monsterinsights_skip_tracking":false,"_monsterinsights_sitenote_active":false,"_monsterinsights_sitenote_note":"","_monsterinsights_sitenote_category":0,"footnotes":""},"categories":[5],"tags":[43675,452,1491],"class_list":["post-373342","post","type-post","status-publish","format-standard","has-post-thumbnail","hentry","category-estado-de-mexico","tag-estado-de-mexico","tag-toluca","tag-uaem"],"_links":{"self":[{"href":"https:\/\/www.diarioimagen.net\/index.php?rest_route=\/wp\/v2\/posts\/373342","targetHints":{"allow":["GET"]}}],"collection":[{"href":"https:\/\/www.diarioimagen.net\/index.php?rest_route=\/wp\/v2\/posts"}],"about":[{"href":"https:\/\/www.diarioimagen.net\/index.php?rest_route=\/wp\/v2\/types\/post"}],"author":[{"embeddable":true,"href":"https:\/\/www.diarioimagen.net\/index.php?rest_route=\/wp\/v2\/users\/3"}],"replies":[{"embeddable":true,"href":"https:\/\/www.diarioimagen.net\/index.php?rest_route=%2Fwp%2Fv2%2Fcomments&post=373342"}],"version-history":[{"count":0,"href":"https:\/\/www.diarioimagen.net\/index.php?rest_route=\/wp\/v2\/posts\/373342\/revisions"}],"wp:featuredmedia":[{"embeddable":true,"href":"https:\/\/www.diarioimagen.net\/index.php?rest_route=\/wp\/v2\/media\/373443"}],"wp:attachment":[{"href":"https:\/\/www.diarioimagen.net\/index.php?rest_route=%2Fwp%2Fv2%2Fmedia&parent=373342"}],"wp:term":[{"taxonomy":"category","embeddable":true,"href":"https:\/\/www.diarioimagen.net\/index.php?rest_route=%2Fwp%2Fv2%2Fcategories&post=373342"},{"taxonomy":"post_tag","embeddable":true,"href":"https:\/\/www.diarioimagen.net\/index.php?rest_route=%2Fwp%2Fv2%2Ftags&post=373342"}],"curies":[{"name":"wp","href":"https:\/\/api.w.org\/{rel}","templated":true}]}}