{"id":373344,"date":"2018-04-24T00:10:48","date_gmt":"2018-04-24T05:10:48","guid":{"rendered":"http:\/\/www.diarioimagen.net\/?p=373344"},"modified":"2018-04-24T05:08:12","modified_gmt":"2018-04-24T10:08:12","slug":"atencion-agil-con-sistema-de-registro-de-salud","status":"publish","type":"post","link":"https:\/\/www.diarioimagen.net\/?p=373344","title":{"rendered":"Atenci\u00f3n \u00e1gil con Sistema de Registro de Salud"},"content":{"rendered":"<h2>Arco Norte<\/h2>\n<h5>Jos\u00e9 Luis Monta\u00f1ez Aguilar<\/h5>\n<p>&nbsp;<\/p>\n<p><a href=\"http:\/\/www.diarioimagen.net\/?attachment_id=373447\" rel=\"attachment wp-att-373447\"><img loading=\"lazy\" decoding=\"async\" class=\"aligncenter size-large wp-image-373447\" src=\"http:\/\/www.diarioimagen.net\/wp-content\/uploads\/2018\/04\/arco-3353-460x259.jpg\" alt=\"\" width=\"460\" height=\"259\" srcset=\"https:\/\/www.diarioimagen.net\/wp-content\/uploads\/2018\/04\/arco-3353-460x259.jpg 460w, https:\/\/www.diarioimagen.net\/wp-content\/uploads\/2018\/04\/arco-3353-240x135.jpg 240w, https:\/\/www.diarioimagen.net\/wp-content\/uploads\/2018\/04\/arco-3353-235x132.jpg 235w, https:\/\/www.diarioimagen.net\/wp-content\/uploads\/2018\/04\/arco-3353-202x114.jpg 202w, https:\/\/www.diarioimagen.net\/wp-content\/uploads\/2018\/04\/arco-3353-350x196.jpg 350w, https:\/\/www.diarioimagen.net\/wp-content\/uploads\/2018\/04\/arco-3353-220x123.jpg 220w, https:\/\/www.diarioimagen.net\/wp-content\/uploads\/2018\/04\/arco-3353-237x132.jpg 237w, https:\/\/www.diarioimagen.net\/wp-content\/uploads\/2018\/04\/arco-3353.jpg 480w\" sizes=\"auto, (max-width: 460px) 100vw, 460px\" \/><\/a><\/p>\n<p>&nbsp;<\/p>\n<p>A trav\u00e9s del Sistema de Registro de Salud, el personal m\u00e9dico de la entidad podr\u00e1 realizar su trabajo de manera m\u00e1s r\u00e1pida, ya que a trav\u00e9s del uso de la tecnolog\u00eda, se integra la informaci\u00f3n de los pacientes en expedientes electr\u00f3nicos, adem\u00e1s de que existe conectividad entre los centros de salud y hospitales de la entidad, para tener acceso a los archivos cl\u00ednicos.<\/p>\n<p>\u201cTiene que ver con tener los expedientes m\u00e9dicos para darle seguimiento a las necesidades, a lo que la poblaci\u00f3n requiere de tratamientos, a las enfermedades que va teniendo cada persona, para poder compartir informaci\u00f3n con otros centros m\u00e9dicos, para poder sumar distintos expertos a opinar, para llevar un historial cl\u00ednico, para mejorar inclusive el abasto de medicamento\u201d.<\/p>\n<p>\u201cAl final de cuentas, que\u00a0 eso se traduzca en mejora para toda la poblaci\u00f3n mexiquense.<\/p>\n<p>En una mejor atenci\u00f3n, en una atenci\u00f3n m\u00e1s \u00e1gil, que nos permita incluso, ese sistema, agendar las citas m\u00e9dicas para que no tengan que esperar tanto tiempo para ser atendidos en un Centro de Atenci\u00f3n Primaria a la Salud\u201d.<\/p>\n<p>El gobernador del Estado de M\u00e9xico, Alfredo Del Mazo, indic\u00f3 que este sistema permite que los mexiquenses tengan servicios de salud eficaces, sobre todo quienes acuden a los Centros de Atenci\u00f3n Primaria a la Salud (Ceaps) y Centros de Salud de primer nivel, en donde se atienden el 80 por ciento de las enfermedades.<\/p>\n<p>\u201cLe va a servir, primero que nada, a toda la poblaci\u00f3n que requiere de buenos servicios de salud, pero tambi\u00e9n les va a servir a ustedes, a los directores, a las directoras, a los m\u00e9dicos, a las enfermeras, que van a poder tener mucho m\u00e1s r\u00e1pido y m\u00e1s accesible la informaci\u00f3n m\u00e9dica de cada uno de los pacientes\u201d.<\/p>\n<p>El sistema de salud del Estado de M\u00e9xico cuenta con mil 500 unidades m\u00e9dicas, m\u00e1s de 22 mil m\u00e9dicos y m\u00e1s de 31 mil enfermeras, que est\u00e1n al pendiente de la salud de la poblaci\u00f3n mexiquense.<\/p>\n<p>El mandatario estatal dio a conocer que en la entidad se tiene una esperanza de vida de 75 a\u00f1os y medio, por lo que para el a\u00f1o 2030 se prev\u00e9 que existan m\u00e1s de 2 millones de personas mayores de 65 a\u00f1os, por lo que el sector salud tiene que seguir en crecimiento.<\/p>\n<p>El Sistema de Registro de Salud en una primera etapa funciona en 120 unidades m\u00e9dicas.<\/p>\n<p><em><a href=\"mailto:montanezaguilar@gmail.com\" target=\"_blank\" rel=\"noopener noreferrer\">montanezaguilar@gmail.com<\/a><\/em><\/p>\n","protected":false},"excerpt":{"rendered":"<p><span style=\"color: #005497;\">Jos\u00e9 Luis Monta\u00f1ez Aguilar<\/span><br \/>\n<br \/>\nA trav\u00e9s del Sistema de Registro de Salud, el personal m\u00e9dico de la entidad podr\u00e1 realizar su trabajo de manera m\u00e1s r\u00e1pida, ya que a trav\u00e9s del uso de la tecnolog\u00eda, se integra la informaci\u00f3n de los pacientes en expedientes electr\u00f3nicos, adem\u00e1s de que existe conectividad entre los centros de salud y hospitales de la entidad, para tener acceso a los archivos cl\u00ednicos.<\/p>\n","protected":false},"author":3,"featured_media":373447,"comment_status":"open","ping_status":"open","sticky":false,"template":"","format":"standard","meta":{"_monsterinsights_skip_tracking":false,"_monsterinsights_sitenote_active":false,"_monsterinsights_sitenote_note":"","_monsterinsights_sitenote_category":0,"footnotes":""},"categories":[5],"tags":[13284,43704,43674],"class_list":["post-373344","post","type-post","status-publish","format-standard","has-post-thumbnail","hentry","category-estado-de-mexico","tag-arco-norte","tag-jose-luis-montanez-aguilar","tag-opinion"],"_links":{"self":[{"href":"https:\/\/www.diarioimagen.net\/index.php?rest_route=\/wp\/v2\/posts\/373344","targetHints":{"allow":["GET"]}}],"collection":[{"href":"https:\/\/www.diarioimagen.net\/index.php?rest_route=\/wp\/v2\/posts"}],"about":[{"href":"https:\/\/www.diarioimagen.net\/index.php?rest_route=\/wp\/v2\/types\/post"}],"author":[{"embeddable":true,"href":"https:\/\/www.diarioimagen.net\/index.php?rest_route=\/wp\/v2\/users\/3"}],"replies":[{"embeddable":true,"href":"https:\/\/www.diarioimagen.net\/index.php?rest_route=%2Fwp%2Fv2%2Fcomments&post=373344"}],"version-history":[{"count":0,"href":"https:\/\/www.diarioimagen.net\/index.php?rest_route=\/wp\/v2\/posts\/373344\/revisions"}],"wp:featuredmedia":[{"embeddable":true,"href":"https:\/\/www.diarioimagen.net\/index.php?rest_route=\/wp\/v2\/media\/373447"}],"wp:attachment":[{"href":"https:\/\/www.diarioimagen.net\/index.php?rest_route=%2Fwp%2Fv2%2Fmedia&parent=373344"}],"wp:term":[{"taxonomy":"category","embeddable":true,"href":"https:\/\/www.diarioimagen.net\/index.php?rest_route=%2Fwp%2Fv2%2Fcategories&post=373344"},{"taxonomy":"post_tag","embeddable":true,"href":"https:\/\/www.diarioimagen.net\/index.php?rest_route=%2Fwp%2Fv2%2Ftags&post=373344"}],"curies":[{"name":"wp","href":"https:\/\/api.w.org\/{rel}","templated":true}]}}