{"id":373361,"date":"2018-04-24T00:08:54","date_gmt":"2018-04-24T05:08:54","guid":{"rendered":"http:\/\/www.diarioimagen.net\/?p=373361"},"modified":"2018-04-24T07:20:13","modified_gmt":"2018-04-24T12:20:13","slug":"primer-debate-fue-visto-por-18-millones-afirma-ine","status":"publish","type":"post","link":"https:\/\/www.diarioimagen.net\/?p=373361","title":{"rendered":"Primer debate fue visto por 18 millones, afirma INE"},"content":{"rendered":"<ul>\n<li><strong><em>Cifras de IBOPE<\/em><\/strong><\/li>\n<\/ul>\n<p>&nbsp;<\/p>\n<p><a href=\"http:\/\/www.diarioimagen.net\/?attachment_id=373480\" rel=\"attachment wp-att-373480\"><img loading=\"lazy\" decoding=\"async\" class=\"aligncenter size-large wp-image-373480\" src=\"http:\/\/www.diarioimagen.net\/wp-content\/uploads\/2018\/04\/DEBATE-3353-460x259.jpg\" alt=\"\" width=\"460\" height=\"259\" srcset=\"https:\/\/www.diarioimagen.net\/wp-content\/uploads\/2018\/04\/DEBATE-3353-460x259.jpg 460w, https:\/\/www.diarioimagen.net\/wp-content\/uploads\/2018\/04\/DEBATE-3353-240x135.jpg 240w, https:\/\/www.diarioimagen.net\/wp-content\/uploads\/2018\/04\/DEBATE-3353-235x132.jpg 235w, https:\/\/www.diarioimagen.net\/wp-content\/uploads\/2018\/04\/DEBATE-3353-202x114.jpg 202w, https:\/\/www.diarioimagen.net\/wp-content\/uploads\/2018\/04\/DEBATE-3353-350x196.jpg 350w, https:\/\/www.diarioimagen.net\/wp-content\/uploads\/2018\/04\/DEBATE-3353-220x123.jpg 220w, https:\/\/www.diarioimagen.net\/wp-content\/uploads\/2018\/04\/DEBATE-3353-237x132.jpg 237w, https:\/\/www.diarioimagen.net\/wp-content\/uploads\/2018\/04\/DEBATE-3353.jpg 480w\" sizes=\"auto, (max-width: 460px) 100vw, 460px\" \/><\/a><\/p>\n<p>&nbsp;<\/p>\n<p>El primer debate presidencial result\u00f3 el m\u00e1s visto en la historia de este tipo de ejercicios en M\u00e9xico, de acuerdo con el Instituto Nacional Electoral (INE).<\/p>\n<p>Seg\u00fan cifras del organismo y datos publicados por Nielsen IBOPE, el debate del domingo fue visto por 11.4 millones de personas mayores de 18 a\u00f1os y tuvo m\u00e1s de 6.6 millones de visualizaciones en Facebook, Twitter y YouTube.<\/p>\n<p>\u201cEsto lo convierte en el m\u00e1s visto en la historia de los debates presidenciales\u201d, destac\u00f3 el INE esta noche en un comunicado.<\/p>\n<p>Seg\u00fan datos de Nielsen IBOPE, dos de cada cinco personas con la televisi\u00f3n encendida en ese horario, ya sea en canales p\u00fablicos o privados, sintonizaron el ejercicio entre los candidatos presidenciales.<\/p>\n<p>Mientras que este domingo 11.4 millones de personas siguieron el encuentro entre los candidatos en televisi\u00f3n, en 2012 apenas 1.4 millones le dieron seguimiento.<\/p>\n<p>De acuerdo con las cifras difundidas por el INE, v\u00eda Facebook Live se generaron 4.8 millones de reproducciones y en Twitter se registraron 1.4 millones de menciones con los hashtag #DebateDelDebate y #DebateINE, promovidos por el Instituto.<\/p>\n<p>En YouTube se registraron 885 mil reproducciones y en Periscope 950 mil espectadores.<\/p>\n","protected":false},"excerpt":{"rendered":"<p>El primer debate presidencial result\u00f3 el m\u00e1s visto en la historia de este tipo de ejercicios en M\u00e9xico, de acuerdo con el Instituto Nacional Electoral (INE). Seg\u00fan cifras del organismo y datos publicados por Nielsen IBOPE, el debate del domingo fue visto por 11.4 millones de personas mayores de 18 a\u00f1os y tuvo m\u00e1s de 6.6 millones de visualizaciones en Facebook, Twitter y YouTube.<\/p>\n","protected":false},"author":3,"featured_media":373480,"comment_status":"open","ping_status":"open","sticky":false,"template":"","format":"standard","meta":{"_monsterinsights_skip_tracking":false,"_monsterinsights_sitenote_active":false,"_monsterinsights_sitenote_note":"","_monsterinsights_sitenote_category":0,"footnotes":""},"categories":[3],"tags":[13751,72876,29347,72875],"class_list":["post-373361","post","type-post","status-publish","format-standard","has-post-thumbnail","hentry","category-nacional","tag-debate","tag-ibope","tag-ine","tag-visto"],"_links":{"self":[{"href":"https:\/\/www.diarioimagen.net\/index.php?rest_route=\/wp\/v2\/posts\/373361","targetHints":{"allow":["GET"]}}],"collection":[{"href":"https:\/\/www.diarioimagen.net\/index.php?rest_route=\/wp\/v2\/posts"}],"about":[{"href":"https:\/\/www.diarioimagen.net\/index.php?rest_route=\/wp\/v2\/types\/post"}],"author":[{"embeddable":true,"href":"https:\/\/www.diarioimagen.net\/index.php?rest_route=\/wp\/v2\/users\/3"}],"replies":[{"embeddable":true,"href":"https:\/\/www.diarioimagen.net\/index.php?rest_route=%2Fwp%2Fv2%2Fcomments&post=373361"}],"version-history":[{"count":0,"href":"https:\/\/www.diarioimagen.net\/index.php?rest_route=\/wp\/v2\/posts\/373361\/revisions"}],"wp:featuredmedia":[{"embeddable":true,"href":"https:\/\/www.diarioimagen.net\/index.php?rest_route=\/wp\/v2\/media\/373480"}],"wp:attachment":[{"href":"https:\/\/www.diarioimagen.net\/index.php?rest_route=%2Fwp%2Fv2%2Fmedia&parent=373361"}],"wp:term":[{"taxonomy":"category","embeddable":true,"href":"https:\/\/www.diarioimagen.net\/index.php?rest_route=%2Fwp%2Fv2%2Fcategories&post=373361"},{"taxonomy":"post_tag","embeddable":true,"href":"https:\/\/www.diarioimagen.net\/index.php?rest_route=%2Fwp%2Fv2%2Ftags&post=373361"}],"curies":[{"name":"wp","href":"https:\/\/api.w.org\/{rel}","templated":true}]}}