{"id":373372,"date":"2018-04-24T00:08:09","date_gmt":"2018-04-24T05:08:09","guid":{"rendered":"http:\/\/www.diarioimagen.net\/?p=373372"},"modified":"2018-04-24T05:35:18","modified_gmt":"2018-04-24T10:35:18","slug":"confia-camacho-que-ciudadanos-sabran-elegir-por-el-bien-de-mexico","status":"publish","type":"post","link":"https:\/\/www.diarioimagen.net\/?p=373372","title":{"rendered":"Conf\u00eda Camacho que ciudadanos sabr\u00e1n elegir por el bien de M\u00e9xico"},"content":{"rendered":"<p><a href=\"http:\/\/www.diarioimagen.net\/?attachment_id=373462\" rel=\"attachment wp-att-373462\"><img loading=\"lazy\" decoding=\"async\" class=\"aligncenter size-large wp-image-373462\" src=\"http:\/\/www.diarioimagen.net\/wp-content\/uploads\/2018\/04\/VALLE-3353-460x259.jpg\" alt=\"\" width=\"460\" height=\"259\" srcset=\"https:\/\/www.diarioimagen.net\/wp-content\/uploads\/2018\/04\/VALLE-3353-460x259.jpg 460w, https:\/\/www.diarioimagen.net\/wp-content\/uploads\/2018\/04\/VALLE-3353-240x135.jpg 240w, https:\/\/www.diarioimagen.net\/wp-content\/uploads\/2018\/04\/VALLE-3353-235x132.jpg 235w, https:\/\/www.diarioimagen.net\/wp-content\/uploads\/2018\/04\/VALLE-3353-202x114.jpg 202w, https:\/\/www.diarioimagen.net\/wp-content\/uploads\/2018\/04\/VALLE-3353-350x196.jpg 350w, https:\/\/www.diarioimagen.net\/wp-content\/uploads\/2018\/04\/VALLE-3353-220x123.jpg 220w, https:\/\/www.diarioimagen.net\/wp-content\/uploads\/2018\/04\/VALLE-3353-237x132.jpg 237w, https:\/\/www.diarioimagen.net\/wp-content\/uploads\/2018\/04\/VALLE-3353.jpg 480w\" sizes=\"auto, (max-width: 460px) 100vw, 460px\" \/><\/a><\/p>\n<p>&nbsp;<\/p>\n<p><strong>Valle de M\u00e9xico<\/strong><strong>.-<\/strong> Al asegurar que \u201clos ciudadanos son una fuente real de poder\u201d, C\u00e9sar Camacho, candidato del PRI al Senado de la Rep\u00fablica por el Estado de M\u00e9xico, pidi\u00f3 a los mexicanos \u201ca no ser testigos distantes de lo que pase el uno de julio pr\u00f3ximo\u201d.<\/p>\n<p>En el marco de la conmemoraci\u00f3n del D\u00eda Internacional de la Tierra, durante su recorrido proselitista por el municipio de Malinalco, el abanderado tricolor dijo que en el PRI \u201cestamos decididos y resueltos a estar en movimiento\u201d, por lo que, en caso de ganar esta contienda, desde el Senado, defender\u00e1 \u201cun ejercicio de distribuci\u00f3n justa de los recursos p\u00fablicos en favor de los municipios\u201d.<\/p>\n","protected":false},"excerpt":{"rendered":"<p>Al asegurar que \u201clos ciudadanos son una fuente real de poder\u201d, C\u00e9sar Camacho, candidato del PRI al Senado de la Rep\u00fablica por el Estado de M\u00e9xico, pidi\u00f3 a los mexicanos \u201ca no ser testigos distantes de lo que pase el uno de julio pr\u00f3ximo\u201d.<\/p>\n","protected":false},"author":3,"featured_media":373462,"comment_status":"open","ping_status":"open","sticky":false,"template":"","format":"standard","meta":{"_monsterinsights_skip_tracking":false,"_monsterinsights_sitenote_active":false,"_monsterinsights_sitenote_note":"","_monsterinsights_sitenote_category":0,"footnotes":""},"categories":[35155],"tags":[3184,72881,34],"class_list":["post-373372","post","type-post","status-publish","format-standard","has-post-thumbnail","hentry","category-estado-de-mexico-estado-de-mexico","tag-cesar-camacho-quiroz","tag-elegir","tag-valle-de-mexico"],"_links":{"self":[{"href":"https:\/\/www.diarioimagen.net\/index.php?rest_route=\/wp\/v2\/posts\/373372","targetHints":{"allow":["GET"]}}],"collection":[{"href":"https:\/\/www.diarioimagen.net\/index.php?rest_route=\/wp\/v2\/posts"}],"about":[{"href":"https:\/\/www.diarioimagen.net\/index.php?rest_route=\/wp\/v2\/types\/post"}],"author":[{"embeddable":true,"href":"https:\/\/www.diarioimagen.net\/index.php?rest_route=\/wp\/v2\/users\/3"}],"replies":[{"embeddable":true,"href":"https:\/\/www.diarioimagen.net\/index.php?rest_route=%2Fwp%2Fv2%2Fcomments&post=373372"}],"version-history":[{"count":0,"href":"https:\/\/www.diarioimagen.net\/index.php?rest_route=\/wp\/v2\/posts\/373372\/revisions"}],"wp:featuredmedia":[{"embeddable":true,"href":"https:\/\/www.diarioimagen.net\/index.php?rest_route=\/wp\/v2\/media\/373462"}],"wp:attachment":[{"href":"https:\/\/www.diarioimagen.net\/index.php?rest_route=%2Fwp%2Fv2%2Fmedia&parent=373372"}],"wp:term":[{"taxonomy":"category","embeddable":true,"href":"https:\/\/www.diarioimagen.net\/index.php?rest_route=%2Fwp%2Fv2%2Fcategories&post=373372"},{"taxonomy":"post_tag","embeddable":true,"href":"https:\/\/www.diarioimagen.net\/index.php?rest_route=%2Fwp%2Fv2%2Ftags&post=373372"}],"curies":[{"name":"wp","href":"https:\/\/api.w.org\/{rel}","templated":true}]}}