{"id":373374,"date":"2018-04-24T00:07:25","date_gmt":"2018-04-24T05:07:25","guid":{"rendered":"http:\/\/www.diarioimagen.net\/?p=373374"},"modified":"2018-04-24T06:32:17","modified_gmt":"2018-04-24T11:32:17","slug":"proteccion-civil-convoca-a-sus-talleres-de-primeros-auxilios","status":"publish","type":"post","link":"https:\/\/www.diarioimagen.net\/?p=373374","title":{"rendered":"Protecci\u00f3n Civil convoca a sus talleres de primeros auxilios"},"content":{"rendered":"<ul>\n<li><strong><em>Asistir\u00e1n alumnos de las primarias<\/em><\/strong><\/li>\n<\/ul>\n<p>&nbsp;<\/p>\n<div id=\"attachment_373465\" style=\"width: 470px\" class=\"wp-caption aligncenter\"><a href=\"http:\/\/www.diarioimagen.net\/?attachment_id=373465\" rel=\"attachment wp-att-373465\"><img loading=\"lazy\" decoding=\"async\" aria-describedby=\"caption-attachment-373465\" class=\"size-large wp-image-373465\" src=\"http:\/\/www.diarioimagen.net\/wp-content\/uploads\/2018\/04\/TULTITLAN-3353-460x259.jpg\" alt=\"\" width=\"460\" height=\"259\" srcset=\"https:\/\/www.diarioimagen.net\/wp-content\/uploads\/2018\/04\/TULTITLAN-3353-460x259.jpg 460w, https:\/\/www.diarioimagen.net\/wp-content\/uploads\/2018\/04\/TULTITLAN-3353-240x135.jpg 240w, https:\/\/www.diarioimagen.net\/wp-content\/uploads\/2018\/04\/TULTITLAN-3353-235x132.jpg 235w, https:\/\/www.diarioimagen.net\/wp-content\/uploads\/2018\/04\/TULTITLAN-3353-202x114.jpg 202w, https:\/\/www.diarioimagen.net\/wp-content\/uploads\/2018\/04\/TULTITLAN-3353-350x196.jpg 350w, https:\/\/www.diarioimagen.net\/wp-content\/uploads\/2018\/04\/TULTITLAN-3353-220x123.jpg 220w, https:\/\/www.diarioimagen.net\/wp-content\/uploads\/2018\/04\/TULTITLAN-3353-237x132.jpg 237w, https:\/\/www.diarioimagen.net\/wp-content\/uploads\/2018\/04\/TULTITLAN-3353.jpg 480w\" sizes=\"auto, (max-width: 460px) 100vw, 460px\" \/><\/a><p id=\"caption-attachment-373465\" class=\"wp-caption-text\">El Cuerpo de Bomberos ha programado talleres de primeros auxilios en las escuelas de la demarcaci\u00f3n, para que los alumnos aprendan.<\/p><\/div>\n<p>&nbsp;<\/p>\n<p><strong>Tultitl\u00e1n, Estado de M\u00e9xico<\/strong>.- Procurando el bienestar de la comunidad, a trav\u00e9s de la Direcci\u00f3n de Protecci\u00f3n Civil y Bomberos, imparti\u00f3 un curso de primero auxilios\u00a0 a los alumnos del Colegio Marianne Frostig y padres de familia que se dieron cita, con el objetivo de concientizar e indicar las acciones que se deben emprender ante alguna emergencia.<\/p>\n<p>Dicho curso consiste en tres m\u00f3dulos. El primero de ellos, aborda el tema \u201cPrimeros Auxilios\u201d. El segundo se denomina \u201cBrigada de Evacuaci\u00f3n, B\u00fasqueda y Rescate\u201d.<\/p>\n<p>Y el tercero se refiere a \u201cPrevenci\u00f3n y Combate de Incendios\u201d, donde los alumnos de preescolar, primer y segundo grado de primaria, realizaron las\u00a0 actividades destinadas a la cultura de la prevenci\u00f3n y el auxilio en caso de presentarse alguna emergencia que afecte la integridad f\u00edsica y psicol\u00f3gica de la comunidad escolar, fortaleciendo con ello las acciones impulsadas por la Direcci\u00f3n de Protecci\u00f3n Civil y Bomberos,<\/p>\n<p>Gracias a estos cursos se preparan a los alumnos\u00a0 y padres de familia para saber c\u00f3mo actuar en caso de derrumbes, incendios, sismos, fugas en tanques de gas y ahogamientos.<\/p>\n","protected":false},"excerpt":{"rendered":"<p>Procurando el bienestar de la comunidad, a trav\u00e9s de la Direcci\u00f3n de Protecci\u00f3n Civil y Bomberos, imparti\u00f3 un curso de primero auxilios  a los alumnos del Colegio Marianne Frostig y padres de familia que se dieron cita, con el objetivo de concientizar e indicar las acciones que se deben emprender ante alguna emergencia.<\/p>\n","protected":false},"author":3,"featured_media":373465,"comment_status":"open","ping_status":"open","sticky":false,"template":"","format":"standard","meta":{"_monsterinsights_skip_tracking":false,"_monsterinsights_sitenote_active":false,"_monsterinsights_sitenote_note":"","_monsterinsights_sitenote_category":0,"footnotes":""},"categories":[35155],"tags":[70445,43675,47121,578],"class_list":["post-373374","post","type-post","status-publish","format-standard","has-post-thumbnail","hentry","category-estado-de-mexico-estado-de-mexico","tag-convoca","tag-estado-de-mexico","tag-talleres","tag-tultitlan"],"_links":{"self":[{"href":"https:\/\/www.diarioimagen.net\/index.php?rest_route=\/wp\/v2\/posts\/373374","targetHints":{"allow":["GET"]}}],"collection":[{"href":"https:\/\/www.diarioimagen.net\/index.php?rest_route=\/wp\/v2\/posts"}],"about":[{"href":"https:\/\/www.diarioimagen.net\/index.php?rest_route=\/wp\/v2\/types\/post"}],"author":[{"embeddable":true,"href":"https:\/\/www.diarioimagen.net\/index.php?rest_route=\/wp\/v2\/users\/3"}],"replies":[{"embeddable":true,"href":"https:\/\/www.diarioimagen.net\/index.php?rest_route=%2Fwp%2Fv2%2Fcomments&post=373374"}],"version-history":[{"count":0,"href":"https:\/\/www.diarioimagen.net\/index.php?rest_route=\/wp\/v2\/posts\/373374\/revisions"}],"wp:featuredmedia":[{"embeddable":true,"href":"https:\/\/www.diarioimagen.net\/index.php?rest_route=\/wp\/v2\/media\/373465"}],"wp:attachment":[{"href":"https:\/\/www.diarioimagen.net\/index.php?rest_route=%2Fwp%2Fv2%2Fmedia&parent=373374"}],"wp:term":[{"taxonomy":"category","embeddable":true,"href":"https:\/\/www.diarioimagen.net\/index.php?rest_route=%2Fwp%2Fv2%2Fcategories&post=373374"},{"taxonomy":"post_tag","embeddable":true,"href":"https:\/\/www.diarioimagen.net\/index.php?rest_route=%2Fwp%2Fv2%2Ftags&post=373374"}],"curies":[{"name":"wp","href":"https:\/\/api.w.org\/{rel}","templated":true}]}}