{"id":373376,"date":"2018-04-24T00:06:25","date_gmt":"2018-04-24T05:06:25","guid":{"rendered":"http:\/\/www.diarioimagen.net\/?p=373376"},"modified":"2018-04-24T06:49:31","modified_gmt":"2018-04-24T11:49:31","slug":"cabildo-de-cuautitlan-instala-consejo-para-el-cumplimiento-de-la-agenda-2030","status":"publish","type":"post","link":"https:\/\/www.diarioimagen.net\/?p=373376","title":{"rendered":"Cabildo de Cuautitl\u00e1n instala consejo para el cumplimiento de la agenda 2030"},"content":{"rendered":"<ul>\n<li><strong><em>Proyecto que consta de 17 objetivos<\/em><\/strong><\/li>\n<\/ul>\n<p>&nbsp;<\/p>\n<div id=\"attachment_373468\" style=\"width: 470px\" class=\"wp-caption aligncenter\"><a href=\"http:\/\/www.diarioimagen.net\/?attachment_id=373468\" rel=\"attachment wp-att-373468\"><img loading=\"lazy\" decoding=\"async\" aria-describedby=\"caption-attachment-373468\" class=\"size-large wp-image-373468\" src=\"http:\/\/www.diarioimagen.net\/wp-content\/uploads\/2018\/04\/CUAUTITLAN-3353-460x158.jpg\" alt=\"\" width=\"460\" height=\"158\" srcset=\"https:\/\/www.diarioimagen.net\/wp-content\/uploads\/2018\/04\/CUAUTITLAN-3353-460x158.jpg 460w, https:\/\/www.diarioimagen.net\/wp-content\/uploads\/2018\/04\/CUAUTITLAN-3353-240x82.jpg 240w, https:\/\/www.diarioimagen.net\/wp-content\/uploads\/2018\/04\/CUAUTITLAN-3353.jpg 700w\" sizes=\"auto, (max-width: 460px) 100vw, 460px\" \/><\/a><p id=\"caption-attachment-373468\" class=\"wp-caption-text\">La toma de protesta la llev\u00f3 a cabo Mois\u00e9s V\u00e1zquez Castillo, representante municipal del gobierno del Estado de M\u00e9xico en Cuautitl\u00e1n.<\/p><\/div>\n<p>&nbsp;<\/p>\n<p><strong>Cuautitl\u00e1n, Estado de M\u00e9xico<\/strong>.- En la Vig\u00e9sima Tercera Sesi\u00f3n Extraordinaria de cabildo, se tom\u00f3 protesta a al Consejo y la Comisi\u00f3n para el cumplimiento de la agenda 2030 y se aprob\u00f3 la designaci\u00f3n para el enlace municipal de este proyecto que consta de 17 objetivos para transformar nuestro mundo y que son aplicables al municipio, agrupados en tres ejes rectores: poner fin a la pobreza, luchar contra la desigualdad y hacer frente al cambio clim\u00e1tico, todo esto para antes del a\u00f1o 2030.<\/p>\n<p>Cuautitl\u00e1n est\u00e1 dentro de los primeros municipios que aprueban este consejo y comisi\u00f3n, lo que permitir\u00e1 generar las acciones coordinadas con organismos descentralizados y las direcciones de la administraci\u00f3n.<\/p>\n<p>La toma de protesta la llev\u00f3 a cabo Mois\u00e9s V\u00e1zquez Castillo, representante municipal del gobierno del Estado de M\u00e9xico en Cuautitl\u00e1n y la comisi\u00f3n para el cumplimiento de la agenda, qued\u00f3 integrada por los miembros del cabildo y en la presidencia honor\u00edfica de la misma, la presidenta municipal; para el caso del consejo se integr\u00f3 de los diferentes directores de las \u00e1reas que contemplan el trabajo de la agenda, as\u00ed como miembros de la sociedad civil y la iniciativa privada.<\/p>\n","protected":false},"excerpt":{"rendered":"<p>En la Vig\u00e9sima Tercera Sesi\u00f3n Extraordinaria de cabildo, se tom\u00f3 protesta a al Consejo y la Comisi\u00f3n para el cumplimiento de la agenda 2030 y se aprob\u00f3 la designaci\u00f3n para el enlace municipal de este proyecto que consta de 17 objetivos para transformar nuestro mundo y que son aplicables al municipio, agrupados en tres ejes rectores: poner fin a la pobreza, luchar contra la desigualdad y hacer frente al cambio clim\u00e1tico, todo esto para antes del a\u00f1o 2030.<\/p>\n","protected":false},"author":3,"featured_media":373468,"comment_status":"open","ping_status":"open","sticky":false,"template":"","format":"standard","meta":{"_monsterinsights_skip_tracking":false,"_monsterinsights_sitenote_active":false,"_monsterinsights_sitenote_note":"","_monsterinsights_sitenote_category":0,"footnotes":""},"categories":[35155],"tags":[72883,681,72882,43675],"class_list":["post-373376","post","type-post","status-publish","format-standard","has-post-thumbnail","hentry","category-estado-de-mexico-estado-de-mexico","tag-agenda","tag-cuautitlan","tag-cumplimiento","tag-estado-de-mexico"],"_links":{"self":[{"href":"https:\/\/www.diarioimagen.net\/index.php?rest_route=\/wp\/v2\/posts\/373376","targetHints":{"allow":["GET"]}}],"collection":[{"href":"https:\/\/www.diarioimagen.net\/index.php?rest_route=\/wp\/v2\/posts"}],"about":[{"href":"https:\/\/www.diarioimagen.net\/index.php?rest_route=\/wp\/v2\/types\/post"}],"author":[{"embeddable":true,"href":"https:\/\/www.diarioimagen.net\/index.php?rest_route=\/wp\/v2\/users\/3"}],"replies":[{"embeddable":true,"href":"https:\/\/www.diarioimagen.net\/index.php?rest_route=%2Fwp%2Fv2%2Fcomments&post=373376"}],"version-history":[{"count":0,"href":"https:\/\/www.diarioimagen.net\/index.php?rest_route=\/wp\/v2\/posts\/373376\/revisions"}],"wp:featuredmedia":[{"embeddable":true,"href":"https:\/\/www.diarioimagen.net\/index.php?rest_route=\/wp\/v2\/media\/373468"}],"wp:attachment":[{"href":"https:\/\/www.diarioimagen.net\/index.php?rest_route=%2Fwp%2Fv2%2Fmedia&parent=373376"}],"wp:term":[{"taxonomy":"category","embeddable":true,"href":"https:\/\/www.diarioimagen.net\/index.php?rest_route=%2Fwp%2Fv2%2Fcategories&post=373376"},{"taxonomy":"post_tag","embeddable":true,"href":"https:\/\/www.diarioimagen.net\/index.php?rest_route=%2Fwp%2Fv2%2Ftags&post=373376"}],"curies":[{"name":"wp","href":"https:\/\/api.w.org\/{rel}","templated":true}]}}