{"id":373419,"date":"2018-04-24T00:09:38","date_gmt":"2018-04-24T05:09:38","guid":{"rendered":"http:\/\/www.diarioimagen.net\/?p=373419"},"modified":"2018-04-25T01:43:14","modified_gmt":"2018-04-25T06:43:14","slug":"debate-electoral-ocurrio-lo-anunciado","status":"publish","type":"post","link":"https:\/\/www.diarioimagen.net\/?p=373419","title":{"rendered":"Debate electoral: ocurri\u00f3 lo anunciado"},"content":{"rendered":"<h2>Punto por punto<\/h2>\n<h5>Augusto Corro<\/h5>\n<p>Ecos del debate&#8230; | Jos\u00e9 Luis&nbsp;<\/p>\n<p>Se efectu\u00f3 el primer debate de aspirantes presidenciales y poco o nada cambi\u00f3 en la tabla de posiciones de la competencia electoral. Andr\u00e9s Manuel L\u00f3pez Obrador encabeza la lista; le sigue Ricardo Anaya, quien mejor aprovech\u00f3 el enfrentamiento entre los candidatos del domingo en la noche.<\/p>\n<p>El abanderado priista, Jos\u00e9 Antonio Meade Kuribre\u00f1a, sigue estancado, en la tercera posici\u00f3n. El \u201cpayaso\u201d Jaime Rodr\u00edguez (a) \u201cEl Mochamanos\u201d\u00a0 y Margarita Zavala de Calder\u00f3n contin\u00faan en los \u00faltimos lugares.<\/p>\n<p>El primer debate no caus\u00f3 grandes expectativas entre el p\u00fablico que lo vio o escuch\u00f3, pues solo confirm\u00f3 lo que se pensaba que iba a ocurrir, por ejemplo, que todos iban a concentrar sus ataques contra L\u00f3pez Obrador.<\/p>\n<p>Adem\u00e1s de que el frentista Ricardo Anaya aprovechar\u00eda sus cualidades de orador para ganar puntos, como sucedi\u00f3. Qu\u00e9 gan\u00f3 el primer debate, es posible.\u00a0 Por lo menos fue el quien proyect\u00f3 una mejor preparaci\u00f3n. Tiene posibilidades de mantenerse en el segundo lugar y crecer.<\/p>\n<p>Meade Kuribre\u00f1a es el verdadero problema para el Partido Revolucionario Institucional (PRI), pues no levanta. Un c\u00famulo de errores lo mantienen inmovilizado. \u00bfY el cuarto de guerra? Ni idea. \u00bfFueron los ingeniosos que ordenaron invadir algunas calles con pancartas y consignas contra L\u00f3pez Obrador antes del debate? Mal, muy mal. Violentar el proceso electoral no conducir\u00e1 a nada bueno.<\/p>\n<p>Los asesores de Meade Kuribre\u00f1a se encuentran afectados por la impotencia y su cerebro no les da para una estrategia productiva que ayude a su candidato. Claro, no es f\u00e1cil tratar de lavar la imagen del PRI, ejemplo de corrupci\u00f3n por a\u00f1os.<\/p>\n<p>Sin duda, se diluy\u00f3 la oportunidad del priista de ganar puntos en la confrontaci\u00f3n con sus adversarios pol\u00edticos la noche del domingo. Se vieron mejor las otras dos comparsas \u201cindependientes\u201d: el gobernador de Nuevo Le\u00f3n, con licencia, Jaime Rodr\u00edguez (a) \u201cEl Mochamanos\u201d y la exprimera dama Margarita Zavala de Calder\u00f3n.<\/p>\n<p>\u201cEl Mochamanos\u201d estrena el nuevo sobrenombre gracias a su propuesta de amputar las manos a los ladrones, en caso de obtener el cargo de presidente de la Rep\u00fablica. Su participaci\u00f3n en el debate fue de payaso. Cumpli\u00f3 con excelencia las \u00f3rdenes de sus patrones: atacar a L\u00f3pez Obrador.<\/p>\n<p>La se\u00f1ora de Calder\u00f3n os\u00f3 defender la fallida estrategia de seguridad de su marido Felipe\u00a0 Calder\u00f3n. Desperdici\u00f3 una gran oportunidad de subir en la tabla de posiciones. La carga negativa que representa el esposo no le permitir\u00e1 avanzar en sus aspiraciones presidenciales.<\/p>\n<p>Repito, el debate del domingo fue el primero de tres. En lo personal, pienso que le falt\u00f3 profundidad en la manera de tratar los temas. Lo que me interesa es que la problem\u00e1tica social se aborde con verdadero inter\u00e9s de solucionar la pobreza, corrupci\u00f3n, impunidad y violencia.<\/p>\n<p>Los gobiernos pri\u00edstas y panistas ya tuvieron la oportunidad de combatir los males que da\u00f1an a nuestra sociedad, pero no lo hicieron. Cada d\u00eda hay m\u00e1s pobres, la corrupci\u00f3n es un \u201cdeporte\u201d que se pr\u00e1ctica en todos los niveles de la administraci\u00f3n p\u00fablica; los delincuentes andan libres y la violencia es incontenible.<\/p>\n<p>Las autoridades est\u00e1n obligadas brindarnos seguridad. No lo hacen. El \u00edndice de criminalidad es alto y la impunidad es galopante. En m\u00e1s del 90 por ciento de cr\u00edmenes, los responsables se encuentran en libertad.<\/p>\n<p>En fin, faltan dos debates presidenciales, en los que, espero, se hable con mayor inter\u00e9s de los problemas que nos aquejan. Que el tiempo que disponen en su participaci\u00f3n sea dirigido a las soluciones anheladas por la sociedad mexicana en materia de pobreza, corrupci\u00f3n, impunidad y violencia.<\/p>\n<p style=\"text-align: center;\"><strong>PUNTOS SUSPENSIVOS\u2026 <\/strong><\/p>\n<p>\u00bfQu\u00e9 har\u00e1n los asesores de Meade Kuribre\u00f1a ante la impotencia de su candidato de levantar? Nada de lo que han hecho les favoreci\u00f3. Al contrario, \u00bfque ganaron con sumar a su campa\u00f1a al gobernador de Michoac\u00e1n Silvano Aureoles Conejo?<\/p>\n<p>Este funcionario lleg\u00f3 al poder en aquella entidad y se recrudeci\u00f3 la violencia. Tambi\u00e9n el experredista, Armando R\u00edos Piter, aspirante presidencial independiente, decidi\u00f3 apoyar a Meade Kuribre\u00f1a. \u00bfC\u00f3mo puede ayudar a la causa un cartucho quemado? Sin duda, las luces rojas de alerta se prendieron en el PRI, ante la impotencia de mejorar la posici\u00f3n de su candidato\u2026 \u00bfQu\u00e9 Ricardo Anaya gan\u00f3 el debate? Es posible, aunque no pudo sacudirse la acusaci\u00f3n del delito de lavado de dinero, por la compraventa de una nave industrial\u2026 La democracia a la mexicana sigue en pa\u00f1ales. \u00bfC\u00f3mo es posible que entre los candidatos presidenciales independientes se encuentren dos personas como Jaime Rodr\u00edguez Calder\u00f3n (a) \u201cEl Mochamanos\u201d y la se\u00f1ora Margarita Zavala de Calder\u00f3n, que cometieron miles de irregularidades graves para conseguir su registro en la boleta electoral?&#8230; A dos meses y d\u00edas de las elecciones presidenciales continuar\u00e1 la lucha y habr\u00e1 que esperar sorpresas, porque el ventilador para distribuir el lodo funciona a todo lo que da\u2026<\/p>\n<p><em><a href=\"mailto:aco2742@hotmail.com\" target=\"_blank\" rel=\"noopener\">aco2742@hotmail.com<\/a><\/em><\/p>\n","protected":false},"excerpt":{"rendered":"<p><span style=\"color: #005497;\"><strong>Augusto Corro<\/strong><\/span><br \/>\n<br \/>\nSe efectu\u00f3 el primer debate de aspirantes presidenciales y poco o nada cambi\u00f3 en la tabla de posiciones de la competencia electoral. Andr\u00e9s Manuel L\u00f3pez Obrador encabeza la lista; le sigue Ricardo Anaya, quien mejor aprovech\u00f3 el enfrentamiento entre los candidatos del domingo en la noche.<\/p>\n","protected":false},"author":3,"featured_media":373493,"comment_status":"open","ping_status":"open","sticky":false,"template":"","format":"standard","meta":{"_monsterinsights_skip_tracking":false,"_monsterinsights_sitenote_active":false,"_monsterinsights_sitenote_note":"","_monsterinsights_sitenote_category":0,"footnotes":""},"categories":[157],"tags":[43686,43674,11515],"class_list":["post-373419","post","type-post","status-publish","format-standard","has-post-thumbnail","hentry","category-augusto-corro","tag-augusto-corro","tag-opinion","tag-punto-por-punto"],"_links":{"self":[{"href":"https:\/\/www.diarioimagen.net\/index.php?rest_route=\/wp\/v2\/posts\/373419","targetHints":{"allow":["GET"]}}],"collection":[{"href":"https:\/\/www.diarioimagen.net\/index.php?rest_route=\/wp\/v2\/posts"}],"about":[{"href":"https:\/\/www.diarioimagen.net\/index.php?rest_route=\/wp\/v2\/types\/post"}],"author":[{"embeddable":true,"href":"https:\/\/www.diarioimagen.net\/index.php?rest_route=\/wp\/v2\/users\/3"}],"replies":[{"embeddable":true,"href":"https:\/\/www.diarioimagen.net\/index.php?rest_route=%2Fwp%2Fv2%2Fcomments&post=373419"}],"version-history":[{"count":0,"href":"https:\/\/www.diarioimagen.net\/index.php?rest_route=\/wp\/v2\/posts\/373419\/revisions"}],"wp:featuredmedia":[{"embeddable":true,"href":"https:\/\/www.diarioimagen.net\/index.php?rest_route=\/wp\/v2\/media\/373493"}],"wp:attachment":[{"href":"https:\/\/www.diarioimagen.net\/index.php?rest_route=%2Fwp%2Fv2%2Fmedia&parent=373419"}],"wp:term":[{"taxonomy":"category","embeddable":true,"href":"https:\/\/www.diarioimagen.net\/index.php?rest_route=%2Fwp%2Fv2%2Fcategories&post=373419"},{"taxonomy":"post_tag","embeddable":true,"href":"https:\/\/www.diarioimagen.net\/index.php?rest_route=%2Fwp%2Fv2%2Ftags&post=373419"}],"curies":[{"name":"wp","href":"https:\/\/api.w.org\/{rel}","templated":true}]}}