{"id":373509,"date":"2018-04-25T00:11:35","date_gmt":"2018-04-25T05:11:35","guid":{"rendered":"http:\/\/www.diarioimagen.net\/?p=373509"},"modified":"2018-04-25T00:07:18","modified_gmt":"2018-04-25T05:07:18","slug":"meade-promete-mejores-condiciones-laborales-a-mujeres","status":"publish","type":"post","link":"https:\/\/www.diarioimagen.net\/?p=373509","title":{"rendered":"Meade: mejor condici\u00f3n laboral para las mujeres"},"content":{"rendered":"<ul>\n<li><em><strong>Garantiza cero tolerancia a la violencia de g\u00e9nero<\/strong><\/em><\/li>\n<li><em><strong>Exige a AMLO donar dos departamentos a damnificados<\/strong><\/em><\/li>\n<\/ul>\n<p>&nbsp;<\/p>\n<p>&nbsp;<\/p>\n<div id=\"attachment_373510\" style=\"width: 470px\" class=\"wp-caption aligncenter\"><img loading=\"lazy\" decoding=\"async\" aria-describedby=\"caption-attachment-373510\" class=\"wp-image-373510 size-large\" src=\"http:\/\/www.diarioimagen.net\/wp-content\/uploads\/2018\/04\/MEADE25-PORTAL-460x268.jpg\" alt=\"\" width=\"460\" height=\"268\" srcset=\"https:\/\/www.diarioimagen.net\/wp-content\/uploads\/2018\/04\/MEADE25-PORTAL-460x268.jpg 460w, https:\/\/www.diarioimagen.net\/wp-content\/uploads\/2018\/04\/MEADE25-PORTAL-240x140.jpg 240w, https:\/\/www.diarioimagen.net\/wp-content\/uploads\/2018\/04\/MEADE25-PORTAL.jpg 480w\" sizes=\"auto, (max-width: 460px) 100vw, 460px\" \/><p id=\"caption-attachment-373510\" class=\"wp-caption-text\">Jos\u00e9 Antonio Meade Kuribre\u00f1a acus\u00f3 a Andr\u00e9s Manuel L\u00f3pez Obrador de no cumplir con lo que dice.<\/p><\/div>\n<p>&nbsp;<\/p>\n<p>Jos\u00e9 Antonio Meade Kuribre\u00f1a, abanderado de la coalici\u00f3n Todos por M\u00e9xico, refrend\u00f3 que el eje de su gobierno ser\u00e1n las mujeres en un encuentro con mujeres trabajadoras de Coahuila.<\/p>\n<p>Plante\u00f3 cinco temas en su agenda en favor de las mujeres: mayor ingreso y seguridad social para ellas, aumentar el bienestar de su familia; trabajo igual, salario igual, emparejar las prestaciones para tres millones de mujeres con IMSS para el trabajo dom\u00e9stico.<\/p>\n<p>Adem\u00e1s de programas de apoyo: guarder\u00edas, escuelas y estancias de tiempo completo, con alimentaci\u00f3n y jornadas vespertinas, y establecer casas para atender al adulto mayor y aligerar la carga de la mujer que los tiene a su cargo.<\/p>\n<p>En Saltillo, donde continu\u00f3 su gira proselitista, Meade Kuribre\u00f1a ofreci\u00f3 como un eje m\u00e1s trabajar para dar acceso emprendedor a las mujeres, lo que quiere decir cr\u00e9dito a la palabra y triplicar el presupuesto para apoyar a emprendedoras con procesos y reglas sencillas y transparentes.<\/p>\n<p>Vamos a trabajar para que la educaci\u00f3n est\u00e9 presente permanentemente. Escuelas de tiempo completo, con becas de capacitaci\u00f3n continua para que las personas que rebasen la edad de la preparatoria y quieran regresar, cuenten con apoyo y desarrollen el conocimiento para ser exitosos en el medio laboral\u201d.<\/p>\n<p>El abanderado del PRI, PVEM y Panal se\u00f1al\u00f3 como otro eje el otorgar seguridad personal y familiar ante todo, para poder vivir con tranquilidad: \u201cFormaci\u00f3n para la igualdad y para evitar la discriminaci\u00f3n\u201d.<\/p>\n<p>Reiter\u00f3 que en Coahuila y en todo M\u00e9xico, no vamos a tolerar al que le falte el respeto a una mujer: \u201cVan a poder caminar seguras y usar el transporte p\u00fablico. Vamos juntos a ganar esta elecci\u00f3n\u201d.<\/p>\n<p>Llam\u00f3 a tener \u00e1nimo porque se va a ganar la elecci\u00f3n, luego de que las mujeres ah\u00ed reunidas ofrecieron respaldar su proyecto para llevarlo a la Presidencia de la Rep\u00fablica.<\/p>\n<p>Finalmente, resalt\u00f3 que no tiene duda que repetir\u00e1 el fen\u00f3meno del presidente Enrique Pe\u00f1a Nieto en la elecci\u00f3n de 2012, donde result\u00f3 triunfador con el 38 por ciento de los votos.<\/p>\n<p style=\"text-align: center;\"><strong>Pide a AMLO donar departamentos a damnificados<\/strong><\/p>\n<p>En conferencia de prensa en Saltillo, Meade Kuribre\u00f1a exigi\u00f3 a L\u00f3pez Obrador la entrega de sus dos departamentos en Copilco a las familias de damnificados del sismo del 19 de septiembre.<\/p>\n<p>Luego de el tabasque\u00f1o dijo que los departamentos que aparecen a su nombre fueron cedidos a sus hijos en herencia, Meade dijo que \u201cda igual qu\u00e9 explicaci\u00f3n haya de fondo, si hizo o dej\u00f3 de hacer con los departamentos lo que quisiera; el dato p\u00fablico, contundente, claro, factual, oficial, es que los departamentos en el Registro P\u00fablico de la Propiedad de la Ciudad de M\u00e9xico est\u00e1n a su nombre\u201d.<\/p>\n<p>Acus\u00f3 al abanderado de Morena-PT-PES de no cumplir con lo que dice. \u201cNo s\u00f3lo miente, no honra su palabra y eso no da ternura, da preocupaci\u00f3n\u201d, asegur\u00f3 tras recordar que L\u00f3pez Obrador le regal\u00f3 los departamentos durante el debate.<\/p>\n<p>Por ello, dijo que \u201cconforme a la palabra empe\u00f1ada frente a la naci\u00f3n, pues hay dos familias de damnificados que est\u00e1n esperando que Andr\u00e9s Manuel cumpla su palabra\u201d para tener un hogar.<\/p>\n","protected":false},"excerpt":{"rendered":"<p>Jos\u00e9 Antonio Meade Kuribre\u00f1a, abanderado de la coalici\u00f3n Todos por M\u00e9xico, refrend\u00f3 que el eje de su gobierno ser\u00e1n las mujeres en un encuentro con mujeres trabajadoras de Coahuila.<\/p>\n","protected":false},"author":5,"featured_media":373510,"comment_status":"open","ping_status":"open","sticky":false,"template":"","format":"standard","meta":{"_monsterinsights_skip_tracking":false,"_monsterinsights_sitenote_active":false,"_monsterinsights_sitenote_note":"","_monsterinsights_sitenote_category":0,"footnotes":""},"categories":[3],"tags":[72941,257,26429,72895,43673,362,1416,69783],"class_list":["post-373509","post","type-post","status-publish","format-standard","has-post-thumbnail","hentry","category-nacional","tag-departamentos","tag-imss","tag-jose-antonio-meade-kuribrena","tag-laborales-a-mujeres","tag-nacional","tag-pri","tag-pvem","tag-todos-por-mexico"],"_links":{"self":[{"href":"https:\/\/www.diarioimagen.net\/index.php?rest_route=\/wp\/v2\/posts\/373509","targetHints":{"allow":["GET"]}}],"collection":[{"href":"https:\/\/www.diarioimagen.net\/index.php?rest_route=\/wp\/v2\/posts"}],"about":[{"href":"https:\/\/www.diarioimagen.net\/index.php?rest_route=\/wp\/v2\/types\/post"}],"author":[{"embeddable":true,"href":"https:\/\/www.diarioimagen.net\/index.php?rest_route=\/wp\/v2\/users\/5"}],"replies":[{"embeddable":true,"href":"https:\/\/www.diarioimagen.net\/index.php?rest_route=%2Fwp%2Fv2%2Fcomments&post=373509"}],"version-history":[{"count":0,"href":"https:\/\/www.diarioimagen.net\/index.php?rest_route=\/wp\/v2\/posts\/373509\/revisions"}],"wp:featuredmedia":[{"embeddable":true,"href":"https:\/\/www.diarioimagen.net\/index.php?rest_route=\/wp\/v2\/media\/373510"}],"wp:attachment":[{"href":"https:\/\/www.diarioimagen.net\/index.php?rest_route=%2Fwp%2Fv2%2Fmedia&parent=373509"}],"wp:term":[{"taxonomy":"category","embeddable":true,"href":"https:\/\/www.diarioimagen.net\/index.php?rest_route=%2Fwp%2Fv2%2Fcategories&post=373509"},{"taxonomy":"post_tag","embeddable":true,"href":"https:\/\/www.diarioimagen.net\/index.php?rest_route=%2Fwp%2Fv2%2Ftags&post=373509"}],"curies":[{"name":"wp","href":"https:\/\/api.w.org\/{rel}","templated":true}]}}