{"id":373553,"date":"2018-04-25T00:10:35","date_gmt":"2018-04-25T05:10:35","guid":{"rendered":"http:\/\/www.diarioimagen.net\/?p=373553"},"modified":"2018-04-25T07:58:12","modified_gmt":"2018-04-25T12:58:12","slug":"mantiene-registro-civil-todos-sus-servicios","status":"publish","type":"post","link":"https:\/\/www.diarioimagen.net\/?p=373553","title":{"rendered":"Mantiene Registro Civil todos sus servicios"},"content":{"rendered":"<h2>Arco Norte<\/h2>\n<h5>Jos\u00e9 Luis Monta\u00f1ez Aguilar<\/h5>\n<p>&nbsp;<\/p>\n<p><a href=\"http:\/\/www.diarioimagen.net\/?attachment_id=373658\" rel=\"attachment wp-att-373658\"><img loading=\"lazy\" decoding=\"async\" class=\"aligncenter size-large wp-image-373658\" src=\"http:\/\/www.diarioimagen.net\/wp-content\/uploads\/2018\/04\/arco-3354-460x259.jpg\" alt=\"\" width=\"460\" height=\"259\" srcset=\"https:\/\/www.diarioimagen.net\/wp-content\/uploads\/2018\/04\/arco-3354-460x259.jpg 460w, https:\/\/www.diarioimagen.net\/wp-content\/uploads\/2018\/04\/arco-3354-240x135.jpg 240w, https:\/\/www.diarioimagen.net\/wp-content\/uploads\/2018\/04\/arco-3354-235x132.jpg 235w, https:\/\/www.diarioimagen.net\/wp-content\/uploads\/2018\/04\/arco-3354-202x114.jpg 202w, https:\/\/www.diarioimagen.net\/wp-content\/uploads\/2018\/04\/arco-3354-350x196.jpg 350w, https:\/\/www.diarioimagen.net\/wp-content\/uploads\/2018\/04\/arco-3354-220x123.jpg 220w, https:\/\/www.diarioimagen.net\/wp-content\/uploads\/2018\/04\/arco-3354-237x132.jpg 237w, https:\/\/www.diarioimagen.net\/wp-content\/uploads\/2018\/04\/arco-3354.jpg 480w\" sizes=\"auto, (max-width: 460px) 100vw, 460px\" \/><\/a><\/p>\n<p>&nbsp;<\/p>\n<p>La Direcci\u00f3n General del Registro Civil del Estado de M\u00e9xico brinda todos sus servicios en instalaciones provisionales sobre la Plaza de los M\u00e1rtires, en la capital mexiquense.<\/p>\n<p>Tras la contingencia que sufri\u00f3 el edificio que alberga sus oficinas, en la Plaza Toluca, 40 de los servidores p\u00fablicos que laboran en esa oficina se encuentran atendiendo a las y los mexiquenses en carpas instaladas en el Z\u00f3calo para evitar interrumpir el servicio.<\/p>\n<p>Otros 40 servidores p\u00fablicos est\u00e1n ubicados en las subdirecciones Toluca y Toluca Norte, para apoyar en los servicios que requieran las y los ciudadanos.<\/p>\n<p>El director general del Registro Civil dijo que estar\u00e1n brindando el servicio en estas instalaciones provisionales hasta que la Direcci\u00f3n General de Protecci\u00f3n Civil concluya la revisi\u00f3n del edificio y, si es el caso, autorice que el personal regrese a ocuparlo, pues la prioridad es la seguridad de las y los servidores p\u00fablicos y de las personas que acuden a solicitar servicios a sus oficinas.<\/p>\n<p>En la Plaza de los M\u00e1rtires se brindan todos los servicios que habitualmente se atienden en las oficinas de la Direcci\u00f3n General.<\/p>\n<p>El servicio se\u00a0 brinda en un horario de 9:30 a 18:00 horas.<\/p>\n<p style=\"text-align: center;\"><strong>Edomex, libre de paludismo desde hace 22 a\u00f1os<\/strong><\/p>\n<p>Con motivo del D\u00eda Mundial del Paludismo, la Secretar\u00eda de Salud estatal informa que desde hace 22 a\u00f1os la entidad no registra casos aut\u00f3ctonos de esta enfermedad, transmitida a trav\u00e9s de la picadura del mosquito <em>Anopheles<\/em> hembra, infectado.<\/p>\n<p>Para evitar la proliferaci\u00f3n del mosco transmisor, sobre todo en la regi\u00f3n sur,\u00a0 como en los municipios de Tejupilco, Luvianos, Amatepec y Tlatlaya, entre otros, se recomienda mantener patios y techos limpios, con el objetivo de eliminar recipientes u objetos que puedan convertirse en criaderos de este insecto.<\/p>\n<p>Asimismo, se exhorta cortar maleza y vegetaci\u00f3n alrededor de viviendas, drenar encharcamientos o c\u00famulos de agua sucia, usar repelente para insectos en las partes descubiertas del cuerpo, adem\u00e1s de colocar mosquiteros en puertas y ventanas.<\/p>\n<p>El Instituto de Salud del Estado de M\u00e9xico (ISEM) cuenta con suficiente personal de campo, encargado del sistema de vigilancia epidemiol\u00f3gica, que lleva a cabo un programa permanente de eliminaci\u00f3n de criaderos.<\/p>\n<p>A ellos se suman notificantes voluntarios, quienes toman m\u00e1s de 15 mil muestras de gotas gruesas, que posteriormente se analizan en 23 laboratorios, donde se lleva a cabo un diagn\u00f3stico de esta enfermedad.<\/p>\n<p>A trav\u00e9s del Comit\u00e9 Estatal Interinstitucional de Enfermedades Trasmitidas por Vectores, autoridades del Sector Salud supervisan las actividades de vigilancia epidemiol\u00f3gica en busca de lograr la certificaci\u00f3n de la entidad como \u00e1rea libre de paludismo.<\/p>\n<p><em><a href=\"mailto:montanezaguilar@gmail.com\" target=\"_blank\" rel=\"noopener noreferrer\">montanezaguilar@gmail.com<\/a><\/em><\/p>\n","protected":false},"excerpt":{"rendered":"<p><span style=\"color: #005497;\">Jos\u00e9 Luis Monta\u00f1ez Aguilar<\/span><br \/>\n<br \/>\nLa Direcci\u00f3n General del Registro Civil del Estado de M\u00e9xico brinda todos sus servicios en instalaciones provisionales sobre la Plaza de los M\u00e1rtires, en la capital mexiquense.<\/p>\n","protected":false},"author":3,"featured_media":373658,"comment_status":"open","ping_status":"open","sticky":false,"template":"","format":"standard","meta":{"_monsterinsights_skip_tracking":false,"_monsterinsights_sitenote_active":false,"_monsterinsights_sitenote_note":"","_monsterinsights_sitenote_category":0,"footnotes":""},"categories":[5],"tags":[13284,43704,43674],"class_list":["post-373553","post","type-post","status-publish","format-standard","has-post-thumbnail","hentry","category-estado-de-mexico","tag-arco-norte","tag-jose-luis-montanez-aguilar","tag-opinion"],"_links":{"self":[{"href":"https:\/\/www.diarioimagen.net\/index.php?rest_route=\/wp\/v2\/posts\/373553","targetHints":{"allow":["GET"]}}],"collection":[{"href":"https:\/\/www.diarioimagen.net\/index.php?rest_route=\/wp\/v2\/posts"}],"about":[{"href":"https:\/\/www.diarioimagen.net\/index.php?rest_route=\/wp\/v2\/types\/post"}],"author":[{"embeddable":true,"href":"https:\/\/www.diarioimagen.net\/index.php?rest_route=\/wp\/v2\/users\/3"}],"replies":[{"embeddable":true,"href":"https:\/\/www.diarioimagen.net\/index.php?rest_route=%2Fwp%2Fv2%2Fcomments&post=373553"}],"version-history":[{"count":0,"href":"https:\/\/www.diarioimagen.net\/index.php?rest_route=\/wp\/v2\/posts\/373553\/revisions"}],"wp:featuredmedia":[{"embeddable":true,"href":"https:\/\/www.diarioimagen.net\/index.php?rest_route=\/wp\/v2\/media\/373658"}],"wp:attachment":[{"href":"https:\/\/www.diarioimagen.net\/index.php?rest_route=%2Fwp%2Fv2%2Fmedia&parent=373553"}],"wp:term":[{"taxonomy":"category","embeddable":true,"href":"https:\/\/www.diarioimagen.net\/index.php?rest_route=%2Fwp%2Fv2%2Fcategories&post=373553"},{"taxonomy":"post_tag","embeddable":true,"href":"https:\/\/www.diarioimagen.net\/index.php?rest_route=%2Fwp%2Fv2%2Ftags&post=373553"}],"curies":[{"name":"wp","href":"https:\/\/api.w.org\/{rel}","templated":true}]}}