{"id":373555,"date":"2018-04-25T00:09:42","date_gmt":"2018-04-25T05:09:42","guid":{"rendered":"http:\/\/www.diarioimagen.net\/?p=373555"},"modified":"2018-04-25T23:12:33","modified_gmt":"2018-04-26T04:12:33","slug":"corrupcion-deteriora-economia-incrementa-costos-de-negocios-y-disuade-inversiones-mag-perez-juarez","status":"publish","type":"post","link":"https:\/\/www.diarioimagen.net\/?p=373555","title":{"rendered":"Corrupci\u00f3n deteriora econom\u00eda, incrementa costos de negocios y disuade inversiones: mag. P\u00e9rez Ju\u00e1rez"},"content":{"rendered":"<ul>\n<li><em><strong>El presidente del TSJCDMX, as\u00ed lo expres\u00f3 al poner en marcha conferencias en el marco de la implementaci\u00f3n del nuevo r\u00e9gimen de responsabilidad administrativa y penal<\/strong><\/em><\/li>\n<li><em><strong>Acompa\u00f1ado por el contralor general de la Ciudad de M\u00e9xico, Eduardo Rovelo Pico, el magistrado plante\u00f3 que se deben impulsar estrategias s\u00f3lidas\u00a0en contra de la corrupci\u00f3n y de la impunidad<\/strong><\/em><\/li>\n<\/ul>\n<h6>Jos\u00e9 Luis Monta\u00f1ez<\/h6>\n<p>&nbsp;<\/p>\n<div id=\"attachment_373640\" style=\"width: 470px\" class=\"wp-caption aligncenter\"><a href=\"http:\/\/www.diarioimagen.net\/?attachment_id=373640\" rel=\"attachment wp-att-373640\"><img loading=\"lazy\" decoding=\"async\" aria-describedby=\"caption-attachment-373640\" class=\"size-large wp-image-373640\" src=\"http:\/\/www.diarioimagen.net\/wp-content\/uploads\/2018\/04\/tribunal-3354-460x259.jpg\" alt=\"\" width=\"460\" height=\"259\" srcset=\"https:\/\/www.diarioimagen.net\/wp-content\/uploads\/2018\/04\/tribunal-3354-460x259.jpg 460w, https:\/\/www.diarioimagen.net\/wp-content\/uploads\/2018\/04\/tribunal-3354-240x135.jpg 240w, https:\/\/www.diarioimagen.net\/wp-content\/uploads\/2018\/04\/tribunal-3354-235x132.jpg 235w, https:\/\/www.diarioimagen.net\/wp-content\/uploads\/2018\/04\/tribunal-3354-202x114.jpg 202w, https:\/\/www.diarioimagen.net\/wp-content\/uploads\/2018\/04\/tribunal-3354-350x196.jpg 350w, https:\/\/www.diarioimagen.net\/wp-content\/uploads\/2018\/04\/tribunal-3354-220x123.jpg 220w, https:\/\/www.diarioimagen.net\/wp-content\/uploads\/2018\/04\/tribunal-3354-237x132.jpg 237w, https:\/\/www.diarioimagen.net\/wp-content\/uploads\/2018\/04\/tribunal-3354.jpg 480w\" sizes=\"auto, (max-width: 460px) 100vw, 460px\" \/><\/a><p id=\"caption-attachment-373640\" class=\"wp-caption-text\">El magistrado \u00c1lvaro Augusto P\u00e9rez Ju\u00e1rez estuvo acompa\u00f1ado por el contralor general de la Ciudad de M\u00e9xico, Eduardo Rovelo Pico.<\/p><\/div>\n<p>&nbsp;<\/p>\n<p>El presidente del Tribunal Superior de Justicia de la Ciudad de M\u00e9xico (TSJCDMX), magistrado \u00c1lvaro Augusto P\u00e9rez Ju\u00e1rez, inaugur\u00f3 ayer una serie de conferencias en el marco de la implementaci\u00f3n del nuevo r\u00e9gimen de responsabilidad administrativa y penal, acto en el que subray\u00f3 que la corrupci\u00f3n deteriora la econom\u00eda, incrementa los costos para hacer negocios, disuade inversiones, adem\u00e1s de que incide en los altos niveles de desigualdad.<\/p>\n<p>En la Sala de Presidentes <em>Mar\u00eda Lavalle Urbina<\/em>, enfatiz\u00f3 que por ello se deben impulsar estrategias s\u00f3lidas en contra de la corrupci\u00f3n y de la impunidad, adem\u00e1s de que puntualiz\u00f3 que el \u00f3rgano judicial capitalino est\u00e1 permanentemente comprometido con las disposiciones que componen el sistema nacional anticorrupci\u00f3n.<\/p>\n<p>Con la presencia del contralor general de la Ciudad de M\u00e9xico, Eduardo Rovelo Pico, el magistrado subray\u00f3 en mayo se habr\u00e1 de cumplir en el Poder Judicial capitalino la obligaci\u00f3n presentar las declaraciones patrimonial, de conflicto de intereses y la fiscal, por la convicci\u00f3n y responsabilidad personal de servir al pa\u00eds y a la sociedad.<\/p>\n<p>Record\u00f3 que hace aproximadamente un mes se inici\u00f3 el programa para capacitar a los servidores p\u00fablicos encargados de aplicar la Ley de Responsabilidades Administrativas de la Ciudad de M\u00e9xico, y en particular sobre la investigaci\u00f3n y calificaci\u00f3n de las faltas administrativas, lo que deber\u00e1 fortalecer la convicci\u00f3n para prevenir y sancionar este tipo de actos.<\/p>\n<p>\u201cDebemos reconocer que los fen\u00f3menos de corrupci\u00f3n no s\u00f3lo debilitan el estado de Derecho y la confianza ciudadana en las instituciones; m\u00e1s a\u00fan, aumentan los problemas sociales y econ\u00f3micos\u201d, dijo P\u00e9rez Ju\u00e1rez.<\/p>\n<p>El tambi\u00e9n presidente del Consejo de la Judicatura capitalina, record\u00f3 que el informe anual 2015 del Instituto Mexicano para la Competitividad estim\u00f3 que el costo de la corrupci\u00f3n para la econom\u00eda nacional representa hasta un 5 por ciento del Producto Interno Bruto, en raz\u00f3n de que dicho fen\u00f3meno deteriora la econom\u00eda, incrementa el costo para hacer negocios, obstaculiza la productividad y crea desconfianza y mala imagen para el pa\u00eds.<\/p>\n<p>El magistrado consider\u00f3 que el nuevo r\u00e9gimen de responsabilidad administrativa y penal debe dar respuesta a problem\u00e1ticas en distintos \u00e1mbitos, por lo que establece responsabilidades administrativas de los servidores p\u00fablicos, sus obligaciones, sanciones aplicables por los actos u omisiones en que incurren, adem\u00e1s de las que correspondan a particulares vinculados con faltas administrativas graves, as\u00ed como los procedimientos para su aplicaci\u00f3n.<\/p>\n<p>A su vez, el contralor general, Eduardo Rovelo Pico destac\u00f3 que hoy se cuenta con un nuevo paradigma en la materia, el cual es ya necesario poner en pr\u00e1ctica, a partir de que el legislador ya hizo una distinci\u00f3n entre falta y delito.<\/p>\n<p>Asimismo, consider\u00f3 que se debe avanzar hacia la oralidad en materia de juicios administrativos, dado que esta ya es una realidad en otras ramas de la justicia.<\/p>\n<p>En el acto participaron las consejeras de la Judicatura de la Ciudad de M\u00e9xico, Aurora G\u00f3mez Aguilar, Blanca Estela Zamudio Vald\u00e9s, Ana Yadira Alarc\u00f3n M\u00e1rquez, y el consejero Jorge Mart\u00ednez Arregu\u00edn, adem\u00e1s del director general de Asuntos Jur\u00eddicos y Responsabilidades, Juan Carlos \u00c1vila L\u00f3pez, y el director general de Contralor\u00edas Internas en Dependencias y \u00d3rganos Desconcentrados, ambos de la Contralor\u00eda General de la Ciudad de M\u00e9xico.<\/p>\n","protected":false},"excerpt":{"rendered":"<p><span style=\"color: #005497;\">Jos\u00e9 Luis Monta\u00f1ez<\/span><br \/>\n<br \/>\nEl presidente del Tribunal Superior de Justicia de la Ciudad de M\u00e9xico (TSJCDMX), magistrado \u00c1lvaro Augusto P\u00e9rez Ju\u00e1rez, inaugur\u00f3 ayer una serie de conferencias en el marco de la implementaci\u00f3n del nuevo r\u00e9gimen de responsabilidad administrativa y penal, acto en el que subray\u00f3 que la corrupci\u00f3n deteriora la econom\u00eda, incrementa los costos para hacer negocios, disuade inversiones, adem\u00e1s de que incide en los altos niveles de desigualdad.<\/p>\n","protected":false},"author":3,"featured_media":373640,"comment_status":"open","ping_status":"open","sticky":false,"template":"","format":"standard","meta":{"_monsterinsights_skip_tracking":false,"_monsterinsights_sitenote_active":false,"_monsterinsights_sitenote_note":"","_monsterinsights_sitenote_category":0,"footnotes":""},"categories":[6],"tags":[204,6665,14864,49194],"class_list":["post-373555","post","type-post","status-publish","format-standard","has-post-thumbnail","hentry","category-cd-de-mexico","tag-ciudad-de-mexico","tag-corrupcion","tag-incremento","tag-tribunal-superior-de-justicia-de-la-ciudad-de-mexico"],"_links":{"self":[{"href":"https:\/\/www.diarioimagen.net\/index.php?rest_route=\/wp\/v2\/posts\/373555","targetHints":{"allow":["GET"]}}],"collection":[{"href":"https:\/\/www.diarioimagen.net\/index.php?rest_route=\/wp\/v2\/posts"}],"about":[{"href":"https:\/\/www.diarioimagen.net\/index.php?rest_route=\/wp\/v2\/types\/post"}],"author":[{"embeddable":true,"href":"https:\/\/www.diarioimagen.net\/index.php?rest_route=\/wp\/v2\/users\/3"}],"replies":[{"embeddable":true,"href":"https:\/\/www.diarioimagen.net\/index.php?rest_route=%2Fwp%2Fv2%2Fcomments&post=373555"}],"version-history":[{"count":0,"href":"https:\/\/www.diarioimagen.net\/index.php?rest_route=\/wp\/v2\/posts\/373555\/revisions"}],"wp:featuredmedia":[{"embeddable":true,"href":"https:\/\/www.diarioimagen.net\/index.php?rest_route=\/wp\/v2\/media\/373640"}],"wp:attachment":[{"href":"https:\/\/www.diarioimagen.net\/index.php?rest_route=%2Fwp%2Fv2%2Fmedia&parent=373555"}],"wp:term":[{"taxonomy":"category","embeddable":true,"href":"https:\/\/www.diarioimagen.net\/index.php?rest_route=%2Fwp%2Fv2%2Fcategories&post=373555"},{"taxonomy":"post_tag","embeddable":true,"href":"https:\/\/www.diarioimagen.net\/index.php?rest_route=%2Fwp%2Fv2%2Ftags&post=373555"}],"curies":[{"name":"wp","href":"https:\/\/api.w.org\/{rel}","templated":true}]}}