{"id":373562,"date":"2018-04-25T00:09:22","date_gmt":"2018-04-25T05:09:22","guid":{"rendered":"http:\/\/www.diarioimagen.net\/?p=373562"},"modified":"2018-04-25T07:59:45","modified_gmt":"2018-04-25T12:59:45","slug":"considera-el-bronco-innovadora-su-propuesta-anticorrupcion","status":"publish","type":"post","link":"https:\/\/www.diarioimagen.net\/?p=373562","title":{"rendered":"Considera \u201cEl Bronco\u201d innovadora su propuesta anticorrupci\u00f3n"},"content":{"rendered":"<ul>\n<li><strong><em>\u201cLa sociedad espera medidas\u201d<\/em><\/strong><\/li>\n<\/ul>\n<p>&nbsp;<\/p>\n<div id=\"attachment_373660\" style=\"width: 470px\" class=\"wp-caption aligncenter\"><a href=\"http:\/\/www.diarioimagen.net\/?attachment_id=373660\" rel=\"attachment wp-att-373660\"><img loading=\"lazy\" decoding=\"async\" aria-describedby=\"caption-attachment-373660\" class=\"size-large wp-image-373660\" src=\"http:\/\/www.diarioimagen.net\/wp-content\/uploads\/2018\/04\/bronco-3354-460x259.jpg\" alt=\"\" width=\"460\" height=\"259\" srcset=\"https:\/\/www.diarioimagen.net\/wp-content\/uploads\/2018\/04\/bronco-3354-460x259.jpg 460w, https:\/\/www.diarioimagen.net\/wp-content\/uploads\/2018\/04\/bronco-3354-240x135.jpg 240w, https:\/\/www.diarioimagen.net\/wp-content\/uploads\/2018\/04\/bronco-3354-235x132.jpg 235w, https:\/\/www.diarioimagen.net\/wp-content\/uploads\/2018\/04\/bronco-3354-202x114.jpg 202w, https:\/\/www.diarioimagen.net\/wp-content\/uploads\/2018\/04\/bronco-3354-350x196.jpg 350w, https:\/\/www.diarioimagen.net\/wp-content\/uploads\/2018\/04\/bronco-3354-220x123.jpg 220w, https:\/\/www.diarioimagen.net\/wp-content\/uploads\/2018\/04\/bronco-3354-237x132.jpg 237w, https:\/\/www.diarioimagen.net\/wp-content\/uploads\/2018\/04\/bronco-3354.jpg 480w\" sizes=\"auto, (max-width: 460px) 100vw, 460px\" \/><\/a><p id=\"caption-attachment-373660\" class=\"wp-caption-text\">Jaime Rodr\u00edguez Calder\u00f3n, \u201cEl Bronco\u201d, se\u00f1al\u00f3 que cortar las manos no significa retroceder en los m\u00e9todos para hacer justicia.<\/p><\/div>\n<p>&nbsp;<\/p>\n<p>El candidato presidencial independiente, Jaime Rodr\u00edguez Calder\u00f3n, \u201cEl Bronco\u201d, se\u00f1al\u00f3 que cortar las manos no significa retroceder en los m\u00e9todos para hacer justicia a quienes han sido v\u00edctima del robo, sino iniciar una nueva forma de aplicarla.<\/p>\n<p>De visita en Quer\u00e9taro, el gobernador con licencia de Nuevo Le\u00f3n explic\u00f3 a locatarios del mercado Josefa Ortiz de Dom\u00ednguez, conocido como La Cruz, que en Singapur lograron reducir la cifra de delitos, como el robo, con esta clase de medidas.<\/p>\n<p>Dej\u00f3 en claro que la sociedad est\u00e1 esperando medidas que combatan los delitos que se viven d\u00eda a d\u00eda a lo largo y ancho del pa\u00eds. Rodr\u00edguez Calder\u00f3n asegur\u00f3 que \u201cno se rajar\u00e1\u201d, por lo que de ganar la elecci\u00f3n el pr\u00f3ximo 1 de julio lanzar\u00e1 una iniciativa para que se apruebe esta medida contra quienes cometan actos de corrupci\u00f3n.<\/p>\n<p>La visita a Quer\u00e9taro del candidato incluy\u00f3 una visita al Tec de Monterrey, donde dialog\u00f3 con alumnos sobre su proyecto de gobierno.<\/p>\n<p style=\"text-align: center;\"><strong>\u201cLa delincuencia <\/strong><strong>me arrebat\u00f3 a mi hijo\u201d<\/strong><\/p>\n<p>Rodr\u00edguez Calder\u00f3n dedic\u00f3 en su cuenta de Facebook un mensaje de cumplea\u00f1os para su hijo Jaime Lizenco, quien en 2009 perdi\u00f3 la vida a causa de un accidente automovil\u00edstico, seg\u00fan la versi\u00f3n oficial.<\/p>\n<p>Durante el primer debate presidencial- celebrado el pasado domingo-, el gobernador con licencia de Nuevo Le\u00f3n refiri\u00f3 que su hijo fue v\u00edctima de la delincuencia organizada.<\/p>\n<p>Hoy, en el cumplea\u00f1os 32 de Jaime Lizenco, \u201cEl Bronco\u201d reiter\u00f3 dicha versi\u00f3n:<\/p>\n<p>\u201cTener a mi hijo en mis brazos, sin vida me cambi\u00f3 para siempre. La delincuencia me lo arrebat\u00f3 y eso no lo puedo cambiar, pero lo que s\u00ed puedo hacer es corregir lo que tengo hoy frente a m\u00ed. A \u00e9l le promet\u00ed esto y por \u00e9l que cada d\u00eda sigo con m\u00e1s fuerza\u201d.<\/p>\n<p>Los hechos ocurrieron en octubre 2009, cuando \u201cEl Bronco\u201d era alcalde electo del municipio de Garc\u00eda.<\/p>\n<p>Un helic\u00f3ptero de la Secretar\u00eda de Seguridad P\u00fablica (SSP) localiz\u00f3 en una carretera de Galeana el cuerpo del joven, de entonces 23 a\u00f1os de edad, el 13 de octubre de ese a\u00f1o, d\u00edas despu\u00e9s de ser reportado como desaparecido.<\/p>\n<p>De acuerdo con la versi\u00f3n de la Procuradur\u00eda General de Justicia del Estado (PGJE), Jaime Lizenco perdi\u00f3 la vida al desbarrancar su Jeep. Incluso, su padre fue testigo de la escena del accidente.<\/p>\n<p>Al inicio, Rodr\u00edguez Calder\u00f3n atribuy\u00f3 el accidente a un descuido de su hijo posiblemente al enviar mensajes de texto mientras conduc\u00eda. A\u00f1os despu\u00e9s- cuando buscaba la gubernatura del estado de Nuevo Le\u00f3n-, cambi\u00f3 la versi\u00f3n, asegurando que Lizenco muri\u00f3 al ser perseguido por el crimen organizado.<\/p>\n<p>Esta versi\u00f3n no ha sido confirmada por las autoridades, y tampoco hay una carpeta de investigaci\u00f3n por el supuesto homicidio de Lizenco Rodr\u00edguez.<\/p>\n","protected":false},"excerpt":{"rendered":"<p>El candidato presidencial independiente, Jaime Rodr\u00edguez Calder\u00f3n, \u201cEl Bronco\u201d, se\u00f1al\u00f3 que cortar las manos no significa retroceder en los m\u00e9todos para hacer justicia a quienes han sido v\u00edctima del robo, sino iniciar una nueva forma de aplicarla.<\/p>\n","protected":false},"author":3,"featured_media":373660,"comment_status":"open","ping_status":"open","sticky":false,"template":"","format":"standard","meta":{"_monsterinsights_skip_tracking":false,"_monsterinsights_sitenote_active":false,"_monsterinsights_sitenote_note":"","_monsterinsights_sitenote_category":0,"footnotes":""},"categories":[3],"tags":[8654,69284,43673],"class_list":["post-373562","post","type-post","status-publish","format-standard","has-post-thumbnail","hentry","category-nacional","tag-delincuencia","tag-jaime-rodriguez-calderon","tag-nacional"],"_links":{"self":[{"href":"https:\/\/www.diarioimagen.net\/index.php?rest_route=\/wp\/v2\/posts\/373562","targetHints":{"allow":["GET"]}}],"collection":[{"href":"https:\/\/www.diarioimagen.net\/index.php?rest_route=\/wp\/v2\/posts"}],"about":[{"href":"https:\/\/www.diarioimagen.net\/index.php?rest_route=\/wp\/v2\/types\/post"}],"author":[{"embeddable":true,"href":"https:\/\/www.diarioimagen.net\/index.php?rest_route=\/wp\/v2\/users\/3"}],"replies":[{"embeddable":true,"href":"https:\/\/www.diarioimagen.net\/index.php?rest_route=%2Fwp%2Fv2%2Fcomments&post=373562"}],"version-history":[{"count":0,"href":"https:\/\/www.diarioimagen.net\/index.php?rest_route=\/wp\/v2\/posts\/373562\/revisions"}],"wp:featuredmedia":[{"embeddable":true,"href":"https:\/\/www.diarioimagen.net\/index.php?rest_route=\/wp\/v2\/media\/373660"}],"wp:attachment":[{"href":"https:\/\/www.diarioimagen.net\/index.php?rest_route=%2Fwp%2Fv2%2Fmedia&parent=373562"}],"wp:term":[{"taxonomy":"category","embeddable":true,"href":"https:\/\/www.diarioimagen.net\/index.php?rest_route=%2Fwp%2Fv2%2Fcategories&post=373562"},{"taxonomy":"post_tag","embeddable":true,"href":"https:\/\/www.diarioimagen.net\/index.php?rest_route=%2Fwp%2Fv2%2Ftags&post=373562"}],"curies":[{"name":"wp","href":"https:\/\/api.w.org\/{rel}","templated":true}]}}