{"id":373566,"date":"2018-04-25T00:05:43","date_gmt":"2018-04-25T05:05:43","guid":{"rendered":"http:\/\/www.diarioimagen.net\/?p=373566"},"modified":"2018-04-25T23:12:09","modified_gmt":"2018-04-26T04:12:09","slug":"solo-amlo-pacificaria-el-pais-segun-sheinbaum","status":"publish","type":"post","link":"https:\/\/www.diarioimagen.net\/?p=373566","title":{"rendered":"S\u00f3lo AMLO pacificar\u00eda el pa\u00eds, seg\u00fan Sheinbaum"},"content":{"rendered":"<ul>\n<li><strong><em>Denuncia presi\u00f3n<\/em><\/strong><\/li>\n<\/ul>\n<p>&nbsp;<\/p>\n<div id=\"attachment_373643\" style=\"width: 470px\" class=\"wp-caption aligncenter\"><a href=\"http:\/\/www.diarioimagen.net\/?attachment_id=373643\" rel=\"attachment wp-att-373643\"><img loading=\"lazy\" decoding=\"async\" aria-describedby=\"caption-attachment-373643\" class=\"size-large wp-image-373643\" src=\"http:\/\/www.diarioimagen.net\/wp-content\/uploads\/2018\/04\/SHEUNBAUM-3354-460x259.jpg\" alt=\"\" width=\"460\" height=\"259\" srcset=\"https:\/\/www.diarioimagen.net\/wp-content\/uploads\/2018\/04\/SHEUNBAUM-3354-460x259.jpg 460w, https:\/\/www.diarioimagen.net\/wp-content\/uploads\/2018\/04\/SHEUNBAUM-3354-240x135.jpg 240w, https:\/\/www.diarioimagen.net\/wp-content\/uploads\/2018\/04\/SHEUNBAUM-3354-235x132.jpg 235w, https:\/\/www.diarioimagen.net\/wp-content\/uploads\/2018\/04\/SHEUNBAUM-3354-202x114.jpg 202w, https:\/\/www.diarioimagen.net\/wp-content\/uploads\/2018\/04\/SHEUNBAUM-3354-350x196.jpg 350w, https:\/\/www.diarioimagen.net\/wp-content\/uploads\/2018\/04\/SHEUNBAUM-3354-220x123.jpg 220w, https:\/\/www.diarioimagen.net\/wp-content\/uploads\/2018\/04\/SHEUNBAUM-3354-237x132.jpg 237w, https:\/\/www.diarioimagen.net\/wp-content\/uploads\/2018\/04\/SHEUNBAUM-3354.jpg 480w\" sizes=\"auto, (max-width: 460px) 100vw, 460px\" \/><\/a><p id=\"caption-attachment-373643\" class=\"wp-caption-text\">Claudia Sheinbaum Pardo particip\u00f3 en el Foro de Seguridad y Justicia con Innovaci\u00f3n, en el Centro de Convenciones Tlatelolco.<\/p><\/div>\n<p>&nbsp;<\/p>\n<p>La candidata de la coalici\u00f3n Juntos Haremos Historia al gobierno de la Ciudad de M\u00e9xico, Claudia Sheinbaum Pardo, dijo que la \u00fanica persona que puede pacificar al pa\u00eds se llama Andr\u00e9s Manuel L\u00f3pez Obrador.<\/p>\n<p>Al presidir el Foro de Seguridad y Justicia con Innovaci\u00f3n, en el Centro de Convenciones Tlatelolco, expres\u00f3 su indignaci\u00f3n por el homicidio de los j\u00f3venes estudiantes de cine, en Jalisco. Los cuales dijo son parte ya de los 34 mil desaparecidos en el pa\u00eds.\u00a0 \u201cLa verdad es que hoy, hay que recuperar el pa\u00eds y decir \u2018no m\u00e1s sangre\u2019 y la \u00fanica persona que puede pacificar al pa\u00eds se llama Andr\u00e9s Manuel L\u00f3pez Obrador\u201d, expres\u00f3.<\/p>\n<p>Sheinbaum resalt\u00f3 que su modelo de seguridad est\u00e1 basado \u201cen la ciudadan\u00eda y para la ciudadan\u00eda\u201d, con tres ejes: el primero es recuperar el control de la seguridad y de la gobernabilidad en la capital; el respeto a los derechos humanos y la disminuci\u00f3n de la desigualdad social.<\/p>\n<p style=\"text-align: center;\"><strong>\u00a0Denuncia amenazas a trabajadores del GCDMX<\/strong><\/p>\n<p>Sheinbaum Pardo denunci\u00f3 que los trabajadores del gobierno local son amenazados para que apoyen el frente integrado por el PRD, PAN y Movimiento Ciudadano. Entrevistada antes de su participaci\u00f3n en el foro Alcaldes hablando con Alcaldes, la abanderada morenista precis\u00f3 que trabajadores de base de la delegaci\u00f3n Coyoac\u00e1n fueron despedidos por apoyar a Morena.<\/p>\n<p>Incluso, dijo que secretarios seccionales del sindicato de trabajadores del gobierno de la Ciudad de M\u00e9xico le han expresado su preocupaci\u00f3n por las represalias y amenazas que reciben si se niegan a acudir a los m\u00edtines organizados a favor de Alejandra Barrales, candidata de la coalici\u00f3n Por la Ciudad de M\u00e9xico al Frente.<\/p>\n<p>\u201cEs lamentable que se est\u00e9 amenazando a los trabajadores si no participan en la campa\u00f1a del frente; se ha hecho un uso discrecional de las plazas, de las horas extras e incluso de la nueva masificaci\u00f3n que prometi\u00f3 Miguel \u00c1ngel Mancera\u201d, abund\u00f3.<\/p>\n<p>Es lamentable que se viole la libertad pol\u00edtica de los trabajadores, situaci\u00f3n que prometi\u00f3 cambiar de llegar a la jefatura de gobierno, porque -sostuvo- se respetar\u00e1n sus derechos laborales y pol\u00edticos.<\/p>\n<p>Por otro lado, Sheinbaum Pardo rechaz\u00f3 que exista una desbandada de las filas de Morena para adherirse al frente que apoya a Barrales.<\/p>\n<p>Aclar\u00f3 que la renuncia del diputado local Juan Jes\u00fas Briones a la bancada de Morena en la Asamblea de Legislativa, fue una decisi\u00f3n personal y no afecta a su movimiento.<\/p>\n<p>M\u00e1s all\u00e1 de los anuncios medi\u00e1ticos del Partido de la Revoluci\u00f3n Democr\u00e1tica (PRD), consider\u00f3, la realidad es que donde se est\u00e1 dando la desbandada es en ese instituto, pues todos los d\u00edas hay dirigentes y grupos que ante la debacle prefieren unirse a Morena.<\/p>\n","protected":false},"excerpt":{"rendered":"<p>La candidata de la coalici\u00f3n Juntos Haremos Historia al gobierno de la Ciudad de M\u00e9xico, Claudia Sheinbaum Pardo, dijo que la \u00fanica persona que puede pacificar al pa\u00eds se llama Andr\u00e9s Manuel L\u00f3pez Obrador.<\/p>\n","protected":false},"author":3,"featured_media":373643,"comment_status":"open","ping_status":"open","sticky":false,"template":"","format":"standard","meta":{"_monsterinsights_skip_tracking":false,"_monsterinsights_sitenote_active":false,"_monsterinsights_sitenote_note":"","_monsterinsights_sitenote_category":0,"footnotes":""},"categories":[6],"tags":[2545,204,72207,72942],"class_list":["post-373566","post","type-post","status-publish","format-standard","has-post-thumbnail","hentry","category-cd-de-mexico","tag-amlo","tag-ciudad-de-mexico","tag-claudia-sheinbaum-pardo","tag-pacificar"],"_links":{"self":[{"href":"https:\/\/www.diarioimagen.net\/index.php?rest_route=\/wp\/v2\/posts\/373566","targetHints":{"allow":["GET"]}}],"collection":[{"href":"https:\/\/www.diarioimagen.net\/index.php?rest_route=\/wp\/v2\/posts"}],"about":[{"href":"https:\/\/www.diarioimagen.net\/index.php?rest_route=\/wp\/v2\/types\/post"}],"author":[{"embeddable":true,"href":"https:\/\/www.diarioimagen.net\/index.php?rest_route=\/wp\/v2\/users\/3"}],"replies":[{"embeddable":true,"href":"https:\/\/www.diarioimagen.net\/index.php?rest_route=%2Fwp%2Fv2%2Fcomments&post=373566"}],"version-history":[{"count":0,"href":"https:\/\/www.diarioimagen.net\/index.php?rest_route=\/wp\/v2\/posts\/373566\/revisions"}],"wp:featuredmedia":[{"embeddable":true,"href":"https:\/\/www.diarioimagen.net\/index.php?rest_route=\/wp\/v2\/media\/373643"}],"wp:attachment":[{"href":"https:\/\/www.diarioimagen.net\/index.php?rest_route=%2Fwp%2Fv2%2Fmedia&parent=373566"}],"wp:term":[{"taxonomy":"category","embeddable":true,"href":"https:\/\/www.diarioimagen.net\/index.php?rest_route=%2Fwp%2Fv2%2Fcategories&post=373566"},{"taxonomy":"post_tag","embeddable":true,"href":"https:\/\/www.diarioimagen.net\/index.php?rest_route=%2Fwp%2Fv2%2Ftags&post=373566"}],"curies":[{"name":"wp","href":"https:\/\/api.w.org\/{rel}","templated":true}]}}