{"id":373587,"date":"2018-04-25T00:06:54","date_gmt":"2018-04-25T05:06:54","guid":{"rendered":"http:\/\/www.diarioimagen.net\/?p=373587"},"modified":"2018-04-25T08:08:43","modified_gmt":"2018-04-25T13:08:43","slug":"mujeres-tendran-alta-prioridad-en-el-senado-alejandra-del-moral","status":"publish","type":"post","link":"https:\/\/www.diarioimagen.net\/?p=373587","title":{"rendered":"Mujeres tendr\u00e1n alta prioridad en el Senado: Alejandra Del Moral"},"content":{"rendered":"<ul>\n<li><strong><em>Candidata de la coalici\u00f3n Todos por M\u00e9xico<\/em><\/strong><\/li>\n<\/ul>\n<p>&nbsp;<\/p>\n<div id=\"attachment_373681\" style=\"width: 470px\" class=\"wp-caption aligncenter\"><a href=\"http:\/\/www.diarioimagen.net\/?attachment_id=373681\" rel=\"attachment wp-att-373681\"><img loading=\"lazy\" decoding=\"async\" aria-describedby=\"caption-attachment-373681\" class=\"size-large wp-image-373681\" src=\"http:\/\/www.diarioimagen.net\/wp-content\/uploads\/2018\/04\/TULTITLAN-3354-460x259.jpg\" alt=\"\" width=\"460\" height=\"259\" srcset=\"https:\/\/www.diarioimagen.net\/wp-content\/uploads\/2018\/04\/TULTITLAN-3354-460x259.jpg 460w, https:\/\/www.diarioimagen.net\/wp-content\/uploads\/2018\/04\/TULTITLAN-3354-240x135.jpg 240w, https:\/\/www.diarioimagen.net\/wp-content\/uploads\/2018\/04\/TULTITLAN-3354-235x132.jpg 235w, https:\/\/www.diarioimagen.net\/wp-content\/uploads\/2018\/04\/TULTITLAN-3354-202x114.jpg 202w, https:\/\/www.diarioimagen.net\/wp-content\/uploads\/2018\/04\/TULTITLAN-3354-350x196.jpg 350w, https:\/\/www.diarioimagen.net\/wp-content\/uploads\/2018\/04\/TULTITLAN-3354-220x123.jpg 220w, https:\/\/www.diarioimagen.net\/wp-content\/uploads\/2018\/04\/TULTITLAN-3354-237x132.jpg 237w, https:\/\/www.diarioimagen.net\/wp-content\/uploads\/2018\/04\/TULTITLAN-3354.jpg 480w\" sizes=\"auto, (max-width: 460px) 100vw, 460px\" \/><\/a><p id=\"caption-attachment-373681\" class=\"wp-caption-text\">Francisco Fern\u00e1ndez Clamont, candidato a diputado federal por el distrito 37, acompa\u00f1\u00f3 a Alejandra del Moral en su gira por el Estado de M\u00e9xico.<\/p><\/div>\n<p>&nbsp;<\/p>\n<p><strong>Tultitl\u00e1n, Estado de M\u00e9xico<\/strong>.- Como legisladores debemos promover leyes que garanticen a las mujeres una vida digna, segura, sin acoso, sin violencia, otorgando las condiciones y oportunidades necesarias para que ellas puedan salir adelante, se\u00f1al\u00f3 Alejandra Del Moral Vela, candidata al Senado por la coalici\u00f3n Todos por M\u00e9xico, y reiter\u00f3 que de ganar las pr\u00f3ximos elecciones ese ser\u00e1 su mayor compromiso.<\/p>\n<p>En su gira de trabajo por Tultitl\u00e1n, Del Moral Vela dijo que se impulsar\u00e1n programas en favor de las mujeres, entre ellos destacan la creaci\u00f3n de guarder\u00edas de tiempo completo, que incluyan educaci\u00f3n preescolar y un horario nocturno, para aquellas mexiquenses que trabajan en el tercer turno, garantizando la seguridad y bienestar de sus hijos y afirm\u00f3 que se legislar\u00e1 para que hombres y mujeres obtengan el mismo salario cuando realizan las mismas actividades laborales.<\/p>\n<p>\u201cQuiero llegar al Senado en primer lugar porque tengo un compromiso con las mujeres, la prioridad de Pepe Meade, somos las mujeres, necesitamos hacer equipo para reconocerle a ellas lo que les corresponde\u201d expres\u00f3 Alejandra Del Moral.<\/p>\n<p>Afirm\u00f3 que M\u00e9xico requiere de un gobernante preparado, con experiencia, honesto, que garantice un pa\u00eds seguro, prospero, con igualdad e inclusi\u00f3n, y esa opci\u00f3n la representa Jos\u00e9 Antonio Meade, un candidato que tiene m\u00e1s de 20 a\u00f1os en el servicio p\u00fablico, que ha desempe\u00f1ado diferentes responsabilidades en el gobierno federal y que ha entregado excelentes resultados.<\/p>\n<p>M\u00e1s tarde, en un encuentro con la militancia priista de Teoloyucan, acompa\u00f1ada por Francisco Fern\u00e1ndez Clamont, candidato a diputado federal por el distrito 37, Alejandra Del Moral, asegur\u00f3 que el PRI cuenta con las mejores mujeres y hombres, que conocen el territorio, que lo han caminado y que trabajan por un mismo ideal, afirm\u00f3 que gracias a ellos el pr\u00f3ximo 1 de julio el Revolucionario Institucional obtendr\u00e1 de nueva cuenta la victoria.<\/p>\n","protected":false},"excerpt":{"rendered":"<p>Como legisladores debemos promover leyes que garanticen a las mujeres una vida digna, segura, sin acoso, sin violencia, otorgando las condiciones y oportunidades necesarias para que ellas puedan salir adelante, se\u00f1al\u00f3 Alejandra Del Moral Vela, candidata al Senado por la coalici\u00f3n Todos por M\u00e9xico, y reiter\u00f3 que de ganar las pr\u00f3ximos elecciones ese ser\u00e1 su mayor compromiso.<\/p>\n","protected":false},"author":3,"featured_media":373681,"comment_status":"open","ping_status":"open","sticky":false,"template":"","format":"standard","meta":{"_monsterinsights_skip_tracking":false,"_monsterinsights_sitenote_active":false,"_monsterinsights_sitenote_note":"","_monsterinsights_sitenote_category":0,"footnotes":""},"categories":[35155],"tags":[43675,72947,1409,578],"class_list":["post-373587","post","type-post","status-publish","format-standard","has-post-thumbnail","hentry","category-estado-de-mexico-estado-de-mexico","tag-estado-de-mexico","tag-francisco-fernandez-clamont","tag-senado","tag-tultitlan"],"_links":{"self":[{"href":"https:\/\/www.diarioimagen.net\/index.php?rest_route=\/wp\/v2\/posts\/373587","targetHints":{"allow":["GET"]}}],"collection":[{"href":"https:\/\/www.diarioimagen.net\/index.php?rest_route=\/wp\/v2\/posts"}],"about":[{"href":"https:\/\/www.diarioimagen.net\/index.php?rest_route=\/wp\/v2\/types\/post"}],"author":[{"embeddable":true,"href":"https:\/\/www.diarioimagen.net\/index.php?rest_route=\/wp\/v2\/users\/3"}],"replies":[{"embeddable":true,"href":"https:\/\/www.diarioimagen.net\/index.php?rest_route=%2Fwp%2Fv2%2Fcomments&post=373587"}],"version-history":[{"count":0,"href":"https:\/\/www.diarioimagen.net\/index.php?rest_route=\/wp\/v2\/posts\/373587\/revisions"}],"wp:featuredmedia":[{"embeddable":true,"href":"https:\/\/www.diarioimagen.net\/index.php?rest_route=\/wp\/v2\/media\/373681"}],"wp:attachment":[{"href":"https:\/\/www.diarioimagen.net\/index.php?rest_route=%2Fwp%2Fv2%2Fmedia&parent=373587"}],"wp:term":[{"taxonomy":"category","embeddable":true,"href":"https:\/\/www.diarioimagen.net\/index.php?rest_route=%2Fwp%2Fv2%2Fcategories&post=373587"},{"taxonomy":"post_tag","embeddable":true,"href":"https:\/\/www.diarioimagen.net\/index.php?rest_route=%2Fwp%2Fv2%2Ftags&post=373587"}],"curies":[{"name":"wp","href":"https:\/\/api.w.org\/{rel}","templated":true}]}}