{"id":373704,"date":"2018-04-26T00:05:47","date_gmt":"2018-04-26T05:05:47","guid":{"rendered":"http:\/\/www.diarioimagen.net\/?p=373704"},"modified":"2018-04-26T00:26:32","modified_gmt":"2018-04-26T05:26:32","slug":"contempla-proteccion-civil-estatal-monitoreo-prioritario-lluvias","status":"publish","type":"post","link":"https:\/\/www.diarioimagen.net\/?p=373704","title":{"rendered":"Contempla Protecci\u00f3n Civil Estatal monitoreo prioritario lluvias"},"content":{"rendered":"<ul>\n<li><em><strong>En siete municipios del Edomex<\/strong><\/em><\/li>\n<\/ul>\n<p>&nbsp;<\/p>\n<div id=\"attachment_373705\" style=\"width: 470px\" class=\"wp-caption aligncenter\"><img loading=\"lazy\" decoding=\"async\" aria-describedby=\"caption-attachment-373705\" class=\"size-large wp-image-373705\" src=\"http:\/\/www.diarioimagen.net\/wp-content\/uploads\/2018\/04\/LLUVIAS26-PORTAL-460x268.jpg\" alt=\"\" width=\"460\" height=\"268\" srcset=\"https:\/\/www.diarioimagen.net\/wp-content\/uploads\/2018\/04\/LLUVIAS26-PORTAL-460x268.jpg 460w, https:\/\/www.diarioimagen.net\/wp-content\/uploads\/2018\/04\/LLUVIAS26-PORTAL-240x140.jpg 240w, https:\/\/www.diarioimagen.net\/wp-content\/uploads\/2018\/04\/LLUVIAS26-PORTAL.jpg 480w\" sizes=\"auto, (max-width: 460px) 100vw, 460px\" \/><p id=\"caption-attachment-373705\" class=\"wp-caption-text\">Definen 11 puntos de monitoreo y atenci\u00f3n prioritaria localizados en 7 municipios del Valle de M\u00e9xico y el Valle de Toluca.<\/p><\/div>\n<p>&nbsp;<\/p>\n<p><strong>Toluca, Estado de M\u00e9xico<\/strong>.- El Programa Estatal de Protecci\u00f3n Civil para la Temporada de Lluvias 2018 contempla atenci\u00f3n y monitoreo prioritario en 11 puntos localizados en siete municipios de la entidad mexiquense: San Mateo Atenco, Ecatepec, Tultitl\u00e1n, Nezahualc\u00f3yotl, La Paz, Tlalnepantla y Huixquilucan.<\/p>\n<p>As\u00ed lo inform\u00f3 la Coordinaci\u00f3n General de Protecci\u00f3n Civil estatal\u00a0 al dar a conocer las acciones para prevenir, mitigar, auxiliar y recuperar las condiciones frente a los da\u00f1os derivados de contingencias hidrometeorol\u00f3gicas que se presenten en la temporada de ciclones de este a\u00f1o, que inicia el pr\u00f3ximo 15 de mayo.<\/p>\n<p>Entre otras acciones, se tiene previsto establecer campamentos pr\u00f3ximos a zonas susceptibles de inundarse con el fin de auxiliar a la poblaci\u00f3n, los cuales cuentan con camiones tipo Vactor de presi\u00f3n-succi\u00f3n, equipo de radio comunicaci\u00f3n, una pick-up, bomba de achique, motocicleta y herramienta port\u00e1til.<\/p>\n<p>La poblaci\u00f3n mexiquense contar\u00e1 adem\u00e1s con apoyo del Grupo \u201cTl\u00e1loc\u201d, conformado por elementos capacitados y entrenados para atender a la poblaci\u00f3n y que se integra por cerca de mil elementos encargados de la operaci\u00f3n de 464 equipos y maquinaria pesada.<\/p>\n<p>Este grupo ser\u00e1 respaldado por 3 mil elementos adscritos a la Secretar\u00eda de Seguridad, 14 drones, cuatro helic\u00f3pteros (ambulancia y operativos).<\/p>\n<p>De igual forma, la Comisi\u00f3n de Agua del Estado de M\u00e9xico (CAEM) apoyar\u00e1 con 500 elementos, 334 veh\u00edculos ligeros y pesados, as\u00ed como equipo necesario para las contingencias, mientras que Protecci\u00f3n Civil con 11 elementos y 121 veh\u00edculos ligeros.<\/p>\n<p>La atenci\u00f3n a los problemas derivados de inundaciones y encharcamientos se atender\u00e1 en forma coordinada y transversal, por lo que tambi\u00e9n participar\u00e1n la Secretar\u00eda de Gobernaci\u00f3n, de la Defensa Nacional, de Marina, Medio Ambiente y Recursos Naturales, entre otras instancias del orden federal y estatal.<\/p>\n<p>En el Estado de M\u00e9xico, las acciones que Protecci\u00f3n Civil desarrollar\u00e1 son la supervisi\u00f3n\u00a0 peri\u00f3dica para verificar la limpieza y desazolve de cauces y cuerpos de agua y las condiciones de mantenimiento y operaci\u00f3n de colectores, c\u00e1rcamos y sistemas de bombeo y reporte a autoridades.<\/p>\n<p>Asimismo, se contempla el acopio de bienes necesarios para respuesta inmediata a la poblaci\u00f3n (cobertores, colchonetas, despensas, agua embotellada y l\u00e1mina de cart\u00f3n),\u00a0 as\u00ed como la actualizaci\u00f3n y divulgaci\u00f3n del Atlas de Inundaciones del Estado de M\u00e9xico.<\/p>\n<p>La dependencia se\u00f1al\u00f3 que se invitar\u00e1 a las autoridades municipales a\u00a0 hacer su parte a trav\u00e9s de acciones de limpieza en barrancas, cauces de r\u00edos, desazolve de drenajes; tambi\u00e9n con inspecciones que garanticen que los equipos y plantas de bombeo y c\u00e1rcamos se encuentren en condiciones \u00f3ptimas de funcionamiento.<\/p>\n<p>La Coordinaci\u00f3n General de Protecci\u00f3n Civil hace un llamado a la ciudadan\u00eda a corresponsabilizarse en la prevenci\u00f3n de inundaciones y encharcamientos, evitando arrojar basura, escombros u otros desechos en calles y r\u00edos, lo que origina el 90 por ciento de este problema.<\/p>\n<p>Los ciudadanos pueden organizarse para verificar que las alcantarillas, sumideros, pozos, etc, permitan un flujo normal del vital l\u00edquido, lo que reducir\u00e1 de manera importante las posibilidades de anegamientos de agua pluvial y afectaci\u00f3n a sus domicilios.<\/p>\n<p>Protecci\u00f3n Civil invita a los ciudadanos del Estado de M\u00e9xico a\u00a0informarse regularmente de las condiciones meteorol\u00f3gicas que imperan en territorio mexiquense en la p\u00e1gina electr\u00f3nica http:\/\/cgproteccioncivil.edomex.gob.mx\/, as\u00ed como a estar pendiente de las alertas o avisos que se emitan por parte de la autoridad.<\/p>\n<p>Ante una situaci\u00f3n de emergencia, est\u00e1 a disposici\u00f3n de la ciudadan\u00eda el n\u00famero de reporte nacional 911 o, bien, al correo pcivil.usei@edomex.gob.mx.<\/p>\n","protected":false},"excerpt":{"rendered":"<p>El Programa Estatal de Protecci\u00f3n Civil para la Temporada de Lluvias 2018 contempla atenci\u00f3n y monitoreo prioritario en 11 puntos localizados en siete municipios de la entidad mexiquense: San Mateo Atenco, Ecatepec, Tultitl\u00e1n, Nezahualc\u00f3yotl, La Paz, Tlalnepantla y Huixquilucan.<\/p>\n","protected":false},"author":5,"featured_media":373705,"comment_status":"open","ping_status":"open","sticky":false,"template":"","format":"standard","meta":{"_monsterinsights_skip_tracking":false,"_monsterinsights_sitenote_active":false,"_monsterinsights_sitenote_note":"","_monsterinsights_sitenote_category":0,"footnotes":""},"categories":[35155],"tags":[454,43675,1097,2324,1577,6776,169,452,578],"class_list":["post-373704","post","type-post","status-publish","format-standard","has-post-thumbnail","hentry","category-estado-de-mexico-estado-de-mexico","tag-ecatepec","tag-estado-de-mexico","tag-huixquilucan","tag-la-paz","tag-nezahualcoyotl","tag-san-mateo-atenco","tag-tlalnepantla","tag-toluca","tag-tultitlan"],"_links":{"self":[{"href":"https:\/\/www.diarioimagen.net\/index.php?rest_route=\/wp\/v2\/posts\/373704","targetHints":{"allow":["GET"]}}],"collection":[{"href":"https:\/\/www.diarioimagen.net\/index.php?rest_route=\/wp\/v2\/posts"}],"about":[{"href":"https:\/\/www.diarioimagen.net\/index.php?rest_route=\/wp\/v2\/types\/post"}],"author":[{"embeddable":true,"href":"https:\/\/www.diarioimagen.net\/index.php?rest_route=\/wp\/v2\/users\/5"}],"replies":[{"embeddable":true,"href":"https:\/\/www.diarioimagen.net\/index.php?rest_route=%2Fwp%2Fv2%2Fcomments&post=373704"}],"version-history":[{"count":0,"href":"https:\/\/www.diarioimagen.net\/index.php?rest_route=\/wp\/v2\/posts\/373704\/revisions"}],"wp:featuredmedia":[{"embeddable":true,"href":"https:\/\/www.diarioimagen.net\/index.php?rest_route=\/wp\/v2\/media\/373705"}],"wp:attachment":[{"href":"https:\/\/www.diarioimagen.net\/index.php?rest_route=%2Fwp%2Fv2%2Fmedia&parent=373704"}],"wp:term":[{"taxonomy":"category","embeddable":true,"href":"https:\/\/www.diarioimagen.net\/index.php?rest_route=%2Fwp%2Fv2%2Fcategories&post=373704"},{"taxonomy":"post_tag","embeddable":true,"href":"https:\/\/www.diarioimagen.net\/index.php?rest_route=%2Fwp%2Fv2%2Ftags&post=373704"}],"curies":[{"name":"wp","href":"https:\/\/api.w.org\/{rel}","templated":true}]}}