{"id":373757,"date":"2018-04-26T00:08:43","date_gmt":"2018-04-26T05:08:43","guid":{"rendered":"http:\/\/www.diarioimagen.net\/?p=373757"},"modified":"2018-04-27T00:37:23","modified_gmt":"2018-04-27T05:37:23","slug":"arranca-universiada-nacional","status":"publish","type":"post","link":"https:\/\/www.diarioimagen.net\/?p=373757","title":{"rendered":"Arranca Universiada Nacional"},"content":{"rendered":"<ul>\n<li><em><strong>Participaci\u00f3n de m\u00e1s de 8 mil 206 atletas<\/strong><\/em><\/li>\n<li><em><strong>Celebraci\u00f3n de lo mejor del pa\u00eds, destaca Alfredo Del Mazo<\/strong><\/em><\/li>\n<\/ul>\n<p>&nbsp;<\/p>\n<div id=\"attachment_373866\" style=\"width: 470px\" class=\"wp-caption aligncenter\"><a href=\"http:\/\/www.diarioimagen.net\/?attachment_id=373866\" rel=\"attachment wp-att-373866\"><img loading=\"lazy\" decoding=\"async\" aria-describedby=\"caption-attachment-373866\" class=\"size-large wp-image-373866\" src=\"http:\/\/www.diarioimagen.net\/wp-content\/uploads\/2018\/04\/UAEM-3355-460x259.jpg\" alt=\"\" width=\"460\" height=\"259\" srcset=\"https:\/\/www.diarioimagen.net\/wp-content\/uploads\/2018\/04\/UAEM-3355-460x259.jpg 460w, https:\/\/www.diarioimagen.net\/wp-content\/uploads\/2018\/04\/UAEM-3355-240x135.jpg 240w, https:\/\/www.diarioimagen.net\/wp-content\/uploads\/2018\/04\/UAEM-3355-235x132.jpg 235w, https:\/\/www.diarioimagen.net\/wp-content\/uploads\/2018\/04\/UAEM-3355-202x114.jpg 202w, https:\/\/www.diarioimagen.net\/wp-content\/uploads\/2018\/04\/UAEM-3355-350x196.jpg 350w, https:\/\/www.diarioimagen.net\/wp-content\/uploads\/2018\/04\/UAEM-3355-220x123.jpg 220w, https:\/\/www.diarioimagen.net\/wp-content\/uploads\/2018\/04\/UAEM-3355-237x132.jpg 237w, https:\/\/www.diarioimagen.net\/wp-content\/uploads\/2018\/04\/UAEM-3355.jpg 480w\" sizes=\"auto, (max-width: 460px) 100vw, 460px\" \/><\/a><p id=\"caption-attachment-373866\" class=\"wp-caption-text\">El rector de UAEM, Alfredo Barrera, reconoci\u00f3 a los participantes en esta justa deportiva como la esperanza de un M\u00e9xico \u00e1vido de atletas de alto rendimiento.<\/p><\/div>\n<p>&nbsp;<\/p>\n<p><strong>Toluca, Estado de M\u00e9xico<\/strong>.\u2013 Con fraternidad deportiva, los j\u00f3venes hacen de la Universiada Nacional UAEM 2018 una celebraci\u00f3n de lo mejor del pa\u00eds y de los valores que identifican a una nueva generaci\u00f3n que cree en el esfuerzo y el trabajo, sostuvo el gobernador del Estado de M\u00e9xico, Alfredo Del Mazo Maza, al inaugurar la 22\u00aa edici\u00f3n de la m\u00e1xima justa del deporte estudiantil de M\u00e9xico.<\/p>\n<p>En el Estadio Universitario \u201cDr. Juan Josafat Pichardo Cruz\u201d, ante el rector de la Aut\u00f3noma mexiquense, Alfredo Barrera Baca, el ejecutivo estatal consider\u00f3 que los m\u00e1s de ocho mil 206 atletas universitarios participantes en esta competencia dan una lecci\u00f3n de valent\u00eda y coraje, al responder de forma pac\u00edfica y respetuosa a cada uno de los desaf\u00edos que enfrenta la sociedad.<\/p>\n<p>En presencia del titular de la Comisi\u00f3n Nacional de Cultura F\u00edsica y Deporte (CONADE), Alfredo Castillo Cervantes, y el vicepresidente de la Federaci\u00f3n Internacional del Deporte Universitario, Luciano Atayde Costa Cabral, Del Mazo Maza manifest\u00f3 que la Universiada Nacional 2018 es el espacio donde los j\u00f3venes luchan por sus derechos a la inclusi\u00f3n, la libre expresi\u00f3n y la igualdad de oportunidades.<\/p>\n<p>Antes de que Patricia Olvera encendiera el pebetero universitario, Alfredo Barrera reconoci\u00f3 a los participantes en esta justa deportiva como la esperanza cierta de un M\u00e9xico \u00e1vido de atletas de alto rendimiento e invit\u00f3 a que en esta casa de estudios \u201crealicen su haza\u00f1a y cumplan el sue\u00f1o de ganar\u201d.<\/p>\n<p>Al dar la bienvenida a los diversos contingentes y representantes de instituciones de educaci\u00f3n superior de todo el pa\u00eds, el rector indic\u00f3 que el apoyo decidido que brindaron autoridades deportivas y del gobierno estatal a este proyecto atl\u00e9tico juvenil expresa la fe de la naci\u00f3n en el futuro de la juventud.<\/p>\n<p>Antes de que la estudiante Rebeca Enr\u00edquez Villegas y el juez Aar\u00f3n Hern\u00e1ndez Rodr\u00edguez rindieran el juramento deportivo, Alfredo Barrea Baca se\u00f1al\u00f3 que la Universiada Nacional ser\u00e1 escenario de hermanamiento, celebraci\u00f3n y equidad.<\/p>\n<p>En tanto, Alfredo Castillo Cervantes refiri\u00f3 que durante esta justa deportiva, en la que participan 320 universidades de M\u00e9xico, ser\u00e1n entregadas mil 800 medallas, a trav\u00e9s de las cuales se reconocer\u00e1 a los mejores j\u00f3venes atletas de 26 disciplinas, referente del crecimiento deportivo en el pa\u00eds.<\/p>\n<p>Por su parte, Luciano Atayde Costa Cabral sostuvo que la anfitrion\u00eda de la Universidad Aut\u00f3noma del Estado de M\u00e9xico para esta contienda es un modelo digno de replicarse en todo el mundo y afirm\u00f3 que los estudiantes universitarios tienen las cualidades necesarias para ser l\u00edderes del pa\u00eds.<\/p>\n","protected":false},"excerpt":{"rendered":"<p>Con fraternidad deportiva, los j\u00f3venes hacen de la Universiada Nacional UAEM 2018 una celebraci\u00f3n de lo mejor del pa\u00eds y de los valores que identifican a una nueva generaci\u00f3n que cree en el esfuerzo y el trabajo, sostuvo el gobernador del Estado de M\u00e9xico, Alfredo Del Mazo Maza, al inaugurar la 22\u00aa edici\u00f3n de la m\u00e1xima justa del deporte estudiantil de M\u00e9xico. <\/p>\n","protected":false},"author":3,"featured_media":373866,"comment_status":"open","ping_status":"open","sticky":false,"template":"","format":"standard","meta":{"_monsterinsights_skip_tracking":false,"_monsterinsights_sitenote_active":false,"_monsterinsights_sitenote_note":"","_monsterinsights_sitenote_category":0,"footnotes":""},"categories":[5],"tags":[58572,43675,452,1491,72989],"class_list":["post-373757","post","type-post","status-publish","format-standard","has-post-thumbnail","hentry","category-estado-de-mexico","tag-alfredo-barrera-baca","tag-estado-de-mexico","tag-toluca","tag-uaem","tag-universiada-nacional"],"_links":{"self":[{"href":"https:\/\/www.diarioimagen.net\/index.php?rest_route=\/wp\/v2\/posts\/373757","targetHints":{"allow":["GET"]}}],"collection":[{"href":"https:\/\/www.diarioimagen.net\/index.php?rest_route=\/wp\/v2\/posts"}],"about":[{"href":"https:\/\/www.diarioimagen.net\/index.php?rest_route=\/wp\/v2\/types\/post"}],"author":[{"embeddable":true,"href":"https:\/\/www.diarioimagen.net\/index.php?rest_route=\/wp\/v2\/users\/3"}],"replies":[{"embeddable":true,"href":"https:\/\/www.diarioimagen.net\/index.php?rest_route=%2Fwp%2Fv2%2Fcomments&post=373757"}],"version-history":[{"count":0,"href":"https:\/\/www.diarioimagen.net\/index.php?rest_route=\/wp\/v2\/posts\/373757\/revisions"}],"wp:featuredmedia":[{"embeddable":true,"href":"https:\/\/www.diarioimagen.net\/index.php?rest_route=\/wp\/v2\/media\/373866"}],"wp:attachment":[{"href":"https:\/\/www.diarioimagen.net\/index.php?rest_route=%2Fwp%2Fv2%2Fmedia&parent=373757"}],"wp:term":[{"taxonomy":"category","embeddable":true,"href":"https:\/\/www.diarioimagen.net\/index.php?rest_route=%2Fwp%2Fv2%2Fcategories&post=373757"},{"taxonomy":"post_tag","embeddable":true,"href":"https:\/\/www.diarioimagen.net\/index.php?rest_route=%2Fwp%2Fv2%2Ftags&post=373757"}],"curies":[{"name":"wp","href":"https:\/\/api.w.org\/{rel}","templated":true}]}}