{"id":373782,"date":"2018-04-26T00:04:57","date_gmt":"2018-04-26T05:04:57","guid":{"rendered":"http:\/\/www.diarioimagen.net\/?p=373782"},"modified":"2018-04-27T00:36:59","modified_gmt":"2018-04-27T05:36:59","slug":"va-sheinbaum-contra-plantas-termovalorizadoras","status":"publish","type":"post","link":"https:\/\/www.diarioimagen.net\/?p=373782","title":{"rendered":"Va Sheinbaum contra plantas termovalorizadoras"},"content":{"rendered":"<ul>\n<li><strong><em>En desacuerdo con los contratos firmados por Mancera<\/em><\/strong><\/li>\n<\/ul>\n<p>&nbsp;<\/p>\n<div id=\"attachment_373918\" style=\"width: 470px\" class=\"wp-caption aligncenter\"><a href=\"http:\/\/www.diarioimagen.net\/?attachment_id=373918\" rel=\"attachment wp-att-373918\"><img loading=\"lazy\" decoding=\"async\" aria-describedby=\"caption-attachment-373918\" class=\"size-large wp-image-373918\" src=\"http:\/\/www.diarioimagen.net\/wp-content\/uploads\/2018\/04\/SHEINBAUM-3355-460x259.jpg\" alt=\"\" width=\"460\" height=\"259\" srcset=\"https:\/\/www.diarioimagen.net\/wp-content\/uploads\/2018\/04\/SHEINBAUM-3355-460x259.jpg 460w, https:\/\/www.diarioimagen.net\/wp-content\/uploads\/2018\/04\/SHEINBAUM-3355-240x135.jpg 240w, https:\/\/www.diarioimagen.net\/wp-content\/uploads\/2018\/04\/SHEINBAUM-3355-235x132.jpg 235w, https:\/\/www.diarioimagen.net\/wp-content\/uploads\/2018\/04\/SHEINBAUM-3355-202x114.jpg 202w, https:\/\/www.diarioimagen.net\/wp-content\/uploads\/2018\/04\/SHEINBAUM-3355-350x196.jpg 350w, https:\/\/www.diarioimagen.net\/wp-content\/uploads\/2018\/04\/SHEINBAUM-3355-220x123.jpg 220w, https:\/\/www.diarioimagen.net\/wp-content\/uploads\/2018\/04\/SHEINBAUM-3355-237x132.jpg 237w, https:\/\/www.diarioimagen.net\/wp-content\/uploads\/2018\/04\/SHEINBAUM-3355.jpg 480w\" sizes=\"auto, (max-width: 460px) 100vw, 460px\" \/><\/a><p id=\"caption-attachment-373918\" class=\"wp-caption-text\">Claudia Sheinbaum Pardo manifest\u00f3 que no permitir\u00e1 la construcci\u00f3n de las plantas termovalorizadoras y de biodigesti\u00f3n.<\/p><\/div>\n<p>&nbsp;<\/p>\n<p>La candidata al gobierno capitalino por la coalici\u00f3n Juntos Haremos Historia, Claudia Sheinbaum Pardo, manifest\u00f3 que no permitir\u00e1 la construcci\u00f3n de las plantas termovalorizadoras y de biodigesti\u00f3n, porque no est\u00e1n de acuerdo con los contratos firmados por el gobierno de Miguel \u00c1ngel Mancera.<\/p>\n<p>\u201cSon contratos que no representan ning\u00fan beneficio ambiental para la Ciudad de M\u00e9xico\u201d, subray\u00f3 al participar en un encuentro con la comunidad polit\u00e9cnica.<\/p>\n<p>Anunci\u00f3 que interpondr\u00e1n, a trav\u00e9s de sus diputados locales, una acci\u00f3n p\u00fablica ante el Tribunal de Justicia Administrativa, y agreg\u00f3 que s\u00f3lo quieren hacer negocio, por eso la prisa por concretar el proyecto, mismo que ser\u00e1 cambiado de lugar porque interfiere en la operaci\u00f3n del nuevo aeropuerto.<\/p>\n<p>No estamos de acuerdo que se hagan negocios privados, con los que se est\u00e1 hipotecando el presupuesto de la capital.<\/p>\n<p>Dijo que se van a revisar todas las cl\u00e1usulas, porque no har\u00e1n nada fuera de la ley, ya que es inaceptable que se comprometan m\u00e1s de 3 mil millones de pesos anuales durante los pr\u00f3ximos 30 a\u00f1os.<\/p>\n<p>Reiter\u00f3 que las plantas termovalorizadoras y de biodigesti\u00f3n, que generar\u00edan electricidad para la ciudad usando la basura, no garantizan ni el buen manejo de los residuos s\u00f3lidos ni se desarrolla un esquema ambiental que beneficie a la capital del pa\u00eds, por lo que defender\u00e1 los recursos de la Ciudad de M\u00e9xico.<\/p>\n<p>Adelant\u00f3 que revisar\u00e1 todos los contratos firmados por el actual gobierno capitalino, ya que adem\u00e1s de privatizar de manera indiscriminada los espacios p\u00fablicos, se trata de enormes negocios al amparo del poder.<\/p>\n<p>Mencion\u00f3 como ejemplos, entre otros, los contratos de anuncios publicitarios distribuidos en Paseo de la Reforma y en la L\u00ednea 7 del Metrob\u00fas, as\u00ed como el de la Magdalena Mixiuhca.<\/p>\n","protected":false},"excerpt":{"rendered":"<p>La candidata al gobierno capitalino por la coalici\u00f3n Juntos Haremos Historia, Claudia Sheinbaum Pardo, manifest\u00f3 que no permitir\u00e1 la construcci\u00f3n de las plantas termovalorizadoras y de biodigesti\u00f3n, porque no est\u00e1n de acuerdo con los contratos firmados por el gobierno de Miguel \u00c1ngel Mancera.<\/p>\n","protected":false},"author":3,"featured_media":373918,"comment_status":"open","ping_status":"open","sticky":false,"template":"","format":"standard","meta":{"_monsterinsights_skip_tracking":false,"_monsterinsights_sitenote_active":false,"_monsterinsights_sitenote_note":"","_monsterinsights_sitenote_category":0,"footnotes":""},"categories":[6],"tags":[204,72207,69000,72995],"class_list":["post-373782","post","type-post","status-publish","format-standard","has-post-thumbnail","hentry","category-cd-de-mexico","tag-ciudad-de-mexico","tag-claudia-sheinbaum-pardo","tag-juntos-haremos-historia","tag-plantas-termovalorizadoras"],"_links":{"self":[{"href":"https:\/\/www.diarioimagen.net\/index.php?rest_route=\/wp\/v2\/posts\/373782","targetHints":{"allow":["GET"]}}],"collection":[{"href":"https:\/\/www.diarioimagen.net\/index.php?rest_route=\/wp\/v2\/posts"}],"about":[{"href":"https:\/\/www.diarioimagen.net\/index.php?rest_route=\/wp\/v2\/types\/post"}],"author":[{"embeddable":true,"href":"https:\/\/www.diarioimagen.net\/index.php?rest_route=\/wp\/v2\/users\/3"}],"replies":[{"embeddable":true,"href":"https:\/\/www.diarioimagen.net\/index.php?rest_route=%2Fwp%2Fv2%2Fcomments&post=373782"}],"version-history":[{"count":0,"href":"https:\/\/www.diarioimagen.net\/index.php?rest_route=\/wp\/v2\/posts\/373782\/revisions"}],"wp:featuredmedia":[{"embeddable":true,"href":"https:\/\/www.diarioimagen.net\/index.php?rest_route=\/wp\/v2\/media\/373918"}],"wp:attachment":[{"href":"https:\/\/www.diarioimagen.net\/index.php?rest_route=%2Fwp%2Fv2%2Fmedia&parent=373782"}],"wp:term":[{"taxonomy":"category","embeddable":true,"href":"https:\/\/www.diarioimagen.net\/index.php?rest_route=%2Fwp%2Fv2%2Fcategories&post=373782"},{"taxonomy":"post_tag","embeddable":true,"href":"https:\/\/www.diarioimagen.net\/index.php?rest_route=%2Fwp%2Fv2%2Ftags&post=373782"}],"curies":[{"name":"wp","href":"https:\/\/api.w.org\/{rel}","templated":true}]}}