{"id":373800,"date":"2018-04-26T00:07:36","date_gmt":"2018-04-26T05:07:36","guid":{"rendered":"http:\/\/www.diarioimagen.net\/?p=373800"},"modified":"2018-04-26T07:05:06","modified_gmt":"2018-04-26T12:05:06","slug":"en-atizapan-manejo-de-finanzas-publicas-resulto-un-caso-de-exito","status":"publish","type":"post","link":"https:\/\/www.diarioimagen.net\/?p=373800","title":{"rendered":"En Atizap\u00e1n, manejo de finanzas p\u00fablicas result\u00f3 un caso de \u00e9xito"},"content":{"rendered":"<ul>\n<li><strong><em>Buena recaudaci\u00f3n y contenci\u00f3n del gasto<\/em><\/strong><\/li>\n<\/ul>\n<p>&nbsp;<\/p>\n<div id=\"attachment_373900\" style=\"width: 470px\" class=\"wp-caption aligncenter\"><a href=\"http:\/\/www.diarioimagen.net\/?attachment_id=373900\" rel=\"attachment wp-att-373900\"><img loading=\"lazy\" decoding=\"async\" aria-describedby=\"caption-attachment-373900\" class=\"wp-image-373900 size-large\" src=\"http:\/\/www.diarioimagen.net\/wp-content\/uploads\/2018\/04\/ATIZAPAN-3355-460x259.jpg\" alt=\"\" width=\"460\" height=\"259\" srcset=\"https:\/\/www.diarioimagen.net\/wp-content\/uploads\/2018\/04\/ATIZAPAN-3355-460x259.jpg 460w, https:\/\/www.diarioimagen.net\/wp-content\/uploads\/2018\/04\/ATIZAPAN-3355-240x135.jpg 240w, https:\/\/www.diarioimagen.net\/wp-content\/uploads\/2018\/04\/ATIZAPAN-3355-235x132.jpg 235w, https:\/\/www.diarioimagen.net\/wp-content\/uploads\/2018\/04\/ATIZAPAN-3355-202x114.jpg 202w, https:\/\/www.diarioimagen.net\/wp-content\/uploads\/2018\/04\/ATIZAPAN-3355-350x196.jpg 350w, https:\/\/www.diarioimagen.net\/wp-content\/uploads\/2018\/04\/ATIZAPAN-3355-220x123.jpg 220w, https:\/\/www.diarioimagen.net\/wp-content\/uploads\/2018\/04\/ATIZAPAN-3355-237x132.jpg 237w, https:\/\/www.diarioimagen.net\/wp-content\/uploads\/2018\/04\/ATIZAPAN-3355.jpg 480w\" sizes=\"auto, (max-width: 460px) 100vw, 460px\" \/><\/a><p id=\"caption-attachment-373900\" class=\"wp-caption-text\">El tesorero, Manuel de la Vega, destac\u00f3 que este incremento en la calificaci\u00f3n se deriva de una productividad en la situaci\u00f3n financiera.<\/p><\/div>\n<p>&nbsp;<\/p>\n<p><strong>Atizap\u00e1n, Estado de M\u00e9xico<\/strong>.- Como resultado de las buenas finanzas p\u00fablicas\u00a0\u00a0en el municipio, empresas\u00a0calificadoras\u00a0\u00a0internacionales\u00a0\u00a0\u00a0aumentaron la calificaci\u00f3n\u00a0\u00a0crediticia y de fianzas p\u00fablicas municipales, as\u00ed como el cr\u00e9dito\u00a0\u00a0a largo plazo\u00a0\u00a0con una calificaci\u00f3n BBB+,\u00a0\u00a0esto de acuerdo\u00a0\u00a0al an\u00e1lisis financiero que desarrollan cada una de estas empresas.<\/p>\n<p>El Tesorero municipal Manuel De La Vega\u00a0\u00a0destac\u00f3 que este incremento en la calificaci\u00f3n se deriva de una productividad en la situaci\u00f3n financiera\u00a0\u00a0ya que hay una congruencia entre la buena recaudaci\u00f3n que se lleva y la contenci\u00f3n del gasto.<\/p>\n<p>Manuel De La Vega se\u00f1alo que los super\u00e1vits que ha presentado\u00a0\u00a0el ayuntamiento en esta administraci\u00f3n se debe a tres factores principalmente el\u00a0\u00a0primero y m\u00e1s importante es el que los ciudadanos han cumplido en sus obligaciones, el segundo es la actualizaci\u00f3n de los pa dro nes\u00a0\u00a0con esto se le da certeza a\u00a0 la base gravable que se utiliza\u00a0 para el c\u00e1lculo de los impuestos inmobiliarios es la correcta\u00a0\u00a0y que el destino de los recursos son destinados para los efectos que est\u00e1n presupuestados.<\/p>\n<p>El tesorero destaco que los beneficios de tener una calificaci\u00f3n muy positiva,\u00a0\u00a0es el de poder tener una\u00a0\u00a0mejor condici\u00f3n de cr\u00e9ditos\u00a0\u00a0y as\u00ed\u00a0\u00a0obtener nuevos cr\u00e9ditos a largo plazo en el caso que se requirieran.<\/p>\n<p>Por su\u00a0\u00a0parte Roberto Ballinez director ejecutivo de RH Ratings destaca el cambio\u00a0\u00a0en\u00a0la perspectiva de estable a positiva, ya que desde 2011 que se\u00a0\u00a0empez\u00f3 a\u00a0\u00a0calificar al municipio paso\u00a0\u00a0de regular en 2011,\u00a0\u00a0estable\u00a0\u00a0en 2015 y a positiva en 2018 destacando a Atizap\u00e1n como un caso de \u00e9xito en el manejo de las finanzas p\u00fablicas\u00a0\u00a0sobresaliendo de 42 municipios en el estado\u00a0\u00a0\u00a0a los que esta firma\u00a0\u00a0eval\u00faa a\u00f1o con a\u00f1o.<\/p>\n","protected":false},"excerpt":{"rendered":"<p>Como resultado de las buenas finanzas p\u00fablicas  en el municipio, empresas calificadoras  internacionales   aumentaron la calificaci\u00f3n  crediticia y de fianzas p\u00fablicas municipales, as\u00ed como el cr\u00e9dito  a largo plazo  con una calificaci\u00f3n BBB+,  esto de acuerdo  al an\u00e1lisis financiero que desarrollan cada una de estas empresas.<\/p>\n","protected":false},"author":3,"featured_media":373900,"comment_status":"open","ping_status":"open","sticky":false,"template":"","format":"standard","meta":{"_monsterinsights_skip_tracking":false,"_monsterinsights_sitenote_active":false,"_monsterinsights_sitenote_note":"","_monsterinsights_sitenote_category":0,"footnotes":""},"categories":[35155],"tags":[969,43675,1638,43678,73001],"class_list":["post-373800","post","type-post","status-publish","format-standard","has-post-thumbnail","hentry","category-estado-de-mexico-estado-de-mexico","tag-atizapan","tag-estado-de-mexico","tag-exito","tag-finanzas","tag-manuel-de-la-vega"],"_links":{"self":[{"href":"https:\/\/www.diarioimagen.net\/index.php?rest_route=\/wp\/v2\/posts\/373800","targetHints":{"allow":["GET"]}}],"collection":[{"href":"https:\/\/www.diarioimagen.net\/index.php?rest_route=\/wp\/v2\/posts"}],"about":[{"href":"https:\/\/www.diarioimagen.net\/index.php?rest_route=\/wp\/v2\/types\/post"}],"author":[{"embeddable":true,"href":"https:\/\/www.diarioimagen.net\/index.php?rest_route=\/wp\/v2\/users\/3"}],"replies":[{"embeddable":true,"href":"https:\/\/www.diarioimagen.net\/index.php?rest_route=%2Fwp%2Fv2%2Fcomments&post=373800"}],"version-history":[{"count":0,"href":"https:\/\/www.diarioimagen.net\/index.php?rest_route=\/wp\/v2\/posts\/373800\/revisions"}],"wp:featuredmedia":[{"embeddable":true,"href":"https:\/\/www.diarioimagen.net\/index.php?rest_route=\/wp\/v2\/media\/373900"}],"wp:attachment":[{"href":"https:\/\/www.diarioimagen.net\/index.php?rest_route=%2Fwp%2Fv2%2Fmedia&parent=373800"}],"wp:term":[{"taxonomy":"category","embeddable":true,"href":"https:\/\/www.diarioimagen.net\/index.php?rest_route=%2Fwp%2Fv2%2Fcategories&post=373800"},{"taxonomy":"post_tag","embeddable":true,"href":"https:\/\/www.diarioimagen.net\/index.php?rest_route=%2Fwp%2Fv2%2Ftags&post=373800"}],"curies":[{"name":"wp","href":"https:\/\/api.w.org\/{rel}","templated":true}]}}