{"id":373802,"date":"2018-04-26T00:06:01","date_gmt":"2018-04-26T05:06:01","guid":{"rendered":"http:\/\/www.diarioimagen.net\/?p=373802"},"modified":"2018-04-26T07:06:05","modified_gmt":"2018-04-26T12:06:05","slug":"buscara-fernanda-rivera-un-frente-comun-contra-la-delincuencia-en-edomex","status":"publish","type":"post","link":"https:\/\/www.diarioimagen.net\/?p=373802","title":{"rendered":"Buscar\u00e1 Fernanda Rivera un frente com\u00fan contra la delincuencia en Edomex"},"content":{"rendered":"<p><a href=\"http:\/\/www.diarioimagen.net\/?attachment_id=373904\" rel=\"attachment wp-att-373904\"><img loading=\"lazy\" decoding=\"async\" class=\"aligncenter size-large wp-image-373904\" src=\"http:\/\/www.diarioimagen.net\/wp-content\/uploads\/2018\/04\/ACOLMAN-3355-460x259.jpg\" alt=\"\" width=\"460\" height=\"259\" srcset=\"https:\/\/www.diarioimagen.net\/wp-content\/uploads\/2018\/04\/ACOLMAN-3355-460x259.jpg 460w, https:\/\/www.diarioimagen.net\/wp-content\/uploads\/2018\/04\/ACOLMAN-3355-240x135.jpg 240w, https:\/\/www.diarioimagen.net\/wp-content\/uploads\/2018\/04\/ACOLMAN-3355-235x132.jpg 235w, https:\/\/www.diarioimagen.net\/wp-content\/uploads\/2018\/04\/ACOLMAN-3355-202x114.jpg 202w, https:\/\/www.diarioimagen.net\/wp-content\/uploads\/2018\/04\/ACOLMAN-3355-350x196.jpg 350w, https:\/\/www.diarioimagen.net\/wp-content\/uploads\/2018\/04\/ACOLMAN-3355-220x123.jpg 220w, https:\/\/www.diarioimagen.net\/wp-content\/uploads\/2018\/04\/ACOLMAN-3355-237x132.jpg 237w, https:\/\/www.diarioimagen.net\/wp-content\/uploads\/2018\/04\/ACOLMAN-3355.jpg 480w\" sizes=\"auto, (max-width: 460px) 100vw, 460px\" \/><\/a><\/p>\n<p>&nbsp;<\/p>\n<p><strong>Acolman, Estado de M\u00e9xico<\/strong><strong>.-<\/strong> Fernanda Rivera S\u00e1nchez, candidata al Senado de la Rep\u00fablica por el Estado del M\u00e9xico,\u00a0dijo que desde la C\u00e1mara alta, buscar\u00e1 construir un frente com\u00fan con la ciudadan\u00eda\u00a0 a fin de combatir la inseguridad que viven los habitantes de la entidad: \u201cNo podemos vivir con miedo y tenemos que seguir trabajando juntos, eso es lo que les vengo a ofrecer\u201d, se\u00f1al\u00f3.<\/p>\n<p>\u201cA la gente le duele la inseguridad, nos lo han dicho y nos lo viene diciendo; lo hemos vivido y sufrido como familias, es un lastre que no podemos permitir m\u00e1s.<\/p>\n","protected":false},"excerpt":{"rendered":"<p> Fernanda Rivera S\u00e1nchez, candidata al Senado de la Rep\u00fablica por el Estado del M\u00e9xico, dijo que desde la C\u00e1mara alta, buscar\u00e1 construir un frente com\u00fan con la ciudadan\u00eda  a fin de combatir la inseguridad que viven los habitantes de la entidad: \u201cNo podemos vivir con miedo y tenemos que seguir trabajando juntos, eso es lo que les vengo a ofrecer\u201d, se\u00f1al\u00f3.<\/p>\n","protected":false},"author":3,"featured_media":373904,"comment_status":"open","ping_status":"open","sticky":false,"template":"","format":"standard","meta":{"_monsterinsights_skip_tracking":false,"_monsterinsights_sitenote_active":false,"_monsterinsights_sitenote_note":"","_monsterinsights_sitenote_category":0,"footnotes":""},"categories":[35155],"tags":[47277,22551,8654,43675,73002],"class_list":["post-373802","post","type-post","status-publish","format-standard","has-post-thumbnail","hentry","category-estado-de-mexico-estado-de-mexico","tag-acolman","tag-candidata","tag-delincuencia","tag-estado-de-mexico","tag-fernanda-rivera-sanchez"],"_links":{"self":[{"href":"https:\/\/www.diarioimagen.net\/index.php?rest_route=\/wp\/v2\/posts\/373802","targetHints":{"allow":["GET"]}}],"collection":[{"href":"https:\/\/www.diarioimagen.net\/index.php?rest_route=\/wp\/v2\/posts"}],"about":[{"href":"https:\/\/www.diarioimagen.net\/index.php?rest_route=\/wp\/v2\/types\/post"}],"author":[{"embeddable":true,"href":"https:\/\/www.diarioimagen.net\/index.php?rest_route=\/wp\/v2\/users\/3"}],"replies":[{"embeddable":true,"href":"https:\/\/www.diarioimagen.net\/index.php?rest_route=%2Fwp%2Fv2%2Fcomments&post=373802"}],"version-history":[{"count":0,"href":"https:\/\/www.diarioimagen.net\/index.php?rest_route=\/wp\/v2\/posts\/373802\/revisions"}],"wp:featuredmedia":[{"embeddable":true,"href":"https:\/\/www.diarioimagen.net\/index.php?rest_route=\/wp\/v2\/media\/373904"}],"wp:attachment":[{"href":"https:\/\/www.diarioimagen.net\/index.php?rest_route=%2Fwp%2Fv2%2Fmedia&parent=373802"}],"wp:term":[{"taxonomy":"category","embeddable":true,"href":"https:\/\/www.diarioimagen.net\/index.php?rest_route=%2Fwp%2Fv2%2Fcategories&post=373802"},{"taxonomy":"post_tag","embeddable":true,"href":"https:\/\/www.diarioimagen.net\/index.php?rest_route=%2Fwp%2Fv2%2Ftags&post=373802"}],"curies":[{"name":"wp","href":"https:\/\/api.w.org\/{rel}","templated":true}]}}