{"id":374012,"date":"2018-04-27T00:09:17","date_gmt":"2018-04-27T05:09:17","guid":{"rendered":"http:\/\/www.diarioimagen.net\/?p=374012"},"modified":"2018-04-27T07:03:28","modified_gmt":"2018-04-27T12:03:28","slug":"la-uaem-une-esfuerzos-en-beneficio-de-pueblos-originarios","status":"publish","type":"post","link":"https:\/\/www.diarioimagen.net\/?p=374012","title":{"rendered":"La UAEM une esfuerzos en beneficio de pueblos originarios"},"content":{"rendered":"<ul>\n<li><strong><em>Acceso de ind\u00edgenas a todos los programas educativos<\/em><\/strong><\/li>\n<\/ul>\n<p>&nbsp;<\/p>\n<div id=\"attachment_374106\" style=\"width: 470px\" class=\"wp-caption aligncenter\"><a href=\"http:\/\/www.diarioimagen.net\/?attachment_id=374106\" rel=\"attachment wp-att-374106\"><img loading=\"lazy\" decoding=\"async\" aria-describedby=\"caption-attachment-374106\" class=\"size-large wp-image-374106\" src=\"http:\/\/www.diarioimagen.net\/wp-content\/uploads\/2018\/04\/UAEM-3356-460x259.jpg\" alt=\"\" width=\"460\" height=\"259\" srcset=\"https:\/\/www.diarioimagen.net\/wp-content\/uploads\/2018\/04\/UAEM-3356-460x259.jpg 460w, https:\/\/www.diarioimagen.net\/wp-content\/uploads\/2018\/04\/UAEM-3356-240x135.jpg 240w, https:\/\/www.diarioimagen.net\/wp-content\/uploads\/2018\/04\/UAEM-3356-235x132.jpg 235w, https:\/\/www.diarioimagen.net\/wp-content\/uploads\/2018\/04\/UAEM-3356-202x114.jpg 202w, https:\/\/www.diarioimagen.net\/wp-content\/uploads\/2018\/04\/UAEM-3356-350x196.jpg 350w, https:\/\/www.diarioimagen.net\/wp-content\/uploads\/2018\/04\/UAEM-3356-220x123.jpg 220w, https:\/\/www.diarioimagen.net\/wp-content\/uploads\/2018\/04\/UAEM-3356-237x132.jpg 237w, https:\/\/www.diarioimagen.net\/wp-content\/uploads\/2018\/04\/UAEM-3356.jpg 480w\" sizes=\"auto, (max-width: 460px) 100vw, 460px\" \/><\/a><p id=\"caption-attachment-374106\" class=\"wp-caption-text\">El rector Alfredo Barrera Baca, sostuvo que la UAEM garantiza las condiciones de equidad y combate a todo intento de discriminaci\u00f3n en contra de universitarios pertenecientes a pueblos ind\u00edgenas.<\/p><\/div>\n<p>&nbsp;<\/p>\n<p><strong>Toluca, Estado de M\u00e9xico<\/strong>.\u2013 La Universidad Aut\u00f3noma del Estado de M\u00e9xico pondr\u00e1 en marcha estrategias para ampliar el acceso de ind\u00edgenas a todos los programas educativos que oferta y acercar servicios de extensi\u00f3n a las comunidades de los pueblos originarios de la entidad, a trav\u00e9s de las Brigadas Universitarias Multidisciplinarias, asever\u00f3 el rector Alfredo Barrera Baca, al firmar el convenio marco de participaci\u00f3n con el Consejo Estatal para el Desarrollo Integral de los Pueblos Ind\u00edgenas (CEDIPIEM).<\/p>\n<p>En este evento protocolario, que atestigu\u00f3 el titular de la Secretar\u00eda de Desarrollo Social del gobierno de la entidad, Erick Sevilla Montes de Oca, y en el que particip\u00f3 el Vocal Ejecutivo del CEDIPIEM, C\u00e9sar Molina Portillo, el rector Barrera Baca sostuvo que la UAEM garantiza las condiciones de equidad y combate a todo intento de discriminaci\u00f3n en contra de universitarios pertenecientes a pueblos ind\u00edgenas y grupos vulnerables.<\/p>\n<p>Luego de recibir el bast\u00f3n de mando de manos del jefe supremo otom\u00ed de la ciudad de Toluca, Jos\u00e9 Luis Hern\u00e1ndez Morales, como un reconocimiento a su autoridad moral, cient\u00edfica y acad\u00e9mica en la Aut\u00f3noma mexiquense, Barrera Baca indic\u00f3 que la signa de este documento legal establece las bases para trabajar conjuntamente para la superaci\u00f3n educativa de la juventud ind\u00edgena.<\/p>\n<p>En la Sala \u201cDr. Gustav Baz Prada\u201d del Edificio de Rector\u00eda y en presencia de l\u00edderes de comunidades originarias mexiquenses, manifest\u00f3 que la instituci\u00f3n reposicionar\u00e1 los idiomas amerindios en los \u00e1mbitos literario, acad\u00e9mico y cient\u00edfico, con lo cual se buscar\u00e1 retribuir a este sector de la sociedad, al tiempo que los universitarios enriquecer\u00e1n su comprensi\u00f3n del mundo de manera solidaria.<\/p>\n<p>Erick Sevilla Montes de Oca afirm\u00f3 que el convenio marco establece la uni\u00f3n de esfuerzos de ambas instituciones, en beneficio de los pueblos originarios, lo cual redundar\u00e1 en la puesta en marcha de un programa para que estudiantes universitarios proporcionen asesor\u00edas a ind\u00edgenas interesados en emprender proyectos productivos.<\/p>\n<p>Tras reconocer a la Aut\u00f3noma mexiquense por anteponer la unidad y el inter\u00e9s general, el servidor p\u00fablico estatal detall\u00f3 que iniciar\u00e1 el programa de embajadores universitarios de los pueblos originarios, a trav\u00e9s del cual, estudiantes ind\u00edgenas difundir\u00e1n valores, tradiciones y costumbres de las comunidades a las que pertenecen.<\/p>\n<p>Erick Sevilla Montes de Oca expres\u00f3 que se tiene la oportunidad de lograr las metas establecidas mediante conocimiento, experiencia y humanismo que distinguen a la m\u00e1xima casa de estudios mexiquense, respetuosos de los intereses de la comunidad ind\u00edgena.<\/p>\n<p>El vocal ejecutivo del CEDIPIEM, C\u00e9sar Molina Portilla, consider\u00f3 que la firma de este convenio marco contribuye a estrechar el v\u00ednculo de los universitarios con los pueblos representativos de la cultura ind\u00edgena.<\/p>\n","protected":false},"excerpt":{"rendered":"<p>La Universidad Aut\u00f3noma del Estado de M\u00e9xico pondr\u00e1 en marcha estrategias para ampliar el acceso de ind\u00edgenas a todos los programas educativos que oferta y acercar servicios de extensi\u00f3n a las comunidades de los pueblos originarios de la entidad, a trav\u00e9s de las Brigadas Universitarias Multidisciplinarias, asever\u00f3 el rector Alfredo Barrera Baca, al firmar el convenio marco de participaci\u00f3n con el Consejo Estatal para el Desarrollo Integral de los Pueblos Ind\u00edgenas (CEDIPIEM).<\/p>\n","protected":false},"author":3,"featured_media":374106,"comment_status":"open","ping_status":"open","sticky":false,"template":"","format":"standard","meta":{"_monsterinsights_skip_tracking":false,"_monsterinsights_sitenote_active":false,"_monsterinsights_sitenote_note":"","_monsterinsights_sitenote_category":0,"footnotes":""},"categories":[35155],"tags":[534,73070,43675,452,1491],"class_list":["post-374012","post","type-post","status-publish","format-standard","has-post-thumbnail","hentry","category-estado-de-mexico-estado-de-mexico","tag-cedipiem","tag-cesar-molina-portilla","tag-estado-de-mexico","tag-toluca","tag-uaem"],"_links":{"self":[{"href":"https:\/\/www.diarioimagen.net\/index.php?rest_route=\/wp\/v2\/posts\/374012","targetHints":{"allow":["GET"]}}],"collection":[{"href":"https:\/\/www.diarioimagen.net\/index.php?rest_route=\/wp\/v2\/posts"}],"about":[{"href":"https:\/\/www.diarioimagen.net\/index.php?rest_route=\/wp\/v2\/types\/post"}],"author":[{"embeddable":true,"href":"https:\/\/www.diarioimagen.net\/index.php?rest_route=\/wp\/v2\/users\/3"}],"replies":[{"embeddable":true,"href":"https:\/\/www.diarioimagen.net\/index.php?rest_route=%2Fwp%2Fv2%2Fcomments&post=374012"}],"version-history":[{"count":0,"href":"https:\/\/www.diarioimagen.net\/index.php?rest_route=\/wp\/v2\/posts\/374012\/revisions"}],"wp:featuredmedia":[{"embeddable":true,"href":"https:\/\/www.diarioimagen.net\/index.php?rest_route=\/wp\/v2\/media\/374106"}],"wp:attachment":[{"href":"https:\/\/www.diarioimagen.net\/index.php?rest_route=%2Fwp%2Fv2%2Fmedia&parent=374012"}],"wp:term":[{"taxonomy":"category","embeddable":true,"href":"https:\/\/www.diarioimagen.net\/index.php?rest_route=%2Fwp%2Fv2%2Fcategories&post=374012"},{"taxonomy":"post_tag","embeddable":true,"href":"https:\/\/www.diarioimagen.net\/index.php?rest_route=%2Fwp%2Fv2%2Ftags&post=374012"}],"curies":[{"name":"wp","href":"https:\/\/api.w.org\/{rel}","templated":true}]}}