{"id":374017,"date":"2018-04-27T00:01:05","date_gmt":"2018-04-27T05:01:05","guid":{"rendered":"http:\/\/www.diarioimagen.net\/?p=374017"},"modified":"2018-04-27T07:08:08","modified_gmt":"2018-04-27T12:08:08","slug":"dan-a-conocer-los-resultados-del-programa-conectate-al-turismo-que-deberia-tener-continuidad-para-beneficio-de-la-industria-en-el-pais","status":"publish","type":"post","link":"https:\/\/www.diarioimagen.net\/?p=374017","title":{"rendered":"Dan a conocer los resultados del programa \u201cCon\u00e9ctate al Turismo\u201d, que deber\u00eda tener continuidad para beneficio de la industria en el pa\u00eds"},"content":{"rendered":"<h2>De cinco estrellas<\/h2>\n<h5>Victoria Gonz\u00e1lez Prado<\/h5>\n<p>&nbsp;<\/p>\n<p>&nbsp;<\/p>\n<ul>\n<li><em><strong>Baja California Sur firma convenio de colaboraci\u00f3n con CDMX y se hermana con Baja California<\/strong><\/em><\/li>\n<li><em><strong>Los hoteles del\u00a0<\/strong><\/em><strong>Grupo Brisas<\/strong><em><strong>\u00a0han sido renovados y los viajeros encontrar\u00e1n las experiencias que buscan en cada uno de ellos<\/strong><\/em><\/li>\n<\/ul>\n<p>&nbsp;<\/p>\n<div id=\"attachment_374109\" style=\"width: 470px\" class=\"wp-caption aligncenter\"><a href=\"http:\/\/www.diarioimagen.net\/?attachment_id=374109\" rel=\"attachment wp-att-374109\"><img loading=\"lazy\" decoding=\"async\" aria-describedby=\"caption-attachment-374109\" class=\"size-large wp-image-374109\" src=\"http:\/\/www.diarioimagen.net\/wp-content\/uploads\/2018\/04\/turismo-3356-460x259.jpg\" alt=\"\" width=\"460\" height=\"259\" srcset=\"https:\/\/www.diarioimagen.net\/wp-content\/uploads\/2018\/04\/turismo-3356-460x259.jpg 460w, https:\/\/www.diarioimagen.net\/wp-content\/uploads\/2018\/04\/turismo-3356-240x135.jpg 240w, https:\/\/www.diarioimagen.net\/wp-content\/uploads\/2018\/04\/turismo-3356-235x132.jpg 235w, https:\/\/www.diarioimagen.net\/wp-content\/uploads\/2018\/04\/turismo-3356-202x114.jpg 202w, https:\/\/www.diarioimagen.net\/wp-content\/uploads\/2018\/04\/turismo-3356-350x196.jpg 350w, https:\/\/www.diarioimagen.net\/wp-content\/uploads\/2018\/04\/turismo-3356-220x123.jpg 220w, https:\/\/www.diarioimagen.net\/wp-content\/uploads\/2018\/04\/turismo-3356-237x132.jpg 237w, https:\/\/www.diarioimagen.net\/wp-content\/uploads\/2018\/04\/turismo-3356.jpg 480w\" sizes=\"auto, (max-width: 460px) 100vw, 460px\" \/><\/a><p id=\"caption-attachment-374109\" class=\"wp-caption-text\">Elena Achar, Enrique de la Madrid y Rafael Garc\u00eda.<\/p><\/div>\n<p>&nbsp;<\/p>\n<p>Uno de los programas exitosos creado en 2016 \u201cCon\u00e9ctate al Turismo\u201d, otro de los temas que el secretario de Turismo, <strong>Enrique de la Madrid<\/strong>, trat\u00f3 durante el Tianguis Tur\u00edstico Mazatl\u00e1n 2018 y uno de los que deber\u00eda tener continuidad en el siguiente sexenio.<\/p>\n<p>En informaci\u00f3n emitida ayer por la dependencia se asegura que \u201cde noviembre del 2016 a la fecha, \u201cCon\u00e9ctate al Turismo\u201d benefici\u00f3 2 mil 608 empresas proveedoras regionales dentro de \u00a0la actividad tur\u00edstica del pa\u00eds y 2 mil 122 empresas mexicanas se han sumado a la plataforma con el prop\u00f3sito de capitalizar las oportunidades de negocios de los 3 mil 500 requerimientos de bienes y servicios que ofertan prestadores de servicios en los diferentes destinos.<\/p>\n<p>El comunicado precisa que hasta marzo de 2018, con ese programa se han realizado 13 ruedas y encuentros de negocios, en los que han participado m\u00e1s de mil 800 empresas y se han generado 8 mil citas de negocios, con una expectativa de compra a mediano y largo plazo de mil millones de pesos.<\/p>\n<p>Asimismo,\u00a0 en conjunto con el Banco Nacional de Comercio Exterior (Bancomext), Nacional Financiera (Nafin), Fideicomisos Instituidos en Relaci\u00f3n con la Agricultura (FIRA) y con Financiera Nacional de Desarrollo Agropecuario, Rural, Forestal y Pesquero (FND) se crearon 21 esquemas de financiamiento que fortalecen las capacidades de las empresas participantes y de las posibles relaciones comerciales que puedan surgir entre ellas.<\/p>\n<p>Entre las acciones de este programa, la Sectur destaca la creaci\u00f3n de un Centro Log\u00edstico en Quintana Roo que permitir\u00e1 que empresas de todo el pa\u00eds tengan las instalaciones adecuadas para la distribuci\u00f3n de sus productos en los destinos de Canc\u00fan, Cozumel y la Riviera Maya.<\/p>\n<p>En materia de Recursos Humanos y con el fin de generar mayores beneficios del turismo para los mexicanos, la dependencia desarroll\u00f3 un m\u00f3dulo para que los directores de RH de hoteles y restaurantes den a conocer las vacantes y promuevan las oportunidades de empleo para los mexicanos de forma organizada y consolidada.<\/p>\n<p>Los directores de recursos humanos cuentan con informaci\u00f3n de la Cruzada Nacional por la Capacitaci\u00f3n y esquemas de certificaci\u00f3n para sus colaboradores a trav\u00e9s de los centros CONOCER.<\/p>\n<p>La Secretar\u00eda de Turismo destac\u00f3 que gracias al trabajo conjunto con la Secretaria del Trabajo y Previsi\u00f3n Social (STPS), se realiz\u00f3 la primera \u201cFeria del Empleo Con\u00e9ctate al Turismo\u201d, en Puerto Vallarta, en la que participaron 30 gerentes de RH de hoteles y restaurantes de este destino, quienes ofertaron mil 200 vacantes de puestos de trabajo.<\/p>\n<p>Por \u00faltimo, este programa ha firmado 14 convenios de colaboraci\u00f3n, entre los destacan organismos como \u00a0la Confederaci\u00f3n de C\u00e1maras Industriales de los Estados Unidos Mexicanos (Concamin), la Asociaci\u00f3n Nacional de Cadenas de Cadenas de Hoteles (ANCH), la Confederaci\u00f3n de C\u00e1maras Nacionales de Comercio, Servicios y Turismo (Concanaco-Servytur), el Consejo Nacional Agropecuario (CNA) y la C\u00e1mara Nacional de la Industria de Restaurantes y Alimentos Condimentados (Canirac),\u00a0la C\u00e1mara Nacional de la Industria de la Construcci\u00f3n (CMIC), por mencionar algunas.<\/p>\n<p>\u2730\u2730\u2730\u2730\u2730 <strong>Luis Genaro Ruiz Hern\u00e1ndez<\/strong>, secretario de Turismo, Econom\u00eda y Sustentabilidad (Setues) de Baja California Sur y <strong>Armando L\u00f3pez C\u00e1rdenas<\/strong>, titular de Turismo de la capital del pa\u00eds firmaron convenio de colaboraci\u00f3n entre ambas entidades con el objetivo de ratificar y consolidar esta importante industria.<\/p>\n<p>Con el convenio de colaboraci\u00f3n se busca fomentar el intercambio comercial y de experiencia en el servicio tur\u00edstico, complementar la promoci\u00f3n entre ambos destinos y capacitar al personal de primer contacto con el turista con las mejores pr\u00e1cticas de cada una de las partes.<\/p>\n<p>Asimismo, se realiz\u00f3 el hermanamiento con el estado vecino en el que estuvo presente el titular de la Secretar\u00eda de Turismo, <strong>\u00d3scar Escobedo Carignan<\/strong>, enmarcado en la campa\u00f1a \u201cBaja Marida en M\u00e9xico\u201d; estrategia culinaria de alianzas y maridajes entre ingredientes t\u00edpicos de cada localidad.<\/p>\n<p><strong>Genaro Ruiz<\/strong> precis\u00f3 que consiste en compartir aspectos culturales y gastron\u00f3micos, de los que ambos territorios son poseedores de una gran riqueza, lo cual juega un papel importante creando una renovada y fortalecida vocaci\u00f3n tur\u00edstica para la entidad.<\/p>\n<p>El titular de la Setues concluy\u00f3 al se\u00f1alar que se est\u00e1n implementando todos los esquemas necesarios brindar la oportunidad de alargar la estad\u00eda de los visitantes, por lo que confi\u00f3 que los v\u00ednculos con Baja California y Ciudad de M\u00e9xico, habr\u00e1n de rendir buenos resultados al combinar el turismo de cultura con el de playa.<\/p>\n<p>\u2730\u2730\u2730\u2730\u2730 Los hoteles del <strong>Grupo Brisas\u00a0<\/strong>han sido renovados para que los viajeros se encuentren con habitaciones remodeladas, modernos centros de negocios, e incluso Centros de Convenciones reci\u00e9n construidos.<\/p>\n<p>Los hoteles de la l\u00ednea Galer\u00eda Plaza se han especializado para los viajes de negocios, se encuentran en un momento de inteligente expansi\u00f3n.\u00a0<em>El inmueble en Irapuato<\/em>, ser\u00e1\u00a0 inaugurado muy pronto. \u00c9sta, es la tercera propiedad enfocada al turismo de negocios, con una inversi\u00f3n de 17 millones de d\u00f3lares y su apertura ser\u00e1 en el \u00faltimo trimestre de este a\u00f1o. Contar\u00e1 con 139 habitaciones, suites, y <em>lofts <\/em>para estancias largas que cubrir\u00e1n las necesidades del mercado local. Contar\u00e1 con restaurante de especialidades asi\u00e1ticas, cafeter\u00eda, bar, <em>lounge,<\/em> sal\u00f3n para 600 personas, centro de negocios, <em>fitness center, <\/em>spa y \u00e1rea comercial.<\/p>\n<p>La expansi\u00f3n del consorcio hotelero est\u00e1 prevista para seguir ampli\u00e1ndose en los pr\u00f3ximos a\u00f1os y adem\u00e1s del hotel en Irapuato pr\u00f3ximamente habr\u00e1 tres nuevos hoteles en<em> San Jer\u00f3nimo\u00a0y\u00a0 Plaza Insurgentes,\u00a0<\/em>en la Ciudad de M\u00e9xico; adem\u00e1s de otro en<em> Monterrey,\u00a0<\/em>donde los viajeros principalmente de negocios, encontrar\u00e1n gran funcionalidad e inmejorable ubicaci\u00f3n.<\/p>\n<p><strong>Antonio Cos\u00edo Pando<\/strong>, director de\u00a0<strong>Grupo Brisas, asegur\u00f3<em>: <\/em><\/strong><em>\u201cseguimos reinvent\u00e1ndonos cada d\u00eda, porque sabemos que los viajeros de hoy son diferentes. M\u00e1s que una habitaci\u00f3n buscan experiencias, m\u00e1s all\u00e1 del buen servicio esperan sentirse especiales y adem\u00e1s esperan hospitalidad inolvidable\u201d.<\/em><\/p>\n<p>Como parte de las innovaciones realizadas en los \u00faltimos a\u00f1os, destaca el apoyo del grupo\u00a0a las actividades de conservaci\u00f3n del medio ambiente, ejemplo de ello es la renovaci\u00f3n de los acuerdos de\u00a0<strong>Las Brisas Huatulco\u00a0<\/strong>con <em>EarthCheck <\/em>para seguir contribuyendo con el desarrollo de soluciones sustentables.<\/p>\n<p><em><a href=\"mailto:victoriagprado@gmail.com\" target=\"_blank\" rel=\"noopener\">victoriagprado@gmail.com<\/a><\/em><br \/>\n<em> Twitter: <a href=\"https:\/\/twitter.com\/victoriagprado\" target=\"_blank\" rel=\"noopener\">@victoriagprado<\/a><\/em><\/p>\n","protected":false},"excerpt":{"rendered":"<p>Uno de los programas exitosos creado en 2016 \u201cCon\u00e9ctate al Turismo\u201d, otro de los temas que el secretario de Turismo, <strong>Enrique de la Madrid<\/strong>, trat\u00f3 durante el Tianguis Tur\u00edstico Mazatl\u00e1n 2018 y uno de los que deber\u00eda tener continuidad en el siguiente sexenio.<\/p>\n","protected":false},"author":3,"featured_media":374109,"comment_status":"open","ping_status":"open","sticky":false,"template":"","format":"standard","meta":{"_monsterinsights_skip_tracking":false,"_monsterinsights_sitenote_active":false,"_monsterinsights_sitenote_note":"","_monsterinsights_sitenote_category":0,"footnotes":""},"categories":[11],"tags":[107,43674,43681,106],"class_list":["post-374017","post","type-post","status-publish","format-standard","has-post-thumbnail","hentry","category-turismo","tag-de-cinco-estrellas","tag-opinion","tag-turismo","tag-victoria-gonzalez-prado"],"_links":{"self":[{"href":"https:\/\/www.diarioimagen.net\/index.php?rest_route=\/wp\/v2\/posts\/374017","targetHints":{"allow":["GET"]}}],"collection":[{"href":"https:\/\/www.diarioimagen.net\/index.php?rest_route=\/wp\/v2\/posts"}],"about":[{"href":"https:\/\/www.diarioimagen.net\/index.php?rest_route=\/wp\/v2\/types\/post"}],"author":[{"embeddable":true,"href":"https:\/\/www.diarioimagen.net\/index.php?rest_route=\/wp\/v2\/users\/3"}],"replies":[{"embeddable":true,"href":"https:\/\/www.diarioimagen.net\/index.php?rest_route=%2Fwp%2Fv2%2Fcomments&post=374017"}],"version-history":[{"count":0,"href":"https:\/\/www.diarioimagen.net\/index.php?rest_route=\/wp\/v2\/posts\/374017\/revisions"}],"wp:featuredmedia":[{"embeddable":true,"href":"https:\/\/www.diarioimagen.net\/index.php?rest_route=\/wp\/v2\/media\/374109"}],"wp:attachment":[{"href":"https:\/\/www.diarioimagen.net\/index.php?rest_route=%2Fwp%2Fv2%2Fmedia&parent=374017"}],"wp:term":[{"taxonomy":"category","embeddable":true,"href":"https:\/\/www.diarioimagen.net\/index.php?rest_route=%2Fwp%2Fv2%2Fcategories&post=374017"},{"taxonomy":"post_tag","embeddable":true,"href":"https:\/\/www.diarioimagen.net\/index.php?rest_route=%2Fwp%2Fv2%2Ftags&post=374017"}],"curies":[{"name":"wp","href":"https:\/\/api.w.org\/{rel}","templated":true}]}}