{"id":374021,"date":"2018-04-27T00:07:35","date_gmt":"2018-04-27T05:07:35","guid":{"rendered":"http:\/\/www.diarioimagen.net\/?p=374021"},"modified":"2018-04-27T07:18:53","modified_gmt":"2018-04-27T12:18:53","slug":"celebra-gustavo-parra-propuesta-de-meade-de-eliminar-fuero-constitucional","status":"publish","type":"post","link":"https:\/\/www.diarioimagen.net\/?p=374021","title":{"rendered":"Celebra Gustavo Parra propuesta de Meade de eliminar fuero constitucional"},"content":{"rendered":"<ul>\n<li><strong><em>Por ser primera promesa cumplida<\/em><\/strong><\/li>\n<\/ul>\n<p>&nbsp;<\/p>\n<div id=\"attachment_374116\" style=\"width: 470px\" class=\"wp-caption aligncenter\"><a href=\"http:\/\/www.diarioimagen.net\/?attachment_id=374116\" rel=\"attachment wp-att-374116\"><img loading=\"lazy\" decoding=\"async\" aria-describedby=\"caption-attachment-374116\" class=\"size-large wp-image-374116\" src=\"http:\/\/www.diarioimagen.net\/wp-content\/uploads\/2018\/04\/NAUCALPAN-3356-460x259.jpg\" alt=\"\" width=\"460\" height=\"259\" srcset=\"https:\/\/www.diarioimagen.net\/wp-content\/uploads\/2018\/04\/NAUCALPAN-3356-460x259.jpg 460w, https:\/\/www.diarioimagen.net\/wp-content\/uploads\/2018\/04\/NAUCALPAN-3356-240x135.jpg 240w, https:\/\/www.diarioimagen.net\/wp-content\/uploads\/2018\/04\/NAUCALPAN-3356-235x132.jpg 235w, https:\/\/www.diarioimagen.net\/wp-content\/uploads\/2018\/04\/NAUCALPAN-3356-202x114.jpg 202w, https:\/\/www.diarioimagen.net\/wp-content\/uploads\/2018\/04\/NAUCALPAN-3356-350x196.jpg 350w, https:\/\/www.diarioimagen.net\/wp-content\/uploads\/2018\/04\/NAUCALPAN-3356-220x123.jpg 220w, https:\/\/www.diarioimagen.net\/wp-content\/uploads\/2018\/04\/NAUCALPAN-3356-237x132.jpg 237w, https:\/\/www.diarioimagen.net\/wp-content\/uploads\/2018\/04\/NAUCALPAN-3356.jpg 480w\" sizes=\"auto, (max-width: 460px) 100vw, 460px\" \/><\/a><p id=\"caption-attachment-374116\" class=\"wp-caption-text\">Gustavo Parra, quien contin\u00faa realizando su campa\u00f1a pol\u00edtica de contacto directo con la ciudadan\u00eda, fue claro al se\u00f1alar que \u201cnadie, absolutamente nadie, debe de estar por encima de la ley.<\/p><\/div>\n<p>&nbsp;<\/p>\n<p><strong>Naucalpan, Estado de M\u00e9xico<\/strong>.- Luego de que la C\u00e1mara de Diputados aprob\u00f3 el \u00a0dictamen que reforma la Constituci\u00f3n Pol\u00edtica para eliminar la figura del fuero a todos los servidores p\u00fablicos, incluso al Presidente de la Rep\u00fablica, y lo turn\u00f3 al Senado de la Rep\u00fablica para su an\u00e1lisis y aprobaci\u00f3n. Gustavo Parra S\u00e1nchez, candidato a diputado federal por el distrito electoral 22 celebr\u00f3 que la propuesta del candidato presidencial Jos\u00e9 Antonio Meade, haya sido tomada en cuenta.<\/p>\n<p>En entrevista, Parra S\u00e1nchez record\u00f3 que en el mes de marzo al solicitar su registro como candidato presidencial ante el Instituto Nacional Electoral (INE), Jos\u00e9 Antonio Meade dijo que solicitar\u00eda a los partidos que lo respaldan (PRI, PVEM y PANAL) que presentaran una iniciativa de Ley, que eliminara el fuero de funcionarios de todos los niveles que ya fue dictaminada y aprobada en San L\u00e1zaro, lo cual \u201ces verdaderamente digno de aplaudir\u201d.<\/p>\n<p>Y es que, efectivamente el d\u00eda 18 de marzo el ahora candidato presidencial, puntualiz\u00f3 textualmente \u00a0que: \u201cle pedir\u00e9 a los legisladores de la coalici\u00f3n que integramos, que presenten una iniciativa que elimine el fuero en todos los niveles. Nadie con fuero, todos iguales ante la ley, y la ley por encima de todos\u201d.<\/p>\n<p>Gustavo Parra, quien contin\u00faa realizando su campa\u00f1a pol\u00edtica de contacto directo con la ciudadan\u00eda, fue claro al se\u00f1alar que \u201cnadie, absolutamente nadie, debe de estar por encima de la Ley. Celebro que se haya aprobado en la C\u00e1mara de Diputados Federal la propuesta de nuestro candidato presidencial Jos\u00e9 Antonio Meade. La Ley debe de ser pareja para todos\u201d, abund\u00f3.<\/p>\n<p>Al concluir su discusi\u00f3n, el presidente de la Mesa Directiva, Edgar Romo Garc\u00eda, inform\u00f3 que se hab\u00edan presentado reservas a los art\u00edculos 17 y 112 y se aprob\u00f3 el dictamen en lo general por 370 votos a favor, cero en contra y cero abstenciones, con lo que se logr\u00f3 la mayor\u00eda calificada que requiere esta modificaci\u00f3n por ser constitucional.<\/p>\n<p>Posteriormente, Romo Garc\u00eda inform\u00f3 que se hab\u00edan retirado esas reservas y en la segunda votaci\u00f3n se aval\u00f3 en lo particular por 349 votos a favor, uno en contra y cero abstenciones.<\/p>\n<p>Los legisladores que abordaron el tema desde la tribuna coincidieron en se\u00f1alar que se est\u00e1 haciendo historia con esta reforma, porque lo voz de los ciudadanos<\/p>\n","protected":false},"excerpt":{"rendered":"<p> Luego de que la C\u00e1mara de Diputados aprob\u00f3 el  dictamen que reforma la Constituci\u00f3n Pol\u00edtica para eliminar la figura del fuero a todos los servidores p\u00fablicos, incluso al Presidente de la Rep\u00fablica, y lo turn\u00f3 al Senado de la Rep\u00fablica para su an\u00e1lisis y aprobaci\u00f3n. Gustavo Parra S\u00e1nchez, candidato a diputado federal por el distrito electoral 22 celebr\u00f3 que la propuesta del candidato presidencial Jos\u00e9 Antonio Meade, haya sido tomada en cuenta.<\/p>\n","protected":false},"author":3,"featured_media":374116,"comment_status":"open","ping_status":"open","sticky":false,"template":"","format":"standard","meta":{"_monsterinsights_skip_tracking":false,"_monsterinsights_sitenote_active":false,"_monsterinsights_sitenote_note":"","_monsterinsights_sitenote_category":0,"footnotes":""},"categories":[35155],"tags":[43675,26429,970,29280],"class_list":["post-374021","post","type-post","status-publish","format-standard","has-post-thumbnail","hentry","category-estado-de-mexico-estado-de-mexico","tag-estado-de-mexico","tag-jose-antonio-meade-kuribrena","tag-naucalpan","tag-propuesta"],"_links":{"self":[{"href":"https:\/\/www.diarioimagen.net\/index.php?rest_route=\/wp\/v2\/posts\/374021","targetHints":{"allow":["GET"]}}],"collection":[{"href":"https:\/\/www.diarioimagen.net\/index.php?rest_route=\/wp\/v2\/posts"}],"about":[{"href":"https:\/\/www.diarioimagen.net\/index.php?rest_route=\/wp\/v2\/types\/post"}],"author":[{"embeddable":true,"href":"https:\/\/www.diarioimagen.net\/index.php?rest_route=\/wp\/v2\/users\/3"}],"replies":[{"embeddable":true,"href":"https:\/\/www.diarioimagen.net\/index.php?rest_route=%2Fwp%2Fv2%2Fcomments&post=374021"}],"version-history":[{"count":0,"href":"https:\/\/www.diarioimagen.net\/index.php?rest_route=\/wp\/v2\/posts\/374021\/revisions"}],"wp:featuredmedia":[{"embeddable":true,"href":"https:\/\/www.diarioimagen.net\/index.php?rest_route=\/wp\/v2\/media\/374116"}],"wp:attachment":[{"href":"https:\/\/www.diarioimagen.net\/index.php?rest_route=%2Fwp%2Fv2%2Fmedia&parent=374021"}],"wp:term":[{"taxonomy":"category","embeddable":true,"href":"https:\/\/www.diarioimagen.net\/index.php?rest_route=%2Fwp%2Fv2%2Fcategories&post=374021"},{"taxonomy":"post_tag","embeddable":true,"href":"https:\/\/www.diarioimagen.net\/index.php?rest_route=%2Fwp%2Fv2%2Ftags&post=374021"}],"curies":[{"name":"wp","href":"https:\/\/api.w.org\/{rel}","templated":true}]}}