{"id":374068,"date":"2018-04-27T00:11:29","date_gmt":"2018-04-27T05:11:29","guid":{"rendered":"http:\/\/www.diarioimagen.net\/?p=374068"},"modified":"2018-04-27T07:33:41","modified_gmt":"2018-04-27T12:33:41","slug":"piensen-bien-por-quien-votar-pueden-perder-su-empleo-patrones-a-trabajadores","status":"publish","type":"post","link":"https:\/\/www.diarioimagen.net\/?p=374068","title":{"rendered":"Piensen bien por quien votar\u2026 pueden perder su empleo: patrones a trabajadores"},"content":{"rendered":"<h2>Tras la puerta del poder<\/h2>\n<h5>Roberto Vizca\u00edno<\/h5>\n<p>&nbsp;<\/p>\n<div id=\"attachment_374141\" style=\"width: 470px\" class=\"wp-caption aligncenter\"><a href=\"http:\/\/www.diarioimagen.net\/?attachment_id=374141\" rel=\"attachment wp-att-374141\"><img loading=\"lazy\" decoding=\"async\" aria-describedby=\"caption-attachment-374141\" class=\"size-large wp-image-374141\" src=\"http:\/\/www.diarioimagen.net\/wp-content\/uploads\/2018\/04\/en-recuperacion-LUIS-XAVIER-3356-460x353.jpg\" alt=\"\" width=\"460\" height=\"353\" srcset=\"https:\/\/www.diarioimagen.net\/wp-content\/uploads\/2018\/04\/en-recuperacion-LUIS-XAVIER-3356-460x353.jpg 460w, https:\/\/www.diarioimagen.net\/wp-content\/uploads\/2018\/04\/en-recuperacion-LUIS-XAVIER-3356-240x184.jpg 240w, https:\/\/www.diarioimagen.net\/wp-content\/uploads\/2018\/04\/en-recuperacion-LUIS-XAVIER-3356-768x589.jpg 768w, https:\/\/www.diarioimagen.net\/wp-content\/uploads\/2018\/04\/en-recuperacion-LUIS-XAVIER-3356.jpg 1200w\" sizes=\"auto, (max-width: 460px) 100vw, 460px\" \/><\/a><p id=\"caption-attachment-374141\" class=\"wp-caption-text\">\u00bfEn recuperaci\u00f3n..? | Luis Xavier<\/p><\/div>\n<p>&nbsp;<\/p>\n<p><strong>Andr\u00e9s Manuel L\u00f3pez Obrador<\/strong> estaba exultante ayer.<\/p>\n<p>\u201cYa tenemos 25 puntos arriba\u2026 \u00a125 puntos!\u201d, grit\u00f3 el tabasque\u00f1o ante sus seguidores en sus actos de campa\u00f1a en el norte del pa\u00eds mientras con las puntas de sus dedos se\u00f1alaba al cielo.<\/p>\n<p>La obviedad indica que <strong>L\u00f3pez Obrador<\/strong> intenta as\u00ed consolidar la percepci\u00f3n de que, a dos meses de la elecci\u00f3n, tiene ya ganada la Presidencia de la Rep\u00fablica.<\/p>\n<p>Si fuesen ciertos, esos 25 puntos podr\u00edan significar unos 15 millones de votos de diferencia con su m\u00e1s cercano contendiente, lo cual no parece l\u00f3gico en un proceso electoral en el cual los sondeos m\u00e1s serios advierten ya una distancia de apenas 6 puntos entre \u00e9l y <strong>Ricardo Anaya<\/strong>, candidato de PAN, PRD y Movimiento Ciudadano.<\/p>\n<p>Eso podr\u00eda representar sin embargo 3 millones 600 mil intenciones de voto a favor del tabasque\u00f1o, lo cual no es poco, pero no son de ninguna manera 15 millones.<\/p>\n<p>Eso ocurr\u00eda ayer en las arenas de la campa\u00f1a presidencial, mientras que por las venas de cientos de empresas corr\u00edan (afirman) circulares internas en las que los patrones invitaban a sus empleados a pensar bien su voto para el pr\u00f3ximo 1 de julio.<\/p>\n<p>Es, indican, apenas el inicio de una fuerte campa\u00f1a de empresarios de todas las \u00e1reas de la producci\u00f3n que arreciar\u00e1 en los siguientes 60 d\u00edas para impedir que la euforia de <strong>Andr\u00e9s Manuel L\u00f3pez Obrador <\/strong>se convierta en realidad.<\/p>\n<p>El llamado m\u00e1s sobresaliente sin duda es el de <strong>Andr\u00e9s Conesa<\/strong>, director general de Grupo Aerom\u00e9xico, quien e una carta a sus empleados, los exhorta a informarse a fondo sobre las diferentes propuestas de los 5 candidatos presidenciales antes de decidir su voto.<\/p>\n<p>En su carta nunca menciona al tabasque\u00f1o. Pero no hace falta. Fechada el jueves 19 de este abril, la carta invita a todos los empleados de Aerom\u00e9xico a no definir su voto \u201cenojados\u201d.<\/p>\n<p>Y agrega:<\/p>\n<p>\u201cEstoy convencido de que no hay f\u00f3rmulas m\u00e1gicas para resolver estos problemas que nos aquejan y que no debemos tomar decisiones tan importantes, como por qui\u00e9n votar, enojados&#8230; Debemos tomarlas con la cabeza fr\u00eda y de forma razonada\u201d.<\/p>\n<p>Por supuesto que tampoco hay recetas f\u00e1ciles. Ni ninguno de los contendientes podr\u00e1 llevarlos en autom\u00e1tico a elevar su bienestar ni el de sus familias por decreto.<\/p>\n<p>\u201cDebemos escuchar y reflexionar cada propuesta y elegir libremente la que uno considere como mejor opci\u00f3n para M\u00e9xico.<\/p>\n<p>\u201cNo podemos esperar que el cambio sea generado por unos pocos; somos, cada uno de nosotros, actores fundamentales para construir el futuro de M\u00e9xico\u201d, afirma.<\/p>\n<p>En este documento se hace un recuento de los avances alcanzados por el pa\u00eds durante los pasados 25 a\u00f1os que ha derivado en un M\u00e9xico pujante y moderno, m\u00e1s educado, l\u00edder en muchas \u00e1reas productivas a escala mundial y con ejemplos de mexicanos que han trascendido en el deporte, las artes y en las ciencias.<\/p>\n<p>Y les recuerda que gracias a eso, hacia fines de 2016, Aerom\u00e9xico contaba con 14 mil 85 plazas de las cuales, 68.9% son sindicalizadas.<\/p>\n<p><strong>Conesa<\/strong> destaca que en los \u00faltimos 20 a\u00f1os, Aerom\u00e9xico dobl\u00f3 su tama\u00f1o con 50 destinos m\u00e1s, lo que ha permitido que 7 mil familias m\u00e1s dependan hoy de esta empresa.<\/p>\n<p>Por supuesto que el documento interno repudia la posibilidad de cancelar al nuevo aeropuerto de la Ciudad de M\u00e9xico.<\/p>\n<p>Insisto, no hace falta mencionar a L\u00f3pez Obrador.<\/p>\n<p>Este documento es apenas la punta del iceberg de repudio de los empresarios mexicanos a la posible llegada de <strong>AMLO<\/strong> a Palacio Nacional.<\/p>\n<p>Otros muchos empresarios han tomado el texto para correr sus propias peticiones a sus empleados con el agregado de que su voto puede derivar no s\u00f3lo en el cierre de sus empresas, sino en la p\u00e9rdida de todo lo que ellos han alcanzado en su vida laboral.<\/p>\n<p>A nivel de ejecutivos, los textos llevan un mensaje de voz en voz, en el que se afirma que Carlos Slim fue quien ech\u00f3 a andar esta campa\u00f1a bajo el principio de que \u201chay que pararlo ya o puede hundir a M\u00e9xico\u201d.<\/p>\n<p>Con esta campa\u00f1a no hace falta reciclar la de 2006 en que se afirmaba abiertamente que AMLO era un peligro para M\u00e9xico.<\/p>\n<p style=\"text-align: center;\"><strong>El PRI lo viraliza<\/strong><\/p>\n<p>En paralelo estos d\u00edas comenzaron a transmitirse spots del PRI en los que se advierte que el voto de los mexicanos el 1 de julio tiene s\u00f3lo 2 opciones: votar en favor del <strong>miedo<\/strong> o de <strong>Meade.<\/strong><\/p>\n<p>Ni qu\u00e9 decir que sufragar por el \u201cmiedo\u201d significa votar por AMLO.<\/p>\n<p>Para reforzar el mensaje, <strong>Jos\u00e9 Antonio Meade <\/strong>candidato del PRI, PVEM y Panal indic\u00f3 ayer que \u201ca mi juicio, s\u00ed hay que temerle a <strong>AMLO\u201d.<\/strong><\/p>\n<p>El ex secretario de Hacienda afirm\u00f3 que su se\u00f1alamiento se sustenta en que el tabasque\u00f1o reedita hoy sus actitudes y amenazas de las campa\u00f1as presidenciales de 2006 y 2012.<\/p>\n<p>Y defendi\u00f3 los spots del miedo al indicar que estos no representan de ninguna forma una guerra sucia sino a una verdad.<\/p>\n<p>\u201cA mi juicio, s\u00ed hay que temerle a AMLO\u2026<\/p>\n<p>\u201cHay que tenerle miedo tal como se exhibe en los nuevos spots porque hoy est\u00e1 peor que en las veces anteriores\u201d, afirm\u00f3.<\/p>\n<p>El engranaje empresarial coordinado con los spots de Meade est\u00e1 en movimiento y sus efectos se ver\u00e1n pronto.<\/p>\n<p>\u00bfLograr\u00e1n bajar a<strong> L\u00f3pez Obrador<\/strong> y relanzar a alguno de sus contendientes?&#8230; bueno hace 12 a\u00f1os la campa\u00f1a del miedo fue un \u00e9xito.<\/p>\n<p style=\"text-align: center;\"><strong>De nuevo, el m\u00e9todo fast-track<\/strong><\/p>\n<p>Las c\u00e1maras de diputados y senadores echaron a andar sus maquinarias y en ambas c\u00e1maras se aprobaron a \u00faltima hora iniciativas y nombramientos pendientes.<\/p>\n<p>En San L\u00e1zaro por 327 votos se derog\u00f3 la figura del arraigo del sistema judicial mientras que en el Senado, y bajo la tutela de <strong>Ernesto Cordero<\/strong>, presidente del Senado, se tom\u00f3 la protesta a 13 nuevos magistrados y magistrados supernumerarios de Sala Regional del Tribunal Federal de Justicia Administrativa, quienes llegan para un periodo de 10 a\u00f1os cada uno.<\/p>\n<p>Ellos son: Gerardo Brizuela Gayt\u00e1n, Eugenio Castellanos Malo, Luis Javier Guzm\u00e1n Ramos, Jos\u00e9 Guadalupe Medina Romero, Gustavo Naranjo Espinosa, Luis Rafael del Carmen Quero Mijangos, Sylvia Marcela Robles Romo, Alberto Rodr\u00edguez Garc\u00eda, Juan Manuel Angulo Jacovo y Axeel Miguel Arana Casta\u00f1os. Y como magistrados supernumerarios, M\u00f3nica Karime Bujaidar Paredes, Julio Alberto Casta\u00f1eda Pech y Ernesto Mart\u00ednez Franco.<\/p>\n<p style=\"text-align: center;\"><strong>Gobiernos de coalici\u00f3n<\/strong><\/p>\n<p>Quien anduvo ayer muy activo en la c\u00e1mara baja, fue el exjefe de Gobierno de la CDMX, Miguel \u00c1ngel Mancera quien entreg\u00f3 la propuesta de Gobiernos de Coalici\u00f3n a los coordinadores parlamentarios del PAN, PRD y MC, para su tr\u00e1mite legislativo.<\/p>\n<p>La iniciativa fue recibida por Marko Cort\u00e9s, Jes\u00fas Zambrano y Macedonio Tamez Guajardo.<\/p>\n<p>La propuesta busca reglamentar los art\u00edculos 76, fracci\u00f3n II, y 89, fracci\u00f3n XVII, en materia de gobierno de coalici\u00f3n, y est\u00e1 basada en iniciativas que han presentado senadores y diputados del PAN y del PRD, inform\u00f3 Mancera.<\/p>\n<p><em><a href=\"mailto:rvizcainoa@gmail.com\" target=\"_blank\" rel=\"noopener\">vizcainoa@gmail.com<\/a><\/em><br \/>\n<em><a href=\"http:\/\/www.endirecto.com.mx\/\" target=\"_blank\" rel=\"noopener\">www.endirecto.com.mx<\/a><\/em><br \/>\n<em><a href=\"https:\/\/twitter.com\/_rvizcaino\" target=\"_blank\" rel=\"noopener\">@_RVizcaino<\/a><\/em><br \/>\n<a href=\"https:\/\/www.facebook.com\/rvizcainoa\" target=\"_blank\" rel=\"noopener\">f<em>acebook.com\/rvizcainoa<\/em><\/a><\/p>\n","protected":false},"excerpt":{"rendered":"<p><span style=\"color: #005497;\"><strong>Roberto Vizca\u00edno<\/strong><\/span><br \/>\n<br \/>\n<strong>Andr\u00e9s Manuel L\u00f3pez Obrador<\/strong> estaba exultante ayer.<\/p>\n","protected":false},"author":3,"featured_media":374141,"comment_status":"open","ping_status":"open","sticky":false,"template":"","format":"standard","meta":{"_monsterinsights_skip_tracking":false,"_monsterinsights_sitenote_active":false,"_monsterinsights_sitenote_note":"","_monsterinsights_sitenote_category":0,"footnotes":""},"categories":[136],"tags":[43674,93,94],"class_list":["post-374068","post","type-post","status-publish","format-standard","has-post-thumbnail","hentry","category-roberto-vizcaino-opinion","tag-opinion","tag-roberto-vizcaino","tag-tras-la-puerta-del-poder"],"_links":{"self":[{"href":"https:\/\/www.diarioimagen.net\/index.php?rest_route=\/wp\/v2\/posts\/374068","targetHints":{"allow":["GET"]}}],"collection":[{"href":"https:\/\/www.diarioimagen.net\/index.php?rest_route=\/wp\/v2\/posts"}],"about":[{"href":"https:\/\/www.diarioimagen.net\/index.php?rest_route=\/wp\/v2\/types\/post"}],"author":[{"embeddable":true,"href":"https:\/\/www.diarioimagen.net\/index.php?rest_route=\/wp\/v2\/users\/3"}],"replies":[{"embeddable":true,"href":"https:\/\/www.diarioimagen.net\/index.php?rest_route=%2Fwp%2Fv2%2Fcomments&post=374068"}],"version-history":[{"count":0,"href":"https:\/\/www.diarioimagen.net\/index.php?rest_route=\/wp\/v2\/posts\/374068\/revisions"}],"wp:featuredmedia":[{"embeddable":true,"href":"https:\/\/www.diarioimagen.net\/index.php?rest_route=\/wp\/v2\/media\/374141"}],"wp:attachment":[{"href":"https:\/\/www.diarioimagen.net\/index.php?rest_route=%2Fwp%2Fv2%2Fmedia&parent=374068"}],"wp:term":[{"taxonomy":"category","embeddable":true,"href":"https:\/\/www.diarioimagen.net\/index.php?rest_route=%2Fwp%2Fv2%2Fcategories&post=374068"},{"taxonomy":"post_tag","embeddable":true,"href":"https:\/\/www.diarioimagen.net\/index.php?rest_route=%2Fwp%2Fv2%2Ftags&post=374068"}],"curies":[{"name":"wp","href":"https:\/\/api.w.org\/{rel}","templated":true}]}}