{"id":374145,"date":"2018-04-30T00:19:27","date_gmt":"2018-04-30T05:19:27","guid":{"rendered":"http:\/\/www.diarioimagen.net\/?p=374145"},"modified":"2018-04-30T00:24:42","modified_gmt":"2018-04-30T05:24:42","slug":"pide-anaya-voto-util-para-frenar-a-amlo","status":"publish","type":"post","link":"https:\/\/www.diarioimagen.net\/?p=374145","title":{"rendered":"Pide Anaya voto \u00fatil para frenar a AMLO"},"content":{"rendered":"<ul>\n<li><em><strong>\u201cYa regres\u00f3 el L\u00f3pez Obrador violento\u201d<\/strong><\/em><\/li>\n<li><em><strong>Su lenguaje agresivo contagia a sus simpatizantes, se\u00f1ala<\/strong><\/em><\/li>\n<\/ul>\n<p>&nbsp;<\/p>\n<div id=\"attachment_374146\" style=\"width: 470px\" class=\"wp-caption aligncenter\"><img loading=\"lazy\" decoding=\"async\" aria-describedby=\"caption-attachment-374146\" class=\"wp-image-374146 size-large\" src=\"http:\/\/www.diarioimagen.net\/wp-content\/uploads\/2018\/04\/ANAYA30ok-portal-460x268.jpg\" alt=\"\" width=\"460\" height=\"268\" srcset=\"https:\/\/www.diarioimagen.net\/wp-content\/uploads\/2018\/04\/ANAYA30ok-portal-460x268.jpg 460w, https:\/\/www.diarioimagen.net\/wp-content\/uploads\/2018\/04\/ANAYA30ok-portal-240x140.jpg 240w, https:\/\/www.diarioimagen.net\/wp-content\/uploads\/2018\/04\/ANAYA30ok-portal.jpg 480w\" sizes=\"auto, (max-width: 460px) 100vw, 460px\" \/><p id=\"caption-attachment-374146\" class=\"wp-caption-text\">Ricardo Anaya Cort\u00e9s llam\u00f3 a militantes de todos los partidos a emitir un voto \u00fatil para frenar a Andr\u00e9s Manuel L\u00f3pez Obrador.<\/p><\/div>\n<p>&nbsp;<\/p>\n<p>&nbsp;<\/p>\n<p>Ricardo Anaya Cort\u00e9s, candidato de la coalici\u00f3n Por M\u00e9xico al Frente, llam\u00f3 ayer domingo a militantes de todos los partidos a emitir un voto \u00fatil para frenar a Andr\u00e9s Manuel L\u00f3pez Obrador.<\/p>\n<p>En el arranque de las campa\u00f1as locales en Puebla, el panista asegur\u00f3, sin embargo, que ese voto \u00fatil no ser\u00e1 producto de acuerdos cupulares, sino una decisi\u00f3n del electorado.<\/p>\n<p>\u201cPor supuesto que va a haber voto \u00fatil, eso tiene muy nervioso a L\u00f3pez Obrador y ese va a ser uno de los factores que van a implicar nuestro triunfo el 1 de julio\u201d.<\/p>\n<p>El ex l\u00edder panista neg\u00f3, tambi\u00e9n, que vaya reunirse con el presidente Enrique Pe\u00f1a Nieto para pactar una estrategia com\u00fan contra el candidato de Morena.<\/p>\n<p>El aspirante asegur\u00f3 que su rival en la contienda es el tabasque\u00f1o, a quien acus\u00f3 de emplear un lenguaje violento que contagia a sus simpatizantes y est\u00e1 empezando a permear en la campa\u00f1a.<\/p>\n<p>Refiri\u00f3 que el L\u00f3pez Obrador violento que todos conoc\u00edan ya regres\u00f3, y est\u00e1 contagiando a sus seguidores, por lo que no es casualidad que cada vez se registren m\u00e1s expresiones de violencia en torno a su proyecto, y que eso no es lo que el pa\u00eds necesita.<\/p>\n<p>\u201cYo lo invito a que se tranquilice, a que se serene, a que sigamos adelante en este proceso. Y le digo que se prepare, porque le vamos a ganar la elecci\u00f3n\u201d, coment\u00f3 al pedirle tambi\u00e9n \u201cdigerir el golpe del debate\u201d.<\/p>\n<p>Por otra parte, Ricardo Anaya hizo un llamado a la gente buena que hay en los partidos a sumar fuerzas para ganar de manera contundente esta elecci\u00f3n.<\/p>\n<p>\u201cEste no es un asunto de acuerdos cupulares, es un asunto de sumar esfuerzos los ciudadanos, la gente que vota, porque aqu\u00ed nadie le va a decir a los ciudadanos por qui\u00e9n votar\u201d.<\/p>\n<p>En este sentido, reiter\u00f3, uniendo esfuerzos, se lograr\u00e1 el cambio profundo que M\u00e9xico necesita, para tener un gobierno honesto y de resultados en beneficio de la gente.<\/p>\n<p>Finalmente, asegur\u00f3 que Martha \u00c9rika ser\u00e1 la primera gobernadora en la historia de Puebla, con quien conjuntamente trabajar\u00e1 para que el dinero del pueblo se aplique con honestidad, que haya medicinas en todos los centros de salud, apoyo para el campo, mujeres, adultos mayores y la educaci\u00f3n.<\/p>\n<p>Anaya encabez\u00f3 en Tecamachalco, Puebla, el arranque de campa\u00f1a de la candidata a la gubernatura, Martha Erika Alonso, esposa del ex gobernador Rafael Moreno Valle.<\/p>\n<p>Cuestionado sobre la herencia familiar del poder en estos dos estados gobernados por el PAN, el candidato presidencial defendi\u00f3 a sus abanderados, asegurando que ambos tienen m\u00e9ritos propios para gobernar.<\/p>\n<p>\u201cMiguel ha sido tres veces alcalde, de resultados verdaderamente exitosos\u201d, dijo, \u201cy Martha Erika es la \u00fanica de los candidatos a la gubernatura que ha recorrido todos los municipios del estado, est\u00e1 preparada y tiene carrera propia\u201d.<\/p>\n","protected":false},"excerpt":{"rendered":"<p>Ricardo Anaya Cort\u00e9s, candidato de la coalici\u00f3n Por M\u00e9xico al Frente, llam\u00f3 ayer domingo a militantes de todos los partidos a emitir un voto \u00fatil para frenar a Andr\u00e9s Manuel L\u00f3pez Obrador.<\/p>\n","protected":false},"author":5,"featured_media":374146,"comment_status":"open","ping_status":"open","sticky":false,"template":"","format":"standard","meta":{"_monsterinsights_skip_tracking":false,"_monsterinsights_sitenote_active":false,"_monsterinsights_sitenote_note":"","_monsterinsights_sitenote_category":0,"footnotes":""},"categories":[3],"tags":[68825,7347,70589],"class_list":["post-374145","post","type-post","status-publish","format-standard","has-post-thumbnail","hentry","category-nacional","tag-por-mexico-al-frente","tag-ricardo-anaya-cortes","tag-violento"],"_links":{"self":[{"href":"https:\/\/www.diarioimagen.net\/index.php?rest_route=\/wp\/v2\/posts\/374145","targetHints":{"allow":["GET"]}}],"collection":[{"href":"https:\/\/www.diarioimagen.net\/index.php?rest_route=\/wp\/v2\/posts"}],"about":[{"href":"https:\/\/www.diarioimagen.net\/index.php?rest_route=\/wp\/v2\/types\/post"}],"author":[{"embeddable":true,"href":"https:\/\/www.diarioimagen.net\/index.php?rest_route=\/wp\/v2\/users\/5"}],"replies":[{"embeddable":true,"href":"https:\/\/www.diarioimagen.net\/index.php?rest_route=%2Fwp%2Fv2%2Fcomments&post=374145"}],"version-history":[{"count":0,"href":"https:\/\/www.diarioimagen.net\/index.php?rest_route=\/wp\/v2\/posts\/374145\/revisions"}],"wp:featuredmedia":[{"embeddable":true,"href":"https:\/\/www.diarioimagen.net\/index.php?rest_route=\/wp\/v2\/media\/374146"}],"wp:attachment":[{"href":"https:\/\/www.diarioimagen.net\/index.php?rest_route=%2Fwp%2Fv2%2Fmedia&parent=374145"}],"wp:term":[{"taxonomy":"category","embeddable":true,"href":"https:\/\/www.diarioimagen.net\/index.php?rest_route=%2Fwp%2Fv2%2Fcategories&post=374145"},{"taxonomy":"post_tag","embeddable":true,"href":"https:\/\/www.diarioimagen.net\/index.php?rest_route=%2Fwp%2Fv2%2Ftags&post=374145"}],"curies":[{"name":"wp","href":"https:\/\/api.w.org\/{rel}","templated":true}]}}