{"id":374154,"date":"2018-04-30T00:10:39","date_gmt":"2018-04-30T05:10:39","guid":{"rendered":"http:\/\/www.diarioimagen.net\/?p=374154"},"modified":"2018-04-30T00:21:46","modified_gmt":"2018-04-30T05:21:46","slug":"meade-promete-mayor-crecimiento-economico-para-chiapas","status":"publish","type":"post","link":"https:\/\/www.diarioimagen.net\/?p=374154","title":{"rendered":"Meade: M\u00e9xico y Chiapas se convertir\u00e1n en potencia"},"content":{"rendered":"<ul>\n<li><strong><em>Descarta que se vaya a bajar de la contienda<\/em><\/strong><\/li>\n<\/ul>\n<p>&nbsp;<\/p>\n<div id=\"attachment_374155\" style=\"width: 470px\" class=\"wp-caption aligncenter\"><img loading=\"lazy\" decoding=\"async\" aria-describedby=\"caption-attachment-374155\" class=\"wp-image-374155 size-large\" src=\"http:\/\/www.diarioimagen.net\/wp-content\/uploads\/2018\/04\/MEADE30-portal-460x268.jpg\" alt=\"\" width=\"460\" height=\"268\" srcset=\"https:\/\/www.diarioimagen.net\/wp-content\/uploads\/2018\/04\/MEADE30-portal-460x268.jpg 460w, https:\/\/www.diarioimagen.net\/wp-content\/uploads\/2018\/04\/MEADE30-portal-240x140.jpg 240w, https:\/\/www.diarioimagen.net\/wp-content\/uploads\/2018\/04\/MEADE30-portal.jpg 480w\" sizes=\"auto, (max-width: 460px) 100vw, 460px\" \/><p id=\"caption-attachment-374155\" class=\"wp-caption-text\">Jos\u00e9 Antonio Meade Kuribre\u00f1a se comprometi\u00f3 a recorrer la entidad para llevar las propuestas que tiene para el desarrollo del estado.<\/p><\/div>\n<p>&nbsp;<\/p>\n<p>El candidato presidencial de la coalici\u00f3n Todos por M\u00e9xico, Jos\u00e9 Antonio Meade, se comprometi\u00f3 a impulsar la transformaci\u00f3n en Chiapas y afirm\u00f3 que convertir\u00e1 a este estado del sureste mexicano en una entidad esencial para el desarrollo en el pa\u00eds, al tiempo que advirti\u00f3 que, ante los retos, \u00abno nos vamos a rajar\u00bb.<\/p>\n<p>Al realizar una gira en esa entidad, donde arranc\u00f3 campa\u00f1a a gobernador Roberto Albores Gleason, anunci\u00f3 que la entidad no s\u00f3lo ser\u00e1 una zona econ\u00f3mica especial, sino que tambi\u00e9n se convertir\u00e1 en un estado esencial y \u201cel coraz\u00f3n del turismo en M\u00e9xico\u201d.<\/p>\n<p>En Tapachula, el abanderado del PRI dijo que trabajar\u00e1n de manera conjunta porque \u201cqueremos ver a Chiapas de pie y siendo potencia\u201d.<\/p>\n<p>\u201cNo nos asustan los retos, no nos vamos a rajar; vamos a sudar la camiseta de aqu\u00ed al 1 de julio\u201d, dijo Meade quien comprometi\u00f3 todo su apoyo, afecto y entusiasmo para hacer equipo con Roberto Albores Gleason.<\/p>\n<p>Asegur\u00f3 que dar\u00e1n a Chiapas un mejor destino y, frente a los retos que enfrenta el estado, responden con claridad que \u201cs\u00ed se puede, nunca nos vamos a rajar\u201d.<\/p>\n<p>El candidato presidencial anunci\u00f3 diversos compromisos de su gobierno para transformar a Chiapas, por lo que su legado ser\u00e1n m\u00e1s y mejores carreteras, ferrocarriles, hospitales y escuelas.<\/p>\n<p>Coment\u00f3 que se rehabilitar\u00e1 y modernizar\u00e1 la carretera Arriaga-Tapachula para que est\u00e9n bien conectadas, promover\u00e1 un tren moderno en el sureste, de Chiapas al Mayab, adem\u00e1s de concluir la modernizaci\u00f3n de la carretera San Crist\u00f3bal-Comit\u00e1n.<\/p>\n<p>Inform\u00f3 que se dotar\u00e1 a Tapachula de servicios p\u00fablicos y carreteras, dar\u00e1 pleno acceso de agua a Comit\u00e1n e impulsar\u00e1 que Tuxtla Guti\u00e9rrez cuente con un buen sistema de drenaje. Tambi\u00e9n apunt\u00f3 que trabajar\u00e1 con todos los sectores en la entidad para erradicar la pobreza que se vive en el estado.<\/p>\n<p>El candidato del PRI neg\u00f3 que vaya a dejar la contienda. Andr\u00e9s Manuel dice que lo van a bajar, \u00bfse va a bajar?, se le pregunt\u00f3.<\/p>\n<p>\u201cNo, no, no\u201d, ataj\u00f3 Meade desde una camioneta blanca en la que se retir\u00f3 del encuentro masivo que encabez\u00f3 en Tapachula.<\/p>\n<p>\u201cAndr\u00e9s Manuel dice que va ganar y va a perder\u201d, lanz\u00f3 el abanderado presidencial.<\/p>\n<p>Por su parte, Albores Gleason destac\u00f3 que su gobierno trabajar\u00e1 de la mano con Jos\u00e9 Antonio Meade para beneficiar a los ni\u00f1os, j\u00f3venes, madres y adultos mayores de la entidad.<\/p>\n<p>\u201cPorqu\u00e9 s\u00e9 lo dif\u00edcil que es para ustedes tener los ingresos suficientes para hacer sus sue\u00f1os realidad, para los j\u00f3venes que se preparan y no tienen empleo y para las mujeres y los campesinos que est\u00e1n de sol a sol, por eso quiero ser gobernador para transformar Chiapas con Pepe Meade en la Presidencia\u201d, sostuvo el candidato al gobierno del estado.<\/p>\n","protected":false},"excerpt":{"rendered":"<p>El candidato presidencial de la coalici\u00f3n Todos por M\u00e9xico, Jos\u00e9 Antonio Meade, se comprometi\u00f3 a impulsar la transformaci\u00f3n en Chiapas y afirm\u00f3 que convertir\u00e1 a este estado del sureste mexicano en una entidad esencial para el desarrollo en el pa\u00eds, al tiempo que advirti\u00f3 que, ante los retos, \u00abno nos vamos a rajar\u00bb.<\/p>\n","protected":false},"author":5,"featured_media":374155,"comment_status":"open","ping_status":"open","sticky":false,"template":"","format":"standard","meta":{"_monsterinsights_skip_tracking":false,"_monsterinsights_sitenote_active":false,"_monsterinsights_sitenote_note":"","_monsterinsights_sitenote_category":0,"footnotes":""},"categories":[3],"tags":[2269,26429,43673,66475,73084,7347,73085,73083,72711],"class_list":["post-374154","post","type-post","status-publish","format-standard","has-post-thumbnail","hentry","category-nacional","tag-chiapas","tag-jose-antonio-meade-kuribrena","tag-nacional","tag-potencia","tag-promete-mayor-crecimiento","tag-ricardo-anaya-cortes","tag-roberto-albores","tag-roberto-albores-gleason","tag-voto-util"],"_links":{"self":[{"href":"https:\/\/www.diarioimagen.net\/index.php?rest_route=\/wp\/v2\/posts\/374154","targetHints":{"allow":["GET"]}}],"collection":[{"href":"https:\/\/www.diarioimagen.net\/index.php?rest_route=\/wp\/v2\/posts"}],"about":[{"href":"https:\/\/www.diarioimagen.net\/index.php?rest_route=\/wp\/v2\/types\/post"}],"author":[{"embeddable":true,"href":"https:\/\/www.diarioimagen.net\/index.php?rest_route=\/wp\/v2\/users\/5"}],"replies":[{"embeddable":true,"href":"https:\/\/www.diarioimagen.net\/index.php?rest_route=%2Fwp%2Fv2%2Fcomments&post=374154"}],"version-history":[{"count":0,"href":"https:\/\/www.diarioimagen.net\/index.php?rest_route=\/wp\/v2\/posts\/374154\/revisions"}],"wp:featuredmedia":[{"embeddable":true,"href":"https:\/\/www.diarioimagen.net\/index.php?rest_route=\/wp\/v2\/media\/374155"}],"wp:attachment":[{"href":"https:\/\/www.diarioimagen.net\/index.php?rest_route=%2Fwp%2Fv2%2Fmedia&parent=374154"}],"wp:term":[{"taxonomy":"category","embeddable":true,"href":"https:\/\/www.diarioimagen.net\/index.php?rest_route=%2Fwp%2Fv2%2Fcategories&post=374154"},{"taxonomy":"post_tag","embeddable":true,"href":"https:\/\/www.diarioimagen.net\/index.php?rest_route=%2Fwp%2Fv2%2Ftags&post=374154"}],"curies":[{"name":"wp","href":"https:\/\/api.w.org\/{rel}","templated":true}]}}