{"id":374192,"date":"2018-04-30T00:07:47","date_gmt":"2018-04-30T05:07:47","guid":{"rendered":"http:\/\/www.diarioimagen.net\/?p=374192"},"modified":"2018-05-01T23:24:05","modified_gmt":"2018-05-02T04:24:05","slug":"coordinacion-y-firmeza-para-tener-un-pais-en-paz","status":"publish","type":"post","link":"https:\/\/www.diarioimagen.net\/?p=374192","title":{"rendered":"Coordinaci\u00f3n y firmeza para tener un pa\u00eds en paz"},"content":{"rendered":"<ul>\n<li><em><strong>En las instituciones de seguridad p\u00fablica<\/strong><\/em><\/li>\n<li><em><strong>Primera reuni\u00f3n de titulares de SSP de la zona centro del pa\u00eds<\/strong><\/em><\/li>\n<\/ul>\n<p>&nbsp;<\/p>\n<div id=\"attachment_374321\" style=\"width: 470px\" class=\"wp-caption aligncenter\"><a href=\"http:\/\/www.diarioimagen.net\/?attachment_id=374321\" rel=\"attachment wp-att-374321\"><img loading=\"lazy\" decoding=\"async\" aria-describedby=\"caption-attachment-374321\" class=\"size-large wp-image-374321\" src=\"http:\/\/www.diarioimagen.net\/wp-content\/uploads\/2018\/04\/del-mazo-3357-460x259.jpg\" alt=\"\" width=\"460\" height=\"259\" srcset=\"https:\/\/www.diarioimagen.net\/wp-content\/uploads\/2018\/04\/del-mazo-3357-460x259.jpg 460w, https:\/\/www.diarioimagen.net\/wp-content\/uploads\/2018\/04\/del-mazo-3357-240x135.jpg 240w, https:\/\/www.diarioimagen.net\/wp-content\/uploads\/2018\/04\/del-mazo-3357-235x132.jpg 235w, https:\/\/www.diarioimagen.net\/wp-content\/uploads\/2018\/04\/del-mazo-3357-202x114.jpg 202w, https:\/\/www.diarioimagen.net\/wp-content\/uploads\/2018\/04\/del-mazo-3357-350x196.jpg 350w, https:\/\/www.diarioimagen.net\/wp-content\/uploads\/2018\/04\/del-mazo-3357-220x123.jpg 220w, https:\/\/www.diarioimagen.net\/wp-content\/uploads\/2018\/04\/del-mazo-3357-237x132.jpg 237w, https:\/\/www.diarioimagen.net\/wp-content\/uploads\/2018\/04\/del-mazo-3357.jpg 480w\" sizes=\"auto, (max-width: 460px) 100vw, 460px\" \/><\/a><p id=\"caption-attachment-374321\" class=\"wp-caption-text\">Alfredo Del Mazo reconoci\u00f3 el apoyo brindado por las instituciones federales para combatir la inseguridad y fortalecer la gobernabilidad en la entidad.<\/p><\/div>\n<p>&nbsp;<\/p>\n<p><strong>Ixtapan de la Sal, Estado de M\u00e9xico<\/strong>.- En la Primera Reuni\u00f3n de la Zona Centro de la Conferencia Nacional de Secretarios de Seguridad P\u00fablica, el gobernador Alfredo Del Mazo Maza afirm\u00f3 que con coordinaci\u00f3n, firmeza y determinaci\u00f3n, las instituciones de seguridad del pa\u00eds tienen como objetivo construir un M\u00e9xico donde prevalezca la paz y justicia.<\/p>\n<p>\u201cCon trabajo, firmeza y determinaci\u00f3n, alcanzaremos los resultados que exigen todos los mexicanos y dejaremos como legado un M\u00e9xico en paz, justo y seguro para todos\u201d.<\/p>\n<p>Acompa\u00f1ado por el comisionado Nacional de Seguridad, el titular del Ejecutivo estatal manifest\u00f3 que la sociedad mexicana exige tener instituciones s\u00f3lidas que garanticen la seguridad personal y patrimonial de las familias. En este sentido, indic\u00f3 que la Conferencia de Secretarios de Seguridad P\u00fablica tiene como objetivo\u00a0 enfrentar al crimen desde todos los frentes, con procesos integrales de transformaci\u00f3n y modernizaci\u00f3n del sistema de procuraci\u00f3n e impartici\u00f3n de justicia.<\/p>\n<p>\u201cLa Conferencia de Secretarios de Seguridad P\u00fablica ha resultado fundamental para enfrentar el crimen desde todos los frentes, las definiciones que aqu\u00ed se acuerdan son decisivas para darle un sentido estrat\u00e9gico a las pol\u00edticas que impulsa el Estado Mexicano, con el objetivo de fortalecer nuestras instituciones de seguridad y justicia. \u201cEs momento de darle a nuestros esfuerzos una dimensi\u00f3n integral y transversal que refleje la unidad de las acciones con las que recuperaremos la paz de nuestras colonias y ciudades\u201d, puntualiz\u00f3.<\/p>\n<p>Agreg\u00f3 que las entidades federativas deben combatir los temas de inseguridad en unidad y coordinaci\u00f3n con los diferentes \u00f3rdenes de gobierno, para cumplir con la obligaci\u00f3n constitucional de proteger a la poblaci\u00f3n. \u201cLas entidades federativas estamos obligadas a dar nuestro m\u00e1ximo esfuerzo, combatiendo al crimen con firmeza y sin titubeos\u201d, apunt\u00f3.<\/p>\n<p>El mandatario estatal dijo que en el Estado de M\u00e9xico, son las secretar\u00edas de Seguridad y de Justicia y Derechos Humanos, las encargadas de velar por la seguridad, la paz y el respeto de los derechos humanos de los mexiquenses.<\/p>\n<p>El gobernador mexiquense reconoci\u00f3 el apoyo brindado por las instituciones de seguridad federales, como la Polic\u00eda Federal, el Ej\u00e9rcito y la Marina, para combatir la inseguridad y fortalecer la gobernabilidad en la entidad.<\/p>\n<p>Por su parte, el Comisionado Nacional de Seguridad destac\u00f3 que la seguridad es la primera forma de la libertad para ejercer nuestros derechos, y es responsabilidad de los tres niveles de gobierno, los cuales dijo, tienen que trabajar de manera estrecha y coordinada para dar tranquilidad.<\/p>\n<p>A trav\u00e9s de estas reuniones se discuten y dise\u00f1an estrategias integrales y regionales en materia de seguridad.<\/p>\n<p>En la reuni\u00f3n de la Zona Centro participan los estados de M\u00e9xico, Guerrero, Tlaxcala, Morelos, Hidalgo y Ciudad de M\u00e9xico,\u00a0 regi\u00f3n en la que habitan m\u00e1s de 40 millones de mexicanos, lo que representa el 34 por ciento de la poblaci\u00f3n del pa\u00eds.<\/p>\n<p>En esta zona geogr\u00e1fica tambi\u00e9n se concentran el 32 por ciento de los hogares, el 39 por ciento del parque vehicular y 1.8 millones de empresas.<\/p>\n","protected":false},"excerpt":{"rendered":"<p>En la Primera Reuni\u00f3n de la Zona Centro de la Conferencia Nacional de Secretarios de Seguridad P\u00fablica, el gobernador Alfredo Del Mazo Maza afirm\u00f3 que con coordinaci\u00f3n, firmeza y determinaci\u00f3n, las instituciones de seguridad del pa\u00eds tienen como objetivo construir un M\u00e9xico donde prevalezca la paz y justicia.<\/p>\n","protected":false},"author":3,"featured_media":374321,"comment_status":"open","ping_status":"open","sticky":false,"template":"","format":"standard","meta":{"_monsterinsights_skip_tracking":false,"_monsterinsights_sitenote_active":false,"_monsterinsights_sitenote_note":"","_monsterinsights_sitenote_category":0,"footnotes":""},"categories":[35155],"tags":[2505,43675,73111,250,4470],"class_list":["post-374192","post","type-post","status-publish","format-standard","has-post-thumbnail","hentry","category-estado-de-mexico-estado-de-mexico","tag-alfredo-del-mazo-maza","tag-estado-de-mexico","tag-firmeza","tag-ixtapan-de-la-sal","tag-paz"],"_links":{"self":[{"href":"https:\/\/www.diarioimagen.net\/index.php?rest_route=\/wp\/v2\/posts\/374192","targetHints":{"allow":["GET"]}}],"collection":[{"href":"https:\/\/www.diarioimagen.net\/index.php?rest_route=\/wp\/v2\/posts"}],"about":[{"href":"https:\/\/www.diarioimagen.net\/index.php?rest_route=\/wp\/v2\/types\/post"}],"author":[{"embeddable":true,"href":"https:\/\/www.diarioimagen.net\/index.php?rest_route=\/wp\/v2\/users\/3"}],"replies":[{"embeddable":true,"href":"https:\/\/www.diarioimagen.net\/index.php?rest_route=%2Fwp%2Fv2%2Fcomments&post=374192"}],"version-history":[{"count":0,"href":"https:\/\/www.diarioimagen.net\/index.php?rest_route=\/wp\/v2\/posts\/374192\/revisions"}],"wp:featuredmedia":[{"embeddable":true,"href":"https:\/\/www.diarioimagen.net\/index.php?rest_route=\/wp\/v2\/media\/374321"}],"wp:attachment":[{"href":"https:\/\/www.diarioimagen.net\/index.php?rest_route=%2Fwp%2Fv2%2Fmedia&parent=374192"}],"wp:term":[{"taxonomy":"category","embeddable":true,"href":"https:\/\/www.diarioimagen.net\/index.php?rest_route=%2Fwp%2Fv2%2Fcategories&post=374192"},{"taxonomy":"post_tag","embeddable":true,"href":"https:\/\/www.diarioimagen.net\/index.php?rest_route=%2Fwp%2Fv2%2Ftags&post=374192"}],"curies":[{"name":"wp","href":"https:\/\/api.w.org\/{rel}","templated":true}]}}