{"id":374198,"date":"2018-04-30T00:10:26","date_gmt":"2018-04-30T05:10:26","guid":{"rendered":"http:\/\/www.diarioimagen.net\/?p=374198"},"modified":"2018-05-01T23:24:20","modified_gmt":"2018-05-02T04:24:20","slug":"asume-metepec-presidencia-de-la-fenamm","status":"publish","type":"post","link":"https:\/\/www.diarioimagen.net\/?p=374198","title":{"rendered":"Asume Metepec presidencia de la FENAMM"},"content":{"rendered":"<ul>\n<li><strong><em>El alcalde David L\u00f3pez C\u00e1rdena rinde protesta como presidente adjunto del Consejo Directivo<\/em><\/strong><\/li>\n<\/ul>\n<h6>Jos\u00e9 Luis Monta\u00f1ez<\/h6>\n<p>&nbsp;<\/p>\n<div id=\"attachment_374304\" style=\"width: 470px\" class=\"wp-caption aligncenter\"><a href=\"http:\/\/www.diarioimagen.net\/?attachment_id=374304\" rel=\"attachment wp-att-374304\"><img loading=\"lazy\" decoding=\"async\" aria-describedby=\"caption-attachment-374304\" class=\"size-large wp-image-374304\" src=\"http:\/\/www.diarioimagen.net\/wp-content\/uploads\/2018\/04\/lopez-3357-1-460x259.jpg\" alt=\"\" width=\"460\" height=\"259\" srcset=\"https:\/\/www.diarioimagen.net\/wp-content\/uploads\/2018\/04\/lopez-3357-1-460x259.jpg 460w, https:\/\/www.diarioimagen.net\/wp-content\/uploads\/2018\/04\/lopez-3357-1-240x135.jpg 240w, https:\/\/www.diarioimagen.net\/wp-content\/uploads\/2018\/04\/lopez-3357-1-235x132.jpg 235w, https:\/\/www.diarioimagen.net\/wp-content\/uploads\/2018\/04\/lopez-3357-1-202x114.jpg 202w, https:\/\/www.diarioimagen.net\/wp-content\/uploads\/2018\/04\/lopez-3357-1-350x196.jpg 350w, https:\/\/www.diarioimagen.net\/wp-content\/uploads\/2018\/04\/lopez-3357-1-220x123.jpg 220w, https:\/\/www.diarioimagen.net\/wp-content\/uploads\/2018\/04\/lopez-3357-1-237x132.jpg 237w, https:\/\/www.diarioimagen.net\/wp-content\/uploads\/2018\/04\/lopez-3357-1.jpg 480w\" sizes=\"auto, (max-width: 460px) 100vw, 460px\" \/><\/a><p id=\"caption-attachment-374304\" class=\"wp-caption-text\">En el acto rindi\u00f3 protesta el alcalde de M\u00e9tepec, David L\u00f3pez C\u00e1rdenas, como presidente adjunto del Consejo Directivo de la FENAMM.<\/p><\/div>\n<p>&nbsp;<\/p>\n<div id=\"attachment_374306\" style=\"width: 292px\" class=\"wp-caption alignleft\"><a href=\"http:\/\/www.diarioimagen.net\/?attachment_id=374306\" rel=\"attachment wp-att-374306\"><img loading=\"lazy\" decoding=\"async\" aria-describedby=\"caption-attachment-374306\" class=\" wp-image-374306\" src=\"http:\/\/www.diarioimagen.net\/wp-content\/uploads\/2018\/04\/lopez-3357-2-339x460.jpg\" alt=\"\" width=\"282\" height=\"383\" srcset=\"https:\/\/www.diarioimagen.net\/wp-content\/uploads\/2018\/04\/lopez-3357-2-339x460.jpg 339w, https:\/\/www.diarioimagen.net\/wp-content\/uploads\/2018\/04\/lopez-3357-2-177x240.jpg 177w, https:\/\/www.diarioimagen.net\/wp-content\/uploads\/2018\/04\/lopez-3357-2.jpg 516w\" sizes=\"auto, (max-width: 282px) 100vw, 282px\" \/><\/a><p id=\"caption-attachment-374306\" class=\"wp-caption-text\">El alcalde David L\u00f3pez C\u00e1rdenas destac\u00f3 que el seminario aport\u00f3 elementos esenciales para impulsar la agenda municipalista en Seguridad P\u00fablica para el pa\u00eds.<\/p><\/div>\n<p><strong>Ciudad de M\u00e9xico<\/strong>.-\u00a0 El alcalde del municipio mexiquense de Metepec, David L\u00f3pez C\u00e1rdenas, rindi\u00f3 protesta como presidente adjunto del Consejo Directivo de la Federaci\u00f3n Nacional de Municipios de M\u00e9xico (FENAMM) en el marco del Seminario Nacional de Seguridad P\u00fablica Municipal.<\/p>\n<p>Durante el acto, encabezado por el secretario de Gobernaci\u00f3n, Alfonso Navarrete Prida, el edil metepequense destac\u00f3 que el Seminario aport\u00f3 elementos esenciales para impulsar la agenda municipalista en Seguridad P\u00fablica para el pa\u00eds, documento que dijo, integra las principales iniciativas y la ruta que busca mejorar la gesti\u00f3n de los gobiernos municipales en materia de seguridad.<\/p>\n<p>L\u00f3pez C\u00e1rdenas dio cuenta de los principales acuerdos derivados de la reuni\u00f3n en la que se dieron cita especialistas en materia de seguridad, alcaldes y responsables de las corporaciones policiacas de ayuntamientos del pa\u00eds.<\/p>\n<p>Entre \u00e9stos, destac\u00f3 12 puntos que refieren: los desaf\u00edos que viven los municpios en materia de seguridad que derivan de un modelo de federalismo que requiere su renovaci\u00f3n; el compromiso de los municipios a impulsar agendas locales y asumir responsabilidad mayor en la prevenci\u00f3n y combate a la delincuencia; focalizar los problemas de inseguridad y atenderlos con soluciones estrat\u00e9gicas locales; revisar y decidir la arquitectura de competencias entre los tres \u00f3rdenes de gobierno con un acuerdo del m\u00e1s alto nivel pol\u00edtico y legislativo; soluci\u00f3n definitiva de la seguridad en el \u00e1mbito local a trav\u00e9s de una redifinici\u00f3n integral del marco constitucional, hacendario, competencial e institucional, y el reconocimiento de que la seguridad es un fen\u00f3meno complejo y multidiomensional que implica la funcionalidad de todo el espacio p\u00fablico urbano.<\/p>\n<div id=\"attachment_374307\" style=\"width: 470px\" class=\"wp-caption aligncenter\"><a href=\"http:\/\/www.diarioimagen.net\/?attachment_id=374307\" rel=\"attachment wp-att-374307\"><img loading=\"lazy\" decoding=\"async\" aria-describedby=\"caption-attachment-374307\" class=\"size-large wp-image-374307\" src=\"http:\/\/www.diarioimagen.net\/wp-content\/uploads\/2018\/04\/lopez-3357-3-460x259.jpg\" alt=\"\" width=\"460\" height=\"259\" srcset=\"https:\/\/www.diarioimagen.net\/wp-content\/uploads\/2018\/04\/lopez-3357-3-460x259.jpg 460w, https:\/\/www.diarioimagen.net\/wp-content\/uploads\/2018\/04\/lopez-3357-3-240x135.jpg 240w, https:\/\/www.diarioimagen.net\/wp-content\/uploads\/2018\/04\/lopez-3357-3-235x132.jpg 235w, https:\/\/www.diarioimagen.net\/wp-content\/uploads\/2018\/04\/lopez-3357-3-202x114.jpg 202w, https:\/\/www.diarioimagen.net\/wp-content\/uploads\/2018\/04\/lopez-3357-3-350x196.jpg 350w, https:\/\/www.diarioimagen.net\/wp-content\/uploads\/2018\/04\/lopez-3357-3-220x123.jpg 220w, https:\/\/www.diarioimagen.net\/wp-content\/uploads\/2018\/04\/lopez-3357-3-237x132.jpg 237w, https:\/\/www.diarioimagen.net\/wp-content\/uploads\/2018\/04\/lopez-3357-3.jpg 480w\" sizes=\"auto, (max-width: 460px) 100vw, 460px\" \/><\/a><p id=\"caption-attachment-374307\" class=\"wp-caption-text\">En la reuni\u00f3n, David L\u00f3pez C\u00e1rdenas destac\u00f3 que el Seminario aport\u00f3 elementos esenciales para impulsar la agenda municipalista en Seguridad P\u00fablica.<\/p><\/div>\n<p>De igual forma, se\u00f1al\u00f3 que los acuerdos revelaron que la falta de eficacia de los cuerpos de seguridad p\u00fablica en los municp\u00edos es la grave carencia de recursos para desarrollar estrategias exitosas; promover una pol\u00edtica de profesionalizaci\u00f3n de los cuerpos de seguridad basado en la certificaci\u00f3n de las competencias laborales; construcci\u00f3n de un nuevo modelo de polic\u00eda civil, local y de proximidad; uso de inteligencia municipal y los enfoques multiactor coordinados; promover la justicia c\u00edvica y la funci\u00f3n de jueces y finalmente, apunt\u00f3 el alcalde, hacer una convocatoria para responder a las problem\u00e1ticas de especial atenci\u00f3n, tales como la seguridad de las personas y los lamentables atentados que han sufrido autoridades municipales o alcaldes.<\/p>\n<div id=\"attachment_374308\" style=\"width: 470px\" class=\"wp-caption aligncenter\"><a href=\"http:\/\/www.diarioimagen.net\/?attachment_id=374308\" rel=\"attachment wp-att-374308\"><img loading=\"lazy\" decoding=\"async\" aria-describedby=\"caption-attachment-374308\" class=\"size-large wp-image-374308\" src=\"http:\/\/www.diarioimagen.net\/wp-content\/uploads\/2018\/04\/lopez-3357-4-460x259.jpg\" alt=\"\" width=\"460\" height=\"259\" srcset=\"https:\/\/www.diarioimagen.net\/wp-content\/uploads\/2018\/04\/lopez-3357-4-460x259.jpg 460w, https:\/\/www.diarioimagen.net\/wp-content\/uploads\/2018\/04\/lopez-3357-4-240x135.jpg 240w, https:\/\/www.diarioimagen.net\/wp-content\/uploads\/2018\/04\/lopez-3357-4-235x132.jpg 235w, https:\/\/www.diarioimagen.net\/wp-content\/uploads\/2018\/04\/lopez-3357-4-202x114.jpg 202w, https:\/\/www.diarioimagen.net\/wp-content\/uploads\/2018\/04\/lopez-3357-4-350x196.jpg 350w, https:\/\/www.diarioimagen.net\/wp-content\/uploads\/2018\/04\/lopez-3357-4-220x123.jpg 220w, https:\/\/www.diarioimagen.net\/wp-content\/uploads\/2018\/04\/lopez-3357-4-237x132.jpg 237w, https:\/\/www.diarioimagen.net\/wp-content\/uploads\/2018\/04\/lopez-3357-4.jpg 480w\" sizes=\"auto, (max-width: 460px) 100vw, 460px\" \/><\/a><p id=\"caption-attachment-374308\" class=\"wp-caption-text\">El magno evento fue presidido por el secretario de Gobernaci\u00f3n, Alfonso Navarrete Prida.<\/p><\/div>\n<p>\u201cEn virtud de lo anterior, los municipios participantes del Seminario, ratificamos nuestra decidida disposici\u00f3n y nuestro compromiso para impulsar una estrategia com\u00fan en Seguridad P\u00fablica con el prop\u00f3sito de poner. En el acto rindi\u00f3 protesta el alcalde de Guanajuato, Edgar Castro Cerrillo como presidente de la FENAMM, durante el evento al que asistieron el Comisionado Nacional de Seguridad, Renato Sales Heredia y el secretario T\u00e9cnico de de la Conferencia Nacional de Gobernadores (Conago), Rolando Garc\u00eda Mart\u00ednez.<\/p>\n<div id=\"attachment_374309\" style=\"width: 470px\" class=\"wp-caption aligncenter\"><a href=\"http:\/\/www.diarioimagen.net\/?attachment_id=374309\" rel=\"attachment wp-att-374309\"><img loading=\"lazy\" decoding=\"async\" aria-describedby=\"caption-attachment-374309\" class=\"size-large wp-image-374309\" src=\"http:\/\/www.diarioimagen.net\/wp-content\/uploads\/2018\/04\/lopez-3357-5-460x259.jpg\" alt=\"\" width=\"460\" height=\"259\" srcset=\"https:\/\/www.diarioimagen.net\/wp-content\/uploads\/2018\/04\/lopez-3357-5-460x259.jpg 460w, https:\/\/www.diarioimagen.net\/wp-content\/uploads\/2018\/04\/lopez-3357-5-240x135.jpg 240w, https:\/\/www.diarioimagen.net\/wp-content\/uploads\/2018\/04\/lopez-3357-5-235x132.jpg 235w, https:\/\/www.diarioimagen.net\/wp-content\/uploads\/2018\/04\/lopez-3357-5-202x114.jpg 202w, https:\/\/www.diarioimagen.net\/wp-content\/uploads\/2018\/04\/lopez-3357-5-350x196.jpg 350w, https:\/\/www.diarioimagen.net\/wp-content\/uploads\/2018\/04\/lopez-3357-5-220x123.jpg 220w, https:\/\/www.diarioimagen.net\/wp-content\/uploads\/2018\/04\/lopez-3357-5-237x132.jpg 237w, https:\/\/www.diarioimagen.net\/wp-content\/uploads\/2018\/04\/lopez-3357-5.jpg 480w\" sizes=\"auto, (max-width: 460px) 100vw, 460px\" \/><\/a><p id=\"caption-attachment-374309\" class=\"wp-caption-text\">Al evento de la FENAMM asistieron el comisionado Nacional de Seguridad, Renato Sales Heredia y el secretario T\u00e9cnico de la Conago, Rolando Garc\u00eda Mart\u00ednez.<\/p><\/div>\n","protected":false},"excerpt":{"rendered":"<p><span style=\"color: #005497;\">Jos\u00e9 Luis Monta\u00f1ez Aguilar<\/span><br \/>\n<br \/>\nEl alcalde del municipio mexiquense de Metepec, David L\u00f3pez C\u00e1rdenas, rindi\u00f3 protesta como presidente adjunto del Consejo Directivo de la Federaci\u00f3n Nacional de Municipios de M\u00e9xico (FENAMM) en el marco del Seminario Nacional de Seguridad P\u00fablica Municipal.<\/p>\n","protected":false},"author":3,"featured_media":374304,"comment_status":"open","ping_status":"open","sticky":false,"template":"","format":"standard","meta":{"_monsterinsights_skip_tracking":false,"_monsterinsights_sitenote_active":false,"_monsterinsights_sitenote_note":"","_monsterinsights_sitenote_category":0,"footnotes":""},"categories":[5],"tags":[204,73112,14250,5829,876],"class_list":["post-374198","post","type-post","status-publish","format-standard","has-post-thumbnail","hentry","category-estado-de-mexico","tag-ciudad-de-mexico","tag-consejo-directivo-de-la-federacion-nacional-de-municipios-de-mexico","tag-david-lopez-cardenas","tag-fenamm","tag-metepec"],"_links":{"self":[{"href":"https:\/\/www.diarioimagen.net\/index.php?rest_route=\/wp\/v2\/posts\/374198","targetHints":{"allow":["GET"]}}],"collection":[{"href":"https:\/\/www.diarioimagen.net\/index.php?rest_route=\/wp\/v2\/posts"}],"about":[{"href":"https:\/\/www.diarioimagen.net\/index.php?rest_route=\/wp\/v2\/types\/post"}],"author":[{"embeddable":true,"href":"https:\/\/www.diarioimagen.net\/index.php?rest_route=\/wp\/v2\/users\/3"}],"replies":[{"embeddable":true,"href":"https:\/\/www.diarioimagen.net\/index.php?rest_route=%2Fwp%2Fv2%2Fcomments&post=374198"}],"version-history":[{"count":0,"href":"https:\/\/www.diarioimagen.net\/index.php?rest_route=\/wp\/v2\/posts\/374198\/revisions"}],"wp:featuredmedia":[{"embeddable":true,"href":"https:\/\/www.diarioimagen.net\/index.php?rest_route=\/wp\/v2\/media\/374304"}],"wp:attachment":[{"href":"https:\/\/www.diarioimagen.net\/index.php?rest_route=%2Fwp%2Fv2%2Fmedia&parent=374198"}],"wp:term":[{"taxonomy":"category","embeddable":true,"href":"https:\/\/www.diarioimagen.net\/index.php?rest_route=%2Fwp%2Fv2%2Fcategories&post=374198"},{"taxonomy":"post_tag","embeddable":true,"href":"https:\/\/www.diarioimagen.net\/index.php?rest_route=%2Fwp%2Fv2%2Ftags&post=374198"}],"curies":[{"name":"wp","href":"https:\/\/api.w.org\/{rel}","templated":true}]}}