{"id":374209,"date":"2018-04-30T00:10:47","date_gmt":"2018-04-30T05:10:47","guid":{"rendered":"http:\/\/www.diarioimagen.net\/?p=374209"},"modified":"2018-04-30T07:26:21","modified_gmt":"2018-04-30T12:26:21","slug":"sheinbaum-ofrece-mas-apoyo-a-damnificados","status":"publish","type":"post","link":"https:\/\/www.diarioimagen.net\/?p=374209","title":{"rendered":"Sheinbaum ofrece m\u00e1s apoyo a damnificados"},"content":{"rendered":"<ul>\n<li><em><strong>Programa de reconstrucci\u00f3n<\/strong><\/em><\/li>\n<li><em><strong>Rechaza que la ciudadan\u00eda se endeude para recuperar bienes<\/strong><\/em><\/li>\n<\/ul>\n<p>&nbsp;<\/p>\n<div id=\"attachment_374360\" style=\"width: 470px\" class=\"wp-caption aligncenter\"><a href=\"http:\/\/www.diarioimagen.net\/?attachment_id=374360\" rel=\"attachment wp-att-374360\"><img loading=\"lazy\" decoding=\"async\" aria-describedby=\"caption-attachment-374360\" class=\"size-large wp-image-374360\" src=\"http:\/\/www.diarioimagen.net\/wp-content\/uploads\/2018\/04\/SHEINBAUM-3357-460x259.jpg\" alt=\"\" width=\"460\" height=\"259\" srcset=\"https:\/\/www.diarioimagen.net\/wp-content\/uploads\/2018\/04\/SHEINBAUM-3357-460x259.jpg 460w, https:\/\/www.diarioimagen.net\/wp-content\/uploads\/2018\/04\/SHEINBAUM-3357-240x135.jpg 240w, https:\/\/www.diarioimagen.net\/wp-content\/uploads\/2018\/04\/SHEINBAUM-3357-235x132.jpg 235w, https:\/\/www.diarioimagen.net\/wp-content\/uploads\/2018\/04\/SHEINBAUM-3357-202x114.jpg 202w, https:\/\/www.diarioimagen.net\/wp-content\/uploads\/2018\/04\/SHEINBAUM-3357-350x196.jpg 350w, https:\/\/www.diarioimagen.net\/wp-content\/uploads\/2018\/04\/SHEINBAUM-3357-220x123.jpg 220w, https:\/\/www.diarioimagen.net\/wp-content\/uploads\/2018\/04\/SHEINBAUM-3357-237x132.jpg 237w, https:\/\/www.diarioimagen.net\/wp-content\/uploads\/2018\/04\/SHEINBAUM-3357.jpg 480w\" sizes=\"auto, (max-width: 460px) 100vw, 460px\" \/><\/a><p id=\"caption-attachment-374360\" class=\"wp-caption-text\">Claudia Sheinbaum Pardo dijo que promover\u00e1 apoyos directos y con costo al erario para que la gente tenga acceso a una vivienda digna.<\/p><\/div>\n<p>&nbsp;<\/p>\n<p>La aspirante al gobierno capitalino por la coalici\u00f3n Juntos Haremos Historia, Claudia Sheinbaum Pardo, se comprometi\u00f3 a atender de manera inmediata a los damnificados de Iztapalapa, que fueron afectados por el sismo del 19 de septiembre del a\u00f1o pasado.<\/p>\n<p>Ante manifestantes que acudieron al inicio de campa\u00f1a de la candidata de esta misma coalici\u00f3n a la alcald\u00eda de Iztapalapa, Clara Brugada Molina, la abanderada de los partidos Morena, del Trabajo y Encuentro Social dijo que implementar\u00e1 un programa de reconstrucci\u00f3n de la Ciudad de M\u00e9xico.<\/p>\n<p>En compa\u00f1\u00eda de Clara Brugada y los candidatos a diputados locales y federales, Sheinbaum Pardo dijo que promover\u00e1 apoyos directos y con costo al erario para que la gente tenga acceso a una vivienda digna, pues no est\u00e1 de acuerdo en que la ciudadan\u00eda se endeude para recuperar sus bienes.<\/p>\n<p>Con responsabilidad, enfatiz\u00f3, tambi\u00e9n se atender\u00e1 a la gente que vive en zonas de grietas o fracturas, para que cuenten con una alternativa que no ponga en riesgo su vida.Sheinbaum expuso que su propuesta de paz y tranquilidad pondr\u00e1 atenci\u00f3n especial en Iztapalapa, donde hay mucha delincuencia y pocas oportunidades para sus habitantes.<\/p>\n<p>Asimismo, destac\u00f3 que implementar\u00e1 un nuevo sistema de transporte p\u00fablico para mejorar la movilidad, con un cablebus de la Sierra de Santa Catarina a la estaci\u00f3n del Metro Constituci\u00f3n 1917, lo que beneficiar\u00eda a m\u00e1s de 100 mil habitantes.<\/p>\n<p>Agreg\u00f3 que se construir\u00e1 una preparatoria y una universidad para ofrecer nuevas oportunidades a los j\u00f3venes, quienes s\u00f3lo tienen la puerta abierta a las bandas de delincuentes y a las adicciones.<\/p>\n<p>La candidata rechaz\u00f3 que los j\u00f3venes no tengan capacidad y reprueben los ex\u00e1menes de admisi\u00f3n, y por ello se abrir\u00e1n 62 ciberescuelas para quienes deseen concluir sus estudios de primaria, secundaria e incluso la preparatoria, y otros centros para quienes quieran capacitarse en diversos oficios, adem\u00e1s de impulsar diversas actividades culturales.<\/p>\n","protected":false},"excerpt":{"rendered":"<p>La aspirante al gobierno capitalino por la coalici\u00f3n Juntos Haremos Historia, Claudia Sheinbaum Pardo, se comprometi\u00f3 a atender de manera inmediata a los damnificados de Iztapalapa, que fueron afectados por el sismo del 19 de septiembre del a\u00f1o pasado.<\/p>\n","protected":false},"author":3,"featured_media":374360,"comment_status":"open","ping_status":"open","sticky":false,"template":"","format":"standard","meta":{"_monsterinsights_skip_tracking":false,"_monsterinsights_sitenote_active":false,"_monsterinsights_sitenote_note":"","_monsterinsights_sitenote_category":0,"footnotes":""},"categories":[6],"tags":[2701,204,72207,1966],"class_list":["post-374209","post","type-post","status-publish","format-standard","has-post-thumbnail","hentry","category-cd-de-mexico","tag-apoyo","tag-ciudad-de-mexico","tag-claudia-sheinbaum-pardo","tag-damnificados"],"_links":{"self":[{"href":"https:\/\/www.diarioimagen.net\/index.php?rest_route=\/wp\/v2\/posts\/374209","targetHints":{"allow":["GET"]}}],"collection":[{"href":"https:\/\/www.diarioimagen.net\/index.php?rest_route=\/wp\/v2\/posts"}],"about":[{"href":"https:\/\/www.diarioimagen.net\/index.php?rest_route=\/wp\/v2\/types\/post"}],"author":[{"embeddable":true,"href":"https:\/\/www.diarioimagen.net\/index.php?rest_route=\/wp\/v2\/users\/3"}],"replies":[{"embeddable":true,"href":"https:\/\/www.diarioimagen.net\/index.php?rest_route=%2Fwp%2Fv2%2Fcomments&post=374209"}],"version-history":[{"count":0,"href":"https:\/\/www.diarioimagen.net\/index.php?rest_route=\/wp\/v2\/posts\/374209\/revisions"}],"wp:featuredmedia":[{"embeddable":true,"href":"https:\/\/www.diarioimagen.net\/index.php?rest_route=\/wp\/v2\/media\/374360"}],"wp:attachment":[{"href":"https:\/\/www.diarioimagen.net\/index.php?rest_route=%2Fwp%2Fv2%2Fmedia&parent=374209"}],"wp:term":[{"taxonomy":"category","embeddable":true,"href":"https:\/\/www.diarioimagen.net\/index.php?rest_route=%2Fwp%2Fv2%2Fcategories&post=374209"},{"taxonomy":"post_tag","embeddable":true,"href":"https:\/\/www.diarioimagen.net\/index.php?rest_route=%2Fwp%2Fv2%2Ftags&post=374209"}],"curies":[{"name":"wp","href":"https:\/\/api.w.org\/{rel}","templated":true}]}}