{"id":374213,"date":"2018-04-30T00:08:15","date_gmt":"2018-04-30T05:08:15","guid":{"rendered":"http:\/\/www.diarioimagen.net\/?p=374213"},"modified":"2018-05-01T23:24:12","modified_gmt":"2018-05-02T04:24:12","slug":"pide-arriola-se-garantice-equidad-en-contienda","status":"publish","type":"post","link":"https:\/\/www.diarioimagen.net\/?p=374213","title":{"rendered":"Pide Arriola se garantice equidad en contienda"},"content":{"rendered":"<ul>\n<li><strong><em>Compra de voto<\/em><\/strong><\/li>\n<\/ul>\n<p>&nbsp;<\/p>\n<div id=\"attachment_374311\" style=\"width: 470px\" class=\"wp-caption aligncenter\"><a href=\"http:\/\/www.diarioimagen.net\/?attachment_id=374311\" rel=\"attachment wp-att-374311\"><img loading=\"lazy\" decoding=\"async\" aria-describedby=\"caption-attachment-374311\" class=\"wp-image-374311 size-large\" src=\"http:\/\/www.diarioimagen.net\/wp-content\/uploads\/2018\/04\/mikel-arriola-3357-460x259.jpg\" alt=\"\" width=\"460\" height=\"259\" srcset=\"https:\/\/www.diarioimagen.net\/wp-content\/uploads\/2018\/04\/mikel-arriola-3357-460x259.jpg 460w, https:\/\/www.diarioimagen.net\/wp-content\/uploads\/2018\/04\/mikel-arriola-3357-240x135.jpg 240w, https:\/\/www.diarioimagen.net\/wp-content\/uploads\/2018\/04\/mikel-arriola-3357-235x132.jpg 235w, https:\/\/www.diarioimagen.net\/wp-content\/uploads\/2018\/04\/mikel-arriola-3357-202x114.jpg 202w, https:\/\/www.diarioimagen.net\/wp-content\/uploads\/2018\/04\/mikel-arriola-3357-350x196.jpg 350w, https:\/\/www.diarioimagen.net\/wp-content\/uploads\/2018\/04\/mikel-arriola-3357-220x123.jpg 220w, https:\/\/www.diarioimagen.net\/wp-content\/uploads\/2018\/04\/mikel-arriola-3357-237x132.jpg 237w, https:\/\/www.diarioimagen.net\/wp-content\/uploads\/2018\/04\/mikel-arriola-3357.jpg 480w\" sizes=\"auto, (max-width: 460px) 100vw, 460px\" \/><\/a><p id=\"caption-attachment-374311\" class=\"wp-caption-text\">El candidato del PRI a la Jefatura de Gobierno de la Ciudad de M\u00e9xico tambi\u00e9n encabez\u00f3 la marcha por la Vida y la familia, junto con organizaciones antiabortistas, entre las que se encuentra el grupo Pro-Vida, el Frente Nacional por la Familia, entre otros; quienes se manifestaron en el 11 aniversario de la aprobaci\u00f3n de la interrupci\u00f3n legal del embarazo en la Ciudad de M\u00e9xico.<\/p><\/div>\n<p>&nbsp;<\/p>\n<p>El candidato del PRI a la jefatura de Gobierno, Mikel Arriola, apel\u00f3 al Instituto Electoral capitalino para que atienda el mandato que tiene de garantizar la equidad, ante el presunto uso indebido de recursos para la coacci\u00f3n y compra del voto en la ciudad.<\/p>\n<p>Entrevistado tras encabezar el arranque de campa\u00f1a del aspirante priista a la alcald\u00eda de Coyoac\u00e1n, Oliverio Orozco, Arriola resalt\u00f3 que gobiernos de Morena y del PRD en la ciudad aparentemente utilizan fondos opacos para llevar tabletas a los j\u00f3venes, as\u00ed como tinacos, cheques o tarjetas, en medio de un proceso electoral.<\/p>\n<p>\u201cContra eso estamos remando y contra eso estamos avanzando, pero gran parte de esta campa\u00f1a es que saquemos ya esas pr\u00e1cticas de los gobiernos\u201d, indic\u00f3 y se\u00f1al\u00f3 que quienes utilizan esos recursos para comprar el voto son desde\u00f1ables y est\u00e1n sumidos en un profundo caos.<\/p>\n<p>Afirm\u00f3 que el PRI tiene los mejores candidatos y critic\u00f3 el reciclaje de aspirantes a puestos de elecci\u00f3n popular que tienen otras fuerzas pol\u00edticas de izquierda, pues se da tanto de grupos pol\u00edticos como familiares.<\/p>\n<p>\u201cLa ciudad hay que administrarla, hay que gobernarla, y no es nada contra ning\u00fan gremio, pero si seguimos plantando personajes para que ganen por popularidad y no por capacidad administrativa nos estamos equivocado\u201d, asegur\u00f3. En el acto destac\u00f3 el perfil de Oliverio Orozco, quien tiene estudios en administraci\u00f3n p\u00fablica y es oriundo de Coyoac\u00e1n, mientras PRD present\u00f3 como candidato al ex futbolista Manuel Negrete y Morena a la actriz Mar\u00eda Rojo. Subray\u00f3 que en Coyoac\u00e1n es muy grande el desequilibrio en seguridad p\u00fablica, sobre todo en el tema del narcotr\u00e1fico, adem\u00e1s del abasto de agua en la zona de los pedregales y en los culhuacanes, la infraestructura b\u00e1sica, baches e iluminaci\u00f3n son cosas que tiene que resolver un administrador, y \u201cvemos muy poca seriedad de los partidos Morena y PRD\u201d.<\/p>\n<p>Finalmente, pidi\u00f3 a la candidata del Frente, Alejandra Barrales, que presente su declaraci\u00f3n patrimonial 3de3, as\u00ed como los contratos de fideicomisos con los cuales se ha hecho de departamentos.<\/p>\n","protected":false},"excerpt":{"rendered":"<p>El candidato del PRI a la jefatura de Gobierno, Mikel Arriola, apel\u00f3 al Instituto Electoral capitalino para que atienda el mandato que tiene de garantizar la equidad, ante el presunto uso indebido de recursos para la coacci\u00f3n y compra del voto en la ciudad.<\/p>\n","protected":false},"author":3,"featured_media":374311,"comment_status":"open","ping_status":"open","sticky":false,"template":"","format":"standard","meta":{"_monsterinsights_skip_tracking":false,"_monsterinsights_sitenote_active":false,"_monsterinsights_sitenote_note":"","_monsterinsights_sitenote_category":0,"footnotes":""},"categories":[6],"tags":[65718,73114,51147],"class_list":["post-374213","post","type-post","status-publish","format-standard","has-post-thumbnail","hentry","category-cd-de-mexico","tag-ciuda-de-mexico","tag-compra-de-voto","tag-mikel-arriola-penalosa"],"_links":{"self":[{"href":"https:\/\/www.diarioimagen.net\/index.php?rest_route=\/wp\/v2\/posts\/374213","targetHints":{"allow":["GET"]}}],"collection":[{"href":"https:\/\/www.diarioimagen.net\/index.php?rest_route=\/wp\/v2\/posts"}],"about":[{"href":"https:\/\/www.diarioimagen.net\/index.php?rest_route=\/wp\/v2\/types\/post"}],"author":[{"embeddable":true,"href":"https:\/\/www.diarioimagen.net\/index.php?rest_route=\/wp\/v2\/users\/3"}],"replies":[{"embeddable":true,"href":"https:\/\/www.diarioimagen.net\/index.php?rest_route=%2Fwp%2Fv2%2Fcomments&post=374213"}],"version-history":[{"count":0,"href":"https:\/\/www.diarioimagen.net\/index.php?rest_route=\/wp\/v2\/posts\/374213\/revisions"}],"wp:featuredmedia":[{"embeddable":true,"href":"https:\/\/www.diarioimagen.net\/index.php?rest_route=\/wp\/v2\/media\/374311"}],"wp:attachment":[{"href":"https:\/\/www.diarioimagen.net\/index.php?rest_route=%2Fwp%2Fv2%2Fmedia&parent=374213"}],"wp:term":[{"taxonomy":"category","embeddable":true,"href":"https:\/\/www.diarioimagen.net\/index.php?rest_route=%2Fwp%2Fv2%2Fcategories&post=374213"},{"taxonomy":"post_tag","embeddable":true,"href":"https:\/\/www.diarioimagen.net\/index.php?rest_route=%2Fwp%2Fv2%2Ftags&post=374213"}],"curies":[{"name":"wp","href":"https:\/\/api.w.org\/{rel}","templated":true}]}}